{"id":162002,"date":"2014-02-05T00:03:20","date_gmt":"2014-02-05T06:03:20","guid":{"rendered":"http:\/\/www.diarioimagen.net\/?p=162002"},"modified":"2014-02-06T00:41:00","modified_gmt":"2014-02-06T06:41:00","slug":"97-anos-de-la-constitucion","status":"publish","type":"post","link":"https:\/\/www.diarioimagen.net\/?p=162002","title":{"rendered":"97 a\u00f1os de la Constituci\u00f3n"},"content":{"rendered":"<h2>Detr\u00e1s del Poder<\/h2>\n<h5>Jos\u00e9 Antonio L\u00f3pez Sosa<\/h5>\n<p><span><br \/>\nHoy se conmemoran y celebran 97 a\u00f1os de la Constituci\u00f3n Pol\u00edtica de los Estados Unidos Mexicanos, producto de las gestas revolucionarias y con el antecedente de las constituciones de 1824 y 1857, el Constituyente de Quer\u00e9taro la promulg\u00f3 y desde entonces rige la relaci\u00f3n pol\u00edtica entre los estados de la Uni\u00f3n y por supuesto, los ciudadanos que habitamos este pa\u00eds.<\/span><\/p>\n<p>Fue concebida como autorrenovable, se le pueden quitar y poner cosas bajo cierta normatividad que tambi\u00e9n ha ido cambiando al paso de los a\u00f1os. Durante m\u00e1s de 70 a\u00f1os sirvi\u00f3 para poner en paz a una naci\u00f3n sumida en una lucha hist\u00f3rica y para darle al PRM-PRM-PRI el control absoluto de los distintos poderes de la Uni\u00f3n.<\/p>\n<p>Nuestra Constituci\u00f3n ha tenido la audacia de cambiar de color, ideolog\u00eda, forma y hasta contexto. De nacionalizar el petr\u00f3leo y la electricidad a privatizarlo, de proteger al m\u00e1ximo al trabajador, a fungir como garante de los intereses del empresariado.<\/p>\n<p>La pregunta es, \u00bftenemos la Constituci\u00f3n que necesitamos los mexicanos?, quienes ostentan el poder dir\u00e1n que s\u00ed (aunque no la respeten en ocasiones), el hecho real es que a 97 a\u00f1os de su promulgaci\u00f3n los problemas en M\u00e9xico siguen siendo casi los mismos, con variables y escenarios distintos: pobreza, desigualdad, corrupci\u00f3n, falta de democracia, abusos, falta de oportunidades, la crisis que no cesa.<\/p>\n<p>Tal vez algunos problemas no tengan las dimensiones que ten\u00edan en 1917, pero hay otros nuevos que se gestaron a partir del supuesto orden constitucional que deb\u00eda existir, tales como el narcotr\u00e1fico, la inseguridad provocada por el crimen organizado o el tema de los migrantes.<\/p>\n<p>A 97 a\u00f1os de la Constituci\u00f3n Pol\u00edtica de los Estados Unidos Mexicanos seguimos siendo un pa\u00eds de promesas, una naci\u00f3n donde los pol\u00edticos en turno tienen todas las respuestas y todos los aciertos aunque pasen los a\u00f1os y las cosas sigan igual.<\/p>\n<p>A casi un siglo de la promulgaci\u00f3n la sociedad sigue en gran medida sometida a las voluntades de una clase pol\u00edtica (en aquel entonces militar tambi\u00e9n), sean estas para beneficio o perjuicio de todos. 97 a\u00f1os parecieran un suspiro, hemos avanzado y retrocedido, evidentemente no es el mismo M\u00e9xico de antes pero -insisto- la pobreza, la desigualdad y el descontento social han sido constantes durante estos a\u00f1os de orden constitucional. El cometido no se ha cumplido a casi un siglo.<\/p>\n<p align=\"center\"><b>\u00a0UNA D\u00c9CADA<\/b><\/p>\n<p>Hace diez a\u00f1os con exactitud, se public\u00f3 en el \u201cDiario DF\u201d la primera columna \u201cDetr\u00e1s del Poder\u201d. Despu\u00e9s de una d\u00e9cada, diversos espacios, escenarios y experiencias no tengo m\u00e1s que agradecer a las diferentes casas editoriales que han albergado esta columna, y sobre todo, a quienes me han hecho el favor con su lectura frecuente. Esperamos estar muchos a\u00f1os m\u00e1s para ser testigos del acontecer y seguir gozando de la complicidad de los lectores al hacer suyo este espacio. \u00a1Muchas gracias!<\/p>\n<p><em><a href=\"mailto:lopez.sosa@mexico.com\" target=\"_blank\">lopez.sosa@mexico.com<\/a><\/em><br \/>\n<em><a href=\"http:\/\/twitter.com\/#%21\/joseantonio1977\" target=\"_blank\">@joseantonio1977<br \/>\n<\/a><a href=\"http:\/\/www.formulaconfidencial.com.mx\/\" target=\"_blank\">www.formulaconfidencial.com.mx<\/a><\/em><\/p>\n","protected":false},"excerpt":{"rendered":"<p><span style=\"color: #005497;\"><strong>Jos\u00e9 Antonio L\u00f3pez Sosa<\/strong><\/span><\/p>\n","protected":false},"author":3,"featured_media":0,"comment_status":"open","ping_status":"open","sticky":false,"template":"","format":"standard","meta":{"_monsterinsights_skip_tracking":false,"_monsterinsights_sitenote_active":false,"_monsterinsights_sitenote_note":"","_monsterinsights_sitenote_category":0,"footnotes":""},"categories":[637],"tags":[21999,30216,638,43690,43674],"class_list":["post-162002","post","type-post","status-publish","format-standard","hentry","category-jose-antonio-lopez-sosa","tag-aniversario","tag-constitucion-politica-de-los-estados-unidos-mexicanos","tag-detras-del-poder","tag-jose-antonio-lopez-sosa","tag-opinion"],"_links":{"self":[{"href":"https:\/\/www.diarioimagen.net\/index.php?rest_route=\/wp\/v2\/posts\/162002","targetHints":{"allow":["GET"]}}],"collection":[{"href":"https:\/\/www.diarioimagen.net\/index.php?rest_route=\/wp\/v2\/posts"}],"about":[{"href":"https:\/\/www.diarioimagen.net\/index.php?rest_route=\/wp\/v2\/types\/post"}],"author":[{"embeddable":true,"href":"https:\/\/www.diarioimagen.net\/index.php?rest_route=\/wp\/v2\/users\/3"}],"replies":[{"embeddable":true,"href":"https:\/\/www.diarioimagen.net\/index.php?rest_route=%2Fwp%2Fv2%2Fcomments&post=162002"}],"version-history":[{"count":0,"href":"https:\/\/www.diarioimagen.net\/index.php?rest_route=\/wp\/v2\/posts\/162002\/revisions"}],"wp:attachment":[{"href":"https:\/\/www.diarioimagen.net\/index.php?rest_route=%2Fwp%2Fv2%2Fmedia&parent=162002"}],"wp:term":[{"taxonomy":"category","embeddable":true,"href":"https:\/\/www.diarioimagen.net\/index.php?rest_route=%2Fwp%2Fv2%2Fcategories&post=162002"},{"taxonomy":"post_tag","embeddable":true,"href":"https:\/\/www.diarioimagen.net\/index.php?rest_route=%2Fwp%2Fv2%2Ftags&post=162002"}],"curies":[{"name":"wp","href":"https:\/\/api.w.org\/{rel}","templated":true}]}}