{"id":162051,"date":"2014-02-05T00:07:51","date_gmt":"2014-02-05T06:07:51","guid":{"rendered":"http:\/\/www.diarioimagen.net\/?p=162051"},"modified":"2014-02-05T03:48:33","modified_gmt":"2014-02-05T09:48:33","slug":"gdf-entrega-cartillas-de-atencion-integral-a-ninos","status":"publish","type":"post","link":"https:\/\/www.diarioimagen.net\/?p=162051","title":{"rendered":"GDF entrega cartillas de atenci\u00f3n integral a ni\u00f1os"},"content":{"rendered":"<p><a href=\"http:\/\/www.diarioimagen.net\/wp-content\/uploads\/2014\/02\/CARTILLA-2286.jpg\"><img loading=\"lazy\" decoding=\"async\" class=\"aligncenter size-large wp-image-162079\" alt=\"CARTILLA-2286\" src=\"http:\/\/www.diarioimagen.net\/wp-content\/uploads\/2014\/02\/CARTILLA-2286-420x277.jpg\" width=\"420\" height=\"277\" srcset=\"https:\/\/www.diarioimagen.net\/wp-content\/uploads\/2014\/02\/CARTILLA-2286-420x277.jpg 420w, https:\/\/www.diarioimagen.net\/wp-content\/uploads\/2014\/02\/CARTILLA-2286-240x158.jpg 240w, https:\/\/www.diarioimagen.net\/wp-content\/uploads\/2014\/02\/CARTILLA-2286.jpg 700w\" sizes=\"auto, (max-width: 420px) 100vw, 420px\" \/><\/a><\/p>\n<p>Por lo menos 2 mil 600 ni\u00f1os de la ciudad de M\u00e9xico ya cuentan con la cartilla de servicios del programa \u201cde 0 a 6 a\u00f1os\u201d, que les ofrece atenci\u00f3n integral para su desa\u00adrrollo, inform\u00f3 Gamaliel Mart\u00ednez Pacheco, director general del DIF-DF.<\/p>\n<p>El funcionario del Sistema para el Desarrollo Integral de la Familia del Distrito Federal (DIF-DF), indic\u00f3 que para los pr\u00f3ximos a\u00f1os se pretende que al menos 800 mil menores puedan acceder a los programas de las dependencias locales que participan en ese mecanismo, dise\u00f1ado para apoyar a la ni\u00f1ez de la capital del pa\u00eds en diversas \u00e1reas.<\/p>\n<p>&nbsp;<\/p>\n","protected":false},"excerpt":{"rendered":"<p>Por lo menos 2 mil 600 ni\u00f1os de la ciudad de M\u00e9xico ya cuentan con la cartilla de servicios del programa \u201cde 0 a 6 a\u00f1os\u201d, que les ofrece atenci\u00f3n integral para su desa\u00adrrollo, inform\u00f3 Gamaliel Mart\u00ednez Pacheco, director general del DIF-DF. <\/p>\n","protected":false},"author":3,"featured_media":162079,"comment_status":"open","ping_status":"open","sticky":false,"template":"","format":"standard","meta":{"_monsterinsights_skip_tracking":false,"_monsterinsights_sitenote_active":false,"_monsterinsights_sitenote_note":"","_monsterinsights_sitenote_category":0,"footnotes":""},"categories":[6],"tags":[204,16626,43691],"class_list":["post-162051","post","type-post","status-publish","format-standard","has-post-thumbnail","hentry","category-cd-de-mexico","tag-ciudad-de-mexico","tag-dif-df","tag-gdf"],"_links":{"self":[{"href":"https:\/\/www.diarioimagen.net\/index.php?rest_route=\/wp\/v2\/posts\/162051","targetHints":{"allow":["GET"]}}],"collection":[{"href":"https:\/\/www.diarioimagen.net\/index.php?rest_route=\/wp\/v2\/posts"}],"about":[{"href":"https:\/\/www.diarioimagen.net\/index.php?rest_route=\/wp\/v2\/types\/post"}],"author":[{"embeddable":true,"href":"https:\/\/www.diarioimagen.net\/index.php?rest_route=\/wp\/v2\/users\/3"}],"replies":[{"embeddable":true,"href":"https:\/\/www.diarioimagen.net\/index.php?rest_route=%2Fwp%2Fv2%2Fcomments&post=162051"}],"version-history":[{"count":0,"href":"https:\/\/www.diarioimagen.net\/index.php?rest_route=\/wp\/v2\/posts\/162051\/revisions"}],"wp:featuredmedia":[{"embeddable":true,"href":"https:\/\/www.diarioimagen.net\/index.php?rest_route=\/wp\/v2\/media\/162079"}],"wp:attachment":[{"href":"https:\/\/www.diarioimagen.net\/index.php?rest_route=%2Fwp%2Fv2%2Fmedia&parent=162051"}],"wp:term":[{"taxonomy":"category","embeddable":true,"href":"https:\/\/www.diarioimagen.net\/index.php?rest_route=%2Fwp%2Fv2%2Fcategories&post=162051"},{"taxonomy":"post_tag","embeddable":true,"href":"https:\/\/www.diarioimagen.net\/index.php?rest_route=%2Fwp%2Fv2%2Ftags&post=162051"}],"curies":[{"name":"wp","href":"https:\/\/api.w.org\/{rel}","templated":true}]}}