{"id":162212,"date":"2014-02-06T00:02:25","date_gmt":"2014-02-06T06:02:25","guid":{"rendered":"http:\/\/www.diarioimagen.net\/?p=162212"},"modified":"2014-02-07T04:37:30","modified_gmt":"2014-02-07T10:37:30","slug":"detienen-en-michoacan-a-chucho-el-descuartizador","status":"publish","type":"post","link":"https:\/\/www.diarioimagen.net\/?p=162212","title":{"rendered":"Detienen en Michoac\u00e1n a <i>Chucho el descuartizador<\/i>"},"content":{"rendered":"<ul>\n<li><strong><em>Sicario de <\/em>Los Caballeros Templarios<\/strong><\/li>\n<\/ul>\n<div id=\"attachment_162220\" style=\"width: 250px\" class=\"wp-caption alignleft\"><a href=\"http:\/\/www.diarioimagen.net\/wp-content\/uploads\/2014\/02\/chucho-2287.jpg\"><img loading=\"lazy\" decoding=\"async\" aria-describedby=\"caption-attachment-162220\" class=\"size-medium wp-image-162220\" alt=\"Chucho el descuartizador declar\u00f3 haber participado en m\u00faltiples ejecuciones.\" src=\"http:\/\/www.diarioimagen.net\/wp-content\/uploads\/2014\/02\/chucho-2287-240x135.jpg\" width=\"240\" height=\"135\" srcset=\"https:\/\/www.diarioimagen.net\/wp-content\/uploads\/2014\/02\/chucho-2287-240x135.jpg 240w, https:\/\/www.diarioimagen.net\/wp-content\/uploads\/2014\/02\/chucho-2287-420x236.jpg 420w, https:\/\/www.diarioimagen.net\/wp-content\/uploads\/2014\/02\/chucho-2287-235x132.jpg 235w, https:\/\/www.diarioimagen.net\/wp-content\/uploads\/2014\/02\/chucho-2287-202x114.jpg 202w, https:\/\/www.diarioimagen.net\/wp-content\/uploads\/2014\/02\/chucho-2287-350x196.jpg 350w, https:\/\/www.diarioimagen.net\/wp-content\/uploads\/2014\/02\/chucho-2287-220x123.jpg 220w, https:\/\/www.diarioimagen.net\/wp-content\/uploads\/2014\/02\/chucho-2287-237x132.jpg 237w, https:\/\/www.diarioimagen.net\/wp-content\/uploads\/2014\/02\/chucho-2287.jpg 480w\" sizes=\"auto, (max-width: 240px) 100vw, 240px\" \/><\/a><p id=\"caption-attachment-162220\" class=\"wp-caption-text\"><em>Chucho el descuartizador<\/em> declar\u00f3 haber participado en m\u00faltiples ejecuciones.<\/p><\/div>\n<p>Elementos de la Polic\u00eda Federal capturaron en Apatzing\u00e1n, Michoac\u00e1n, a Jes\u00fas S\u00e1nchez Huerta, <i>Chucho el descuartizador<\/i>, presunto sicario de <i>Los Caballeros Templarios<\/i>.<\/p>\n<p>Mediante un comunicado, la corporaci\u00f3n policiaca mencion\u00f3 que la noche del pasado lunes <i>Chucho el descuartizador<\/i>, de 47 a\u00f1os, fue ubicado mientras caminaba sobre la calle de Ignacio L\u00f3pez Ray\u00f3n esquina con la avenida Cayetano Andrade Poniente de la colonia Palmira, en Apatzing\u00e1n, inform\u00f3 la dependencia en un comunicado.<\/p>\n<p><i>Chucho el descuartizador<\/i>, encargado de incinerar u ocultar los cad\u00e1veres de las v\u00edctimas de los templarios, se percat\u00f3 de la presencia de los agentes federales. Sac\u00f3 un arma corta que llevaba en la cintura y abri\u00f3 fuego contra los uniformados. Se escucharon dos detonaciones; no dio en el blanco e intent\u00f3 escapar, pero los federales lo sometieron.<\/p>\n<p>En la detenci\u00f3n del presunto sicario de los templarios, elementos federales le decomisaron una arma tipo escuadra calibre 9 mil\u00edmetros de fabricaci\u00f3n egipcia, y cuatro envoltorios de droga llamada <i>crystal<\/i>.<\/p>\n<p>&nbsp;<\/p>\n","protected":false},"excerpt":{"rendered":"<p>Elementos de la Polic\u00eda Federal capturaron en Apatzing\u00e1n, Michoac\u00e1n, a Jes\u00fas S\u00e1nchez Huerta, <i>Chucho el descuartizador<\/i>, presunto sicario de <i>Los Caballeros Templarios<\/i>.<\/p>\n","protected":false},"author":3,"featured_media":162220,"comment_status":"open","ping_status":"open","sticky":false,"template":"","format":"standard","meta":{"_monsterinsights_skip_tracking":false,"_monsterinsights_sitenote_active":false,"_monsterinsights_sitenote_note":"","_monsterinsights_sitenote_category":0,"footnotes":""},"categories":[17,7],"tags":[13869,19111,803,43677],"class_list":["post-162212","post","type-post","status-publish","format-standard","has-post-thumbnail","hentry","category-especiales","category-seguridad","tag-apatzingan","tag-los-caballeros-templarios","tag-michoacan","tag-seguridad"],"_links":{"self":[{"href":"https:\/\/www.diarioimagen.net\/index.php?rest_route=\/wp\/v2\/posts\/162212","targetHints":{"allow":["GET"]}}],"collection":[{"href":"https:\/\/www.diarioimagen.net\/index.php?rest_route=\/wp\/v2\/posts"}],"about":[{"href":"https:\/\/www.diarioimagen.net\/index.php?rest_route=\/wp\/v2\/types\/post"}],"author":[{"embeddable":true,"href":"https:\/\/www.diarioimagen.net\/index.php?rest_route=\/wp\/v2\/users\/3"}],"replies":[{"embeddable":true,"href":"https:\/\/www.diarioimagen.net\/index.php?rest_route=%2Fwp%2Fv2%2Fcomments&post=162212"}],"version-history":[{"count":0,"href":"https:\/\/www.diarioimagen.net\/index.php?rest_route=\/wp\/v2\/posts\/162212\/revisions"}],"wp:featuredmedia":[{"embeddable":true,"href":"https:\/\/www.diarioimagen.net\/index.php?rest_route=\/wp\/v2\/media\/162220"}],"wp:attachment":[{"href":"https:\/\/www.diarioimagen.net\/index.php?rest_route=%2Fwp%2Fv2%2Fmedia&parent=162212"}],"wp:term":[{"taxonomy":"category","embeddable":true,"href":"https:\/\/www.diarioimagen.net\/index.php?rest_route=%2Fwp%2Fv2%2Fcategories&post=162212"},{"taxonomy":"post_tag","embeddable":true,"href":"https:\/\/www.diarioimagen.net\/index.php?rest_route=%2Fwp%2Fv2%2Ftags&post=162212"}],"curies":[{"name":"wp","href":"https:\/\/api.w.org\/{rel}","templated":true}]}}