{"id":162233,"date":"2014-02-06T00:13:33","date_gmt":"2014-02-06T06:13:33","guid":{"rendered":"http:\/\/www.diarioimagen.net\/?p=162233"},"modified":"2014-02-27T22:55:57","modified_gmt":"2014-02-28T04:55:57","slug":"planes-para-michoacan-benefician-al-edomex","status":"publish","type":"post","link":"https:\/\/www.diarioimagen.net\/?p=162233","title":{"rendered":"Planes para Michoac\u00e1n benefician al Edomex"},"content":{"rendered":"<h2>Arco Norte<\/h2>\n<h5>Jos\u00e9 Luis Monta\u00f1ez Aguilar<\/h5>\n<p>&nbsp;<\/p>\n<div id=\"attachment_162248\" style=\"width: 250px\" class=\"wp-caption alignleft\"><a href=\"http:\/\/www.diarioimagen.net\/wp-content\/uploads\/2014\/02\/arco-2287.jpg\"><img loading=\"lazy\" decoding=\"async\" aria-describedby=\"caption-attachment-162248\" class=\"size-medium wp-image-162248\" alt=\"El gobernador del Estado de M\u00e9xico, Eruviel \u00c1vila Villegas.\" src=\"http:\/\/www.diarioimagen.net\/wp-content\/uploads\/2014\/02\/arco-2287-240x135.jpg\" width=\"240\" height=\"135\" srcset=\"https:\/\/www.diarioimagen.net\/wp-content\/uploads\/2014\/02\/arco-2287-240x135.jpg 240w, https:\/\/www.diarioimagen.net\/wp-content\/uploads\/2014\/02\/arco-2287-420x236.jpg 420w, https:\/\/www.diarioimagen.net\/wp-content\/uploads\/2014\/02\/arco-2287-235x132.jpg 235w, https:\/\/www.diarioimagen.net\/wp-content\/uploads\/2014\/02\/arco-2287-202x114.jpg 202w, https:\/\/www.diarioimagen.net\/wp-content\/uploads\/2014\/02\/arco-2287-350x196.jpg 350w, https:\/\/www.diarioimagen.net\/wp-content\/uploads\/2014\/02\/arco-2287-220x123.jpg 220w, https:\/\/www.diarioimagen.net\/wp-content\/uploads\/2014\/02\/arco-2287-237x132.jpg 237w, https:\/\/www.diarioimagen.net\/wp-content\/uploads\/2014\/02\/arco-2287.jpg 480w\" sizes=\"auto, (max-width: 240px) 100vw, 240px\" \/><\/a><p id=\"caption-attachment-162248\" class=\"wp-caption-text\">El gobernador del Estado de M\u00e9xico, Eruviel \u00c1vila Villegas.<\/p><\/div>\n<p><span>Las acciones y programas que aplicar\u00e1 el gobierno federal en Michoac\u00e1n tambi\u00e9n beneficiar\u00e1n al Estado de M\u00e9xico, dijo ayer el gobernador mexiquense Eruviel \u00c1vila Villegas, al expresar su solidaridad y voluntad de trabajar con las autoridades locales y federales para reconstruir el tejido social en la regi\u00f3n. Manifest\u00f3 que quiere agradecerle \u201cal se\u00f1or Presidente de la Rep\u00fablica porque el martes se dio una fuerte presencia del gobierno federal, de \u00e9l en lo particular, al anunciar programas muy importantes para el hermano estado de Michoac\u00e1n. Si a Michoac\u00e1n le va bien, al Estado de M\u00e9xico tambi\u00e9n le ir\u00e1 muy bien y a todo M\u00e9xico, as\u00ed es que nuestra solidaridad con Michoac\u00e1n, yo expreso toda la voluntad para seguir muy coordinados con las autoridades locales y federales, somos vecinos, compartimos fronteras, compartimos l\u00edmites territoriales, compartimos cultura tambi\u00e9n, familias mutuas, as\u00ed es que debemos estar muy enlazados, muy solidarios y con todo el \u00e1nimo de colaboraci\u00f3n. Gracias se\u00f1or Presidente por este programa tan importante que estoy cierto va traer beneficios no s\u00f3lo para Michoac\u00e1n, sino para el Estado de M\u00e9xico y para toda esta regi\u00f3n de nuestro pa\u00eds\u201d, se\u00f1al\u00f3. Al reunirse con el embajador de Cuba en M\u00e9xico, Dagoberto Rodr\u00edguez Barrera, expres\u00f3 su inter\u00e9s de fortalecer las relaciones entre la entidad mexiquense y este pa\u00eds, mediante la firma de un convenio de colaboraci\u00f3n en el \u00e1mbito educativo, sobre todo en ramas como la medicina y la pedagog\u00eda, cuyo objetivo es incrementar el n\u00famero de intercambios acad\u00e9micos en beneficio de la comunidad estudiantil. \u201cEste encuentro ha tenido principalmente por objetivo, ver las formas de c\u00f3mo fortalecer las relaciones entre Cuba y M\u00e9xico, aprovechando esta muy buena relaci\u00f3n que tenemos hoy en d\u00eda entre nuestros presidentes\u201d.<\/span><\/p>\n<p><em><\/em><em><a href=\"mailto:montanezaguilar@gmail.com\" target=\"_blank\">montanezaguilar@gmail.com<\/a><\/em><\/p>\n","protected":false},"excerpt":{"rendered":"<p><span style=\"color: #005497;\"><strong>Jos\u00e9 Luis Monta\u00f1ez Aguilar<\/strong><\/span><br \/>\n<br \/>\nLas acciones y programas que aplicar\u00e1 el gobierno federal en Michoac\u00e1n tambi\u00e9n beneficiar\u00e1n al Estado de M\u00e9xico, dijo ayer el gobernador mexiquense Eruviel \u00c1vila Villegas, al expresar su solidaridad y voluntad de trabajar con las autoridades locales y federales para reconstruir el tejido social en la regi\u00f3n.<\/p>\n","protected":false},"author":3,"featured_media":162248,"comment_status":"open","ping_status":"open","sticky":false,"template":"","format":"standard","meta":{"_monsterinsights_skip_tracking":false,"_monsterinsights_sitenote_active":false,"_monsterinsights_sitenote_note":"","_monsterinsights_sitenote_category":0,"footnotes":""},"categories":[11622],"tags":[13284,438,5828,43704,2916,44,43674],"class_list":["post-162233","post","type-post","status-publish","format-standard","has-post-thumbnail","hentry","category-jose-luis-montanez-aguilar","tag-arco-norte","tag-cuba","tag-eruviel-avila-villegas","tag-jose-luis-montanez-aguilar","tag-la-habana","tag-mexico","tag-opinion"],"_links":{"self":[{"href":"https:\/\/www.diarioimagen.net\/index.php?rest_route=\/wp\/v2\/posts\/162233","targetHints":{"allow":["GET"]}}],"collection":[{"href":"https:\/\/www.diarioimagen.net\/index.php?rest_route=\/wp\/v2\/posts"}],"about":[{"href":"https:\/\/www.diarioimagen.net\/index.php?rest_route=\/wp\/v2\/types\/post"}],"author":[{"embeddable":true,"href":"https:\/\/www.diarioimagen.net\/index.php?rest_route=\/wp\/v2\/users\/3"}],"replies":[{"embeddable":true,"href":"https:\/\/www.diarioimagen.net\/index.php?rest_route=%2Fwp%2Fv2%2Fcomments&post=162233"}],"version-history":[{"count":0,"href":"https:\/\/www.diarioimagen.net\/index.php?rest_route=\/wp\/v2\/posts\/162233\/revisions"}],"wp:featuredmedia":[{"embeddable":true,"href":"https:\/\/www.diarioimagen.net\/index.php?rest_route=\/wp\/v2\/media\/162248"}],"wp:attachment":[{"href":"https:\/\/www.diarioimagen.net\/index.php?rest_route=%2Fwp%2Fv2%2Fmedia&parent=162233"}],"wp:term":[{"taxonomy":"category","embeddable":true,"href":"https:\/\/www.diarioimagen.net\/index.php?rest_route=%2Fwp%2Fv2%2Fcategories&post=162233"},{"taxonomy":"post_tag","embeddable":true,"href":"https:\/\/www.diarioimagen.net\/index.php?rest_route=%2Fwp%2Fv2%2Ftags&post=162233"}],"curies":[{"name":"wp","href":"https:\/\/api.w.org\/{rel}","templated":true}]}}