{"id":162414,"date":"2014-02-07T00:09:17","date_gmt":"2014-02-07T06:09:17","guid":{"rendered":"http:\/\/www.diarioimagen.net\/?p=162414"},"modified":"2014-02-07T03:42:36","modified_gmt":"2014-02-07T09:42:36","slug":"sep-instala-consejo-asesor-para-la-consulta-educativa","status":"publish","type":"post","link":"https:\/\/www.diarioimagen.net\/?p=162414","title":{"rendered":"SEP instala Consejo Asesor para la consulta educativa"},"content":{"rendered":"<ul>\n<li><strong><em>Organizar\u00e1 la realizaci\u00f3n de 18 foros regionales y tres nacionales que se celebrar\u00e1n del 7 de febrero al 16 de junio<\/em><\/strong><\/li>\n<\/ul>\n<div id=\"attachment_162430\" style=\"width: 250px\" class=\"wp-caption alignleft\"><a href=\"http:\/\/www.diarioimagen.net\/wp-content\/uploads\/2014\/02\/SEP-2288.jpg\"><img loading=\"lazy\" decoding=\"async\" aria-describedby=\"caption-attachment-162430\" class=\"size-medium wp-image-162430\" alt=\"Luego de instalar el Consejo Asesor de foros regionales y nacionales, Emilio Chuayffet Chemor, titular de la SEP, recibi\u00f3 a los alumnos de la Secundaria T\u00e9cnica 67, quienes ganaron el concurso \u201cDe la Secu a la Ant\u00e1rtica\u201d.\" src=\"http:\/\/www.diarioimagen.net\/wp-content\/uploads\/2014\/02\/SEP-2288-240x135.jpg\" width=\"240\" height=\"135\" srcset=\"https:\/\/www.diarioimagen.net\/wp-content\/uploads\/2014\/02\/SEP-2288-240x135.jpg 240w, https:\/\/www.diarioimagen.net\/wp-content\/uploads\/2014\/02\/SEP-2288-420x236.jpg 420w, https:\/\/www.diarioimagen.net\/wp-content\/uploads\/2014\/02\/SEP-2288-235x132.jpg 235w, https:\/\/www.diarioimagen.net\/wp-content\/uploads\/2014\/02\/SEP-2288-202x114.jpg 202w, https:\/\/www.diarioimagen.net\/wp-content\/uploads\/2014\/02\/SEP-2288-350x196.jpg 350w, https:\/\/www.diarioimagen.net\/wp-content\/uploads\/2014\/02\/SEP-2288-220x123.jpg 220w, https:\/\/www.diarioimagen.net\/wp-content\/uploads\/2014\/02\/SEP-2288-237x132.jpg 237w, https:\/\/www.diarioimagen.net\/wp-content\/uploads\/2014\/02\/SEP-2288.jpg 480w\" sizes=\"auto, (max-width: 240px) 100vw, 240px\" \/><\/a><p id=\"caption-attachment-162430\" class=\"wp-caption-text\">Luego de instalar el Consejo Asesor de foros regionales y nacionales, Emilio Chuayffet Chemor, titular de la SEP, recibi\u00f3 a los alumnos de la Secundaria T\u00e9cnica 67, quienes ganaron el concurso \u201cDe la Secu a la Ant\u00e1rtica\u201d.<\/p><\/div>\n<p>El secretario de Educaci\u00f3n, Emilio Chuayffet Chemor, instal\u00f3 el Consejo Asesor de los 18 foros regionales y tres nacionales de la Consulta Nacional para la Revisi\u00f3n del Modelo Educativo, que se celebrar\u00e1n del 7 de febrero al 16 de junio en diversas entidades del pa\u00eds.<\/p>\n<p>El consejo se integra por 15 expertos en educaci\u00f3n, que participan a t\u00edtulo personal y sin remuneraci\u00f3n; sus miembros tendr\u00e1n facultades para elaborar las conclusiones de la Consulta, con base en las ponencias recibidas en cada una de las plenarias y mesas de trabajo durante todos los foros.<\/p>\n<p>El titular de la Secretar\u00eda de Educaci\u00f3n P\u00fablica (SEP) enfatiz\u00f3 que las conclusiones de cada foro recoger\u00e1n los principales planteamientos de cada participaci\u00f3n y que todas las presentaciones se publicar\u00e1n en la p\u00e1gina www.modeloeducativo.sep.gob.mx<\/p>\n<p>Con ello, a\u00f1adi\u00f3 en un comunicado, se busca una m\u00e1xima posibilidad de recibir todas las propuestas de quienes tengan inter\u00e9s en la transformaci\u00f3n del modelo educativo nacional.<\/p>\n<p>El dise\u00f1o de la Consulta es producto del planteamiento de tener un ejercicio tangible, aut\u00e9ntico y viable en t\u00e9rminos de pol\u00edticas p\u00fablicas, por lo que se decidi\u00f3 llevar a cabo foros abiertos y sin un documento previo de discusi\u00f3n, con la disposici\u00f3n de escuchar todas las voces de quienes deseen hacerlo.<\/p>\n<p>La consulta es entonces el medio para recabar las propuestas y a partir de ello elaborar las conclusiones, a\u00f1adi\u00f3 el funcionario.<\/p>\n<p>En su oportunidad la subsecretaria de Educaci\u00f3n B\u00e1sica, Alba Mart\u00ednez Oliv\u00e9, afirm\u00f3 que se escuchar\u00e1n todas las voces, que podr\u00e1n registrarse hasta el 31 de mayo en alguna de las sedes; habr\u00e1 una relator\u00eda al final de cada foro, que representar\u00e1 un ejercicio de expresi\u00f3n democr\u00e1tica.<\/p>\n<p>El subsecretario de Educaci\u00f3n Media Superior, Rodolfo Tuir\u00e1n, mencion\u00f3 a su vez que las reglas de la consulta, los foros y la participaci\u00f3n en cada mesas son claras y est\u00e1n contenidas tambi\u00e9n en los documentos base de cada nivel educativo, para permitir una participaci\u00f3n amplia de todos los interesados.<\/p>\n<p>&nbsp;<\/p>\n","protected":false},"excerpt":{"rendered":"<p>El secretario de Educaci\u00f3n, Emilio Chuayffet Chemor, instal\u00f3 el Consejo Asesor de los 18 foros regionales y tres nacionales de la Consulta Nacional para la Revisi\u00f3n del Modelo Educativo, que se celebrar\u00e1n del 7 de febrero al 16 de junio en diversas entidades del pa\u00eds.<\/p>\n","protected":false},"author":3,"featured_media":162430,"comment_status":"open","ping_status":"open","sticky":false,"template":"","format":"standard","meta":{"_monsterinsights_skip_tracking":false,"_monsterinsights_sitenote_active":false,"_monsterinsights_sitenote_note":"","_monsterinsights_sitenote_category":0,"footnotes":""},"categories":[3],"tags":[3183],"class_list":["post-162414","post","type-post","status-publish","format-standard","has-post-thumbnail","hentry","category-nacional","tag-emilio-chuayffet-chemor"],"_links":{"self":[{"href":"https:\/\/www.diarioimagen.net\/index.php?rest_route=\/wp\/v2\/posts\/162414","targetHints":{"allow":["GET"]}}],"collection":[{"href":"https:\/\/www.diarioimagen.net\/index.php?rest_route=\/wp\/v2\/posts"}],"about":[{"href":"https:\/\/www.diarioimagen.net\/index.php?rest_route=\/wp\/v2\/types\/post"}],"author":[{"embeddable":true,"href":"https:\/\/www.diarioimagen.net\/index.php?rest_route=\/wp\/v2\/users\/3"}],"replies":[{"embeddable":true,"href":"https:\/\/www.diarioimagen.net\/index.php?rest_route=%2Fwp%2Fv2%2Fcomments&post=162414"}],"version-history":[{"count":0,"href":"https:\/\/www.diarioimagen.net\/index.php?rest_route=\/wp\/v2\/posts\/162414\/revisions"}],"wp:featuredmedia":[{"embeddable":true,"href":"https:\/\/www.diarioimagen.net\/index.php?rest_route=\/wp\/v2\/media\/162430"}],"wp:attachment":[{"href":"https:\/\/www.diarioimagen.net\/index.php?rest_route=%2Fwp%2Fv2%2Fmedia&parent=162414"}],"wp:term":[{"taxonomy":"category","embeddable":true,"href":"https:\/\/www.diarioimagen.net\/index.php?rest_route=%2Fwp%2Fv2%2Fcategories&post=162414"},{"taxonomy":"post_tag","embeddable":true,"href":"https:\/\/www.diarioimagen.net\/index.php?rest_route=%2Fwp%2Fv2%2Ftags&post=162414"}],"curies":[{"name":"wp","href":"https:\/\/api.w.org\/{rel}","templated":true}]}}