{"id":162461,"date":"2014-02-07T15:30:41","date_gmt":"2014-02-07T21:30:41","guid":{"rendered":"http:\/\/www.diarioimagen.net\/?p=162461"},"modified":"2014-02-10T02:47:26","modified_gmt":"2014-02-10T08:47:26","slug":"enrique-pena-nieto-promulga-la-reforma-constitucional-en-materia-de-transparencia","status":"publish","type":"post","link":"https:\/\/www.diarioimagen.net\/?p=162461","title":{"rendered":"Enrique Pe\u00f1a Nieto promulga la Reforma Constitucional en Materia de Transparencia"},"content":{"rendered":"<ul>\n<li><em><strong>La transparencia acompa\u00f1ar\u00e1 y reforzar\u00e1 la transformaci\u00f3n que estamos impulsando en el pa\u00eds, dijo el Presidente de la Rep\u00fablica.<\/strong><\/em><\/li>\n<\/ul>\n<p>&nbsp;<\/p>\n<div id=\"attachment_162462\" style=\"width: 430px\" class=\"wp-caption aligncenter\"><a href=\"http:\/\/www.diarioimagen.net\/wp-content\/uploads\/2014\/02\/epn-transp.jpg\"><img loading=\"lazy\" decoding=\"async\" aria-describedby=\"caption-attachment-162462\" class=\"size-large wp-image-162462\" alt=\"La Reforma sienta las bases para crear organismos locales aut\u00f3nomos, garantes del derecho de acceso a la informaci\u00f3n p\u00fablica y la protecci\u00f3n de datos personales en las 32 entidades federativas, se\u00f1al\u00f3 el presidente de M\u00e9xico, Enrique Pe\u00f1a Nieto.\" src=\"http:\/\/www.diarioimagen.net\/wp-content\/uploads\/2014\/02\/epn-transp-420x296.jpg\" width=\"420\" height=\"296\" srcset=\"https:\/\/www.diarioimagen.net\/wp-content\/uploads\/2014\/02\/epn-transp-420x296.jpg 420w, https:\/\/www.diarioimagen.net\/wp-content\/uploads\/2014\/02\/epn-transp-240x169.jpg 240w, https:\/\/www.diarioimagen.net\/wp-content\/uploads\/2014\/02\/epn-transp.jpg 1024w\" sizes=\"auto, (max-width: 420px) 100vw, 420px\" \/><\/a><p id=\"caption-attachment-162462\" class=\"wp-caption-text\">La Reforma sienta las bases para crear organismos locales aut\u00f3nomos, garantes del derecho de acceso a la informaci\u00f3n p\u00fablica y la protecci\u00f3n de datos personales en las 32 entidades federativas, se\u00f1al\u00f3 el presidente de M\u00e9xico, Enrique Pe\u00f1a Nieto.<\/p><\/div>\n<p>Enrique Pe\u00f1a Nieto, presidente de M\u00e9xico, asegur\u00f3 que la Reforma Constitucional en Materia de Transparencia da respuesta a una sentida demanda social, ya que ahora tambi\u00e9n son sujetos de esta materia los partidos pol\u00edticos y sindicatos que reciban recursos p\u00fablicos, al igual que los \u00f3rganos aut\u00f3nomos, fideicomisos y fondos p\u00fablicos. \u201cDe esta manera, se cierran espacios de opacidad y discrecionalidad en el ejercicio de la actividad p\u00fablica\u201d, apunt\u00f3.<\/p>\n<p>El Primer Mandatario se\u00f1al\u00f3 que el Gobierno de la Rep\u00fablica est\u00e1 decidido a realizar una gesti\u00f3n p\u00fablica abierta y cercana a la gente. \u201cEst\u00e1 comprometido a ser un Gobierno moderno, eficaz y transparente, que act\u00fae con base en resultados\u201d, precis\u00f3.<\/p>\n<p>Por eso, continu\u00f3, \u201cno s\u00f3lo hemos asumido el reto de cumplir la Ley de Transparencia, sino ir m\u00e1s all\u00e1 al ofrecer informaci\u00f3n \u00fatil para la sociedad, a trav\u00e9s de diversos medios digitales. Con ello, buscamos brindar nuevos elementos a la poblaci\u00f3n para que ejerza plenamente su ciudadan\u00eda\u201d.<\/p>\n<p>Indic\u00f3 que la transparencia y la rendici\u00f3n de cuentas son esenciales para la democracia, pues \u201cla poblaci\u00f3n tiene derecho a saber c\u00f3mo y en qu\u00e9 se gastan los recursos de los mexicanos; c\u00f3mo deciden las autoridades y cu\u00e1les son sus resultados\u201d. Ahora, como se prev\u00e9 en el nuevo ordenamiento constitucional, \u201ctodos los organismos e instituciones que reciben fondos p\u00fablicos o que realizan alg\u00fan acto de autoridad ser\u00e1n sujetos obligados a transparentar el ejercicio de esos recursos\u201d.<\/p>\n<p>El Titular del Ejecutivo Federal destac\u00f3 que \u201cuna sociedad bien informada ser\u00e1 siempre m\u00e1s participativa y estar\u00e1 en mejores condiciones para contribuir al logro de las grandes metas nacionales\u201d.<\/p>\n<p>Puntualiz\u00f3 que los principales componentes de esta Reforma Constitucional se pueden ubicar en tres apartados:<\/p>\n<p>Primero: El fortalecimiento del derecho de acceso a la informaci\u00f3n p\u00fablica.<\/p>\n<p>Con la Reforma, dijo, \u201cse ampl\u00eda el universo de sujetos obligados, al incluir a nuevas personas f\u00edsicas y morales, entidades, organismos y dependencias.<\/p>\n<p>Segundo: La creaci\u00f3n de nuevas y m\u00e1s s\u00f3lidas instituciones de transparencia.<\/p>\n<p>Apunt\u00f3 que en los \u00faltimos a\u00f1os nuestro pa\u00eds ha realizado importantes esfuerzos para construir el marco institucional que tutela el derecho a la informaci\u00f3n. \u201cHoy M\u00e9xico da un nuevo paso para hacer realidad este derecho humano, con la creaci\u00f3n del nuevo \u00f3rgano garante de la transparencia y el acceso a la informaci\u00f3n p\u00fablica. Se trata de una instituci\u00f3n con autonom\u00eda constitucional, para hacer que prevalezca el inter\u00e9s general de los mexicanos por encima de presiones, influencias o consideraciones particulares\u201d, cuyas determinaciones ser\u00e1n definitivas e inatacables, salvo en casos que pongan en riesgo la seguridad nacional, resalt\u00f3.<\/p>\n<p>Adem\u00e1s, a\u00f1adi\u00f3, \u201cla Reforma sienta las bases para crear organismos locales aut\u00f3nomos, garantes del derecho de acceso a la informaci\u00f3n p\u00fablica y la protecci\u00f3n de datos personales en las 32 entidades federativas\u201d.<\/p>\n<p>Y tercer apartado: Se establecen nuevas facultades para el organismo garante nacional.<\/p>\n<p>Mencion\u00f3 que esta nueva instituci\u00f3n tendr\u00e1, entre otras, las siguientes facultades:<\/p>\n<p>\u00b7 Interponer acciones de inconstitucionalidad contra leyes mexicanas o tratados internacionales que vulneren el derecho al acceso a la informaci\u00f3n p\u00fablica y la protecci\u00f3n de datos personales.<\/p>\n<p>\u00b7 Revisar las determinaciones que emitan los organismos locales, a fin de homologar criterios de transparencia en los tres \u00f3rdenes de Gobierno.<\/p>\n<p>\u00b7 Ejercer un procedimiento de atracci\u00f3n para conocer los recursos de revisi\u00f3n en el \u00e1mbito local que, por inter\u00e9s o trascendencia pol\u00edtica, as\u00ed lo ameriten.<\/p>\n<p>\u00b7 Estandarizar los procesos de seguimiento y archivo de informaci\u00f3n de los sujetos obligados, a fin de mejorar el cumplimiento de las resoluciones.<\/p>\n<p>En suma, afirm\u00f3, esta Reforma, que forma parte de la agenda de reformas transformadoras que ha emprendido nuestro pa\u00eds, representa un cambio cualitativo, al establecer y articular en su conjunto todo un sistema nacional de transparencia\u201d.<\/p>\n<p>Se\u00f1al\u00f3 que en el futuro inmediato el Senado de la Rep\u00fablica deber\u00e1 de llevar a cabo el proceso de selecci\u00f3n de los Comisionados del nuevo \u00f3rgano garante; el Congreso de la Uni\u00f3n expedir\u00e1 las Leyes Generales Reglamentarias y, posteriormente tendr\u00e1n que armonizarse las legislaciones locales con la normatividad que prueben Senadores y Diputados.<\/p>\n<p>Asegur\u00f3 que este \u00edmpetu reformador demuestra la capacidad de nuestro pa\u00eds para transformase en democracia. \u201cDemuestra tambi\u00e9n, que la pluralidad no es obst\u00e1culo para construir acuerdos en favor de la Rep\u00fablica\u201d, precis\u00f3.<\/p>\n<p style=\"text-align: center;\"><strong>ES UN GRAN AVANCE; SE ROMPEN MITOS\u00a0Y TAB\u00daES: FEDERICO REYES HEROLES<\/strong><\/p>\n<p>Federico Reyes Heroles, Presidente de Transparencia Mexicana, se\u00f1al\u00f3 que la reforma constitucional \u201ces un gran avance\u201d, toda vez que \u201cse rompen mitos y tab\u00faes\u201d.<\/p>\n<p>Explic\u00f3 que el \u00f3rgano garante obtiene autonom\u00eda constitucional y sus resoluciones son inatacables, mientras que los sujetos obligados abarcan todos los \u00e1mbitos: fideicomisos, sindicatos, gobiernos estatales, municipales, los legislativos locales y el Federal; universidades y el Poder Judicial, entre otros.<\/p>\n<p>\u201cPor fin, la rendici\u00f3n de cuentas y la transparencia abrazan a toda la Rep\u00fablica\u201d, expres\u00f3.<\/p>\n<p>Dijo que los pa\u00edses desarrollados lo son porque en parte combatieron la corrupci\u00f3n a tiempo. \u201cLas cifras sobre el costo para nuestro pa\u00eds de este flagelo han oscilado del dos al ocho por ciento, dependiendo del estudio. Tomemos una cifra intermedia, cinco por ciento del PIB, es el equivalente a lo que gastamos en educaci\u00f3n a\u00f1o tras a\u00f1o\u201d, dijo.<\/p>\n<p>Manifest\u00f3 que \u201cla corrupci\u00f3n es el impuesto m\u00e1s regresivo que hay. El condicionamiento de un servicio p\u00fablico afecta mucho m\u00e1s a las familias de escasos recursos y, por lo tanto, invierte la prioridad de tratar de lograr mayor igualdad. Por eso, condicionar una pipa de agua o la recolecci\u00f3n de basura es una afrenta a toda la sociedad\u201d.<\/p>\n<p>Por lo anterior, destac\u00f3 que la rendici\u00f3n de cuentas es y debe ser una forma de vida. \u201cTodo aquel ciudadano que tiene el privilegio de administrar o recibir fondos p\u00fablicos, tiene la responsabilidad de explicar a la sociedad el destino de los mismos\u201d, indic\u00f3.<\/p>\n<p>Reconoci\u00f3 que \u201cs\u00ed, hoy es un d\u00eda muy especial para la Rep\u00fablica\u201d, y precis\u00f3 que ser\u00e1n necesarios otros pasos, para los cuales, asever\u00f3, \u201cno se necesitan reformas de ley\u201d.<\/p>\n<p>Finalmente, exhort\u00f3 a que \u201ccaminemos al Gobierno abierto, a parlamentos abiertos. Desatemos una sana competencia a favor de f\u00f3rmulas imaginativas que las nuevas tecnolog\u00edas nos facilitan. Mostremos que M\u00e9xico se puede convertir en un pa\u00eds de vanguardia en estos temas, que nada hay gen\u00e9tico y que mucho podemos ense\u00f1ar al mundo\u201d.<\/p>\n<p style=\"text-align: center;\"><strong>LA REFORMA ES UN VUELCO CONSTITUCIONAL QUE\u00a0COLOCA A M\u00c9XICO A LA VANGUARDIA: GERARDO LAVEAGA<\/strong><\/p>\n<p>Gerardo Laveaga Rend\u00f3n, Comisionado Presidente del Instituto Federal de Acceso a la Informaci\u00f3n P\u00fablica y Protecci\u00f3n de Datos, afirm\u00f3 que la Reforma en Materia de Transparencia es \u201cun afortunad\u00edsimo vuelco constitucional que coloca a M\u00e9xico a la vanguardia\u201d y consider\u00f3 que \u201cning\u00fan otro pa\u00eds del mundo cuenta, a partir de hoy, con un sistema tan afinado en materia de derecho de acceso a la informaci\u00f3n\u201d.<\/p>\n<p>Expres\u00f3 al Primer Mandatario: \u201cUsted, se\u00f1or Presidente, tuvo esto claro desde un principio. Tanto es as\u00ed, que desde que usted era Presidente electo impuls\u00f3 la reforma con vigor\u201d. Por ello, agreg\u00f3, \u201cquiero felicitar al Presidente de la Rep\u00fablica por su visi\u00f3n, as\u00ed como a las C\u00e1maras, tanto de Senadores como de Diputados, y a las Legislaturas locales por haber dado vida a este proyecto tan ambicioso\u201d.<\/p>\n<p>Precis\u00f3 que de la rendici\u00f3n de cuentas se benefician tanto la sociedad, como los sujetos obligados. La primera, porque puede participar de forma activa en la construcci\u00f3n del Estado democr\u00e1tico de derecho, y los segundos, porque fortalecen su legitimidad.<\/p>\n<p>\u201cEsto los vuelve confiables. Y de cara a las formidables reformas constitucionales que vive M\u00e9xico, la confianza entre sociedad y Gobierno ser\u00e1 invaluable\u201d.<br \/>\nConfi\u00f3 en que la reforma \u201crendir\u00e1 frutos m\u00e1s pronto, mucho m\u00e1s pronto de lo que imaginamos\u201d, y refrend\u00f3 el compromiso del IFAI para participar en este esfuerzo que sin duda, indic\u00f3, est\u00e1 transformando a M\u00e9xico.<\/p>\n<p>Se\u00f1al\u00f3 que hacia adelante queda un largo camino por recorrer, ya que el Congreso tendr\u00e1 que elaborar muy pronto las leyes secundarias en materia de acceso a la informaci\u00f3n, protecci\u00f3n de datos y archivos.<\/p>\n","protected":false},"excerpt":{"rendered":"<p>Enrique Pe\u00f1a Nieto, presidente de M\u00e9xico, asegur\u00f3 que la Reforma Constitucional en Materia de Transparencia da respuesta a una sentida demanda social, ya que ahora tambi\u00e9n son sujetos de esta materia los partidos pol\u00edticos y sindicatos que reciban recursos p\u00fablicos, al igual que los \u00f3rganos aut\u00f3nomos, fideicomisos y fondos p\u00fablicos. \u201cDe esta manera, se cierran espacios de opacidad y discrecionalidad en el ejercicio de la actividad p\u00fablica\u201d, apunt\u00f3.<\/p>\n","protected":false},"author":1,"featured_media":162463,"comment_status":"open","ping_status":"open","sticky":false,"template":"","format":"standard","meta":{"_monsterinsights_skip_tracking":false,"_monsterinsights_sitenote_active":false,"_monsterinsights_sitenote_note":"","_monsterinsights_sitenote_category":0,"footnotes":""},"categories":[17,3],"tags":[18,43673],"class_list":["post-162461","post","type-post","status-publish","format-standard","has-post-thumbnail","hentry","category-especiales","category-nacional","tag-enrique-pena-nieto","tag-nacional"],"_links":{"self":[{"href":"https:\/\/www.diarioimagen.net\/index.php?rest_route=\/wp\/v2\/posts\/162461","targetHints":{"allow":["GET"]}}],"collection":[{"href":"https:\/\/www.diarioimagen.net\/index.php?rest_route=\/wp\/v2\/posts"}],"about":[{"href":"https:\/\/www.diarioimagen.net\/index.php?rest_route=\/wp\/v2\/types\/post"}],"author":[{"embeddable":true,"href":"https:\/\/www.diarioimagen.net\/index.php?rest_route=\/wp\/v2\/users\/1"}],"replies":[{"embeddable":true,"href":"https:\/\/www.diarioimagen.net\/index.php?rest_route=%2Fwp%2Fv2%2Fcomments&post=162461"}],"version-history":[{"count":0,"href":"https:\/\/www.diarioimagen.net\/index.php?rest_route=\/wp\/v2\/posts\/162461\/revisions"}],"wp:featuredmedia":[{"embeddable":true,"href":"https:\/\/www.diarioimagen.net\/index.php?rest_route=\/wp\/v2\/media\/162463"}],"wp:attachment":[{"href":"https:\/\/www.diarioimagen.net\/index.php?rest_route=%2Fwp%2Fv2%2Fmedia&parent=162461"}],"wp:term":[{"taxonomy":"category","embeddable":true,"href":"https:\/\/www.diarioimagen.net\/index.php?rest_route=%2Fwp%2Fv2%2Fcategories&post=162461"},{"taxonomy":"post_tag","embeddable":true,"href":"https:\/\/www.diarioimagen.net\/index.php?rest_route=%2Fwp%2Fv2%2Ftags&post=162461"}],"curies":[{"name":"wp","href":"https:\/\/api.w.org\/{rel}","templated":true}]}}