{"id":162607,"date":"2014-02-10T00:08:00","date_gmt":"2014-02-10T06:08:00","guid":{"rendered":"http:\/\/www.diarioimagen.net\/?p=162607"},"modified":"2014-02-10T01:59:15","modified_gmt":"2014-02-10T07:59:15","slug":"huixquilucan-recibe-un-reconocimiento-de-segob","status":"publish","type":"post","link":"https:\/\/www.diarioimagen.net\/?p=162607","title":{"rendered":"Huixquilucan recibe un reconocimiento de Segob"},"content":{"rendered":"<ul>\n<li><strong><em>Participa en Agenda Desde lo Local<\/em><\/strong><\/li>\n<\/ul>\n<div id=\"attachment_162628\" style=\"width: 250px\" class=\"wp-caption alignleft\"><a href=\"http:\/\/www.diarioimagen.net\/wp-content\/uploads\/2014\/02\/HUIXQUILUCAN-2289.jpg\"><img loading=\"lazy\" decoding=\"async\" aria-describedby=\"caption-attachment-162628\" class=\"size-medium wp-image-162628\" alt=\"Carlos Iriarte Mercado recibi\u00f3 el galard\u00f3n de parte de la Secretar\u00eda de Gobernaci\u00f3n.\" src=\"http:\/\/www.diarioimagen.net\/wp-content\/uploads\/2014\/02\/HUIXQUILUCAN-2289-240x135.jpg\" width=\"240\" height=\"135\" srcset=\"https:\/\/www.diarioimagen.net\/wp-content\/uploads\/2014\/02\/HUIXQUILUCAN-2289-240x135.jpg 240w, https:\/\/www.diarioimagen.net\/wp-content\/uploads\/2014\/02\/HUIXQUILUCAN-2289-420x236.jpg 420w, https:\/\/www.diarioimagen.net\/wp-content\/uploads\/2014\/02\/HUIXQUILUCAN-2289-235x132.jpg 235w, https:\/\/www.diarioimagen.net\/wp-content\/uploads\/2014\/02\/HUIXQUILUCAN-2289-202x114.jpg 202w, https:\/\/www.diarioimagen.net\/wp-content\/uploads\/2014\/02\/HUIXQUILUCAN-2289-350x196.jpg 350w, https:\/\/www.diarioimagen.net\/wp-content\/uploads\/2014\/02\/HUIXQUILUCAN-2289-220x123.jpg 220w, https:\/\/www.diarioimagen.net\/wp-content\/uploads\/2014\/02\/HUIXQUILUCAN-2289-237x132.jpg 237w, https:\/\/www.diarioimagen.net\/wp-content\/uploads\/2014\/02\/HUIXQUILUCAN-2289.jpg 480w\" sizes=\"auto, (max-width: 240px) 100vw, 240px\" \/><\/a><p id=\"caption-attachment-162628\" class=\"wp-caption-text\">Carlos Iriarte Mercado recibi\u00f3 el galard\u00f3n de parte de la Secretar\u00eda de Gobernaci\u00f3n.<\/p><\/div>\n<p><strong>Huixquilucan, Estado de M\u00e9xico<\/strong>.- En sesi\u00f3n ordinaria de Cabildo, el presidente municipal, Carlos Iriarte Mercado recibi\u00f3 a nombre del Ayuntamiento el\u00a0 reconocimiento por su participaci\u00f3n en el Programa Agenda Desde lo Local, creado por la Secretar\u00eda de Gobernaci\u00f3n, cuyo objetivo es contribuir al desarrollo municipal referente a la identificaci\u00f3n de \u00e1reas de oportunidad e implementaci\u00f3n de acciones en cuatro ejes: institucional, econ\u00f3mico, social y ambiental.<\/p>\n<p>Ante el cuerpo edilicio, Iriarte Mercado coment\u00f3 que durante el 2013 los acuerdos y consensos \u00a0hicieron posible la participaci\u00f3n en este programa. Record\u00f3 que el a\u00f1o pasado, Huixquilucan obtuvo el primer lugar a nivel nacional en materia de transparencia, al cumplir con todos los indicadores del Instituto de Transparencia, Acceso a la Informaci\u00f3n P\u00fablica y Protecci\u00f3n de Datos Personales del Estado de M\u00e9xico.\u00a0 El edil huixquiluquense coment\u00f3 que la administraci\u00f3n municipal particip\u00f3 en Agenda Desde lo Local, independientemente de los trabajos que se estaban realizando en el tema de transparencia, acceso a la informaci\u00f3n y con el nuevo sistema SAP que se est\u00e1 incorporando en el gobierno local.<\/p>\n<p>Por otra parte, Iriarte Mercado hizo un reconocimiento a las servidoras y servidores p\u00fablicos que participan en los cuatro procesos descritos, ya que la carga de trabajo va m\u00e1s all\u00e1 de lo que tienen que resolver en lo cotidiano, debido a que deben profesionalizarse o capacitarse para los nuevos procedimientos.<b><\/b><\/p>\n<p>&nbsp;<\/p>\n","protected":false},"excerpt":{"rendered":"<p>En sesi\u00f3n ordinaria de Cabildo, el presidente municipal, Carlos Iriarte Mercado recibi\u00f3 a nombre del Ayuntamiento el  reconocimiento por su participaci\u00f3n en el Programa Agenda Desde lo Local, creado por la Secretar\u00eda de Gobernaci\u00f3n, cuyo objetivo es contribuir al desarrollo municipal referente a la identificaci\u00f3n de \u00e1reas de oportunidad e implementaci\u00f3n de acciones en cuatro ejes: institucional, econ\u00f3mico, social y ambiental. <\/p>\n","protected":false},"author":3,"featured_media":162628,"comment_status":"open","ping_status":"open","sticky":false,"template":"","format":"standard","meta":{"_monsterinsights_skip_tracking":false,"_monsterinsights_sitenote_active":false,"_monsterinsights_sitenote_note":"","_monsterinsights_sitenote_category":0,"footnotes":""},"categories":[5],"tags":[23030,22988,43675,1097,12862,702],"class_list":["post-162607","post","type-post","status-publish","format-standard","has-post-thumbnail","hentry","category-estado-de-mexico","tag-cabildo","tag-carlos-iriarte-mercado","tag-estado-de-mexico","tag-huixquilucan","tag-reconocimiento","tag-segob"],"_links":{"self":[{"href":"https:\/\/www.diarioimagen.net\/index.php?rest_route=\/wp\/v2\/posts\/162607","targetHints":{"allow":["GET"]}}],"collection":[{"href":"https:\/\/www.diarioimagen.net\/index.php?rest_route=\/wp\/v2\/posts"}],"about":[{"href":"https:\/\/www.diarioimagen.net\/index.php?rest_route=\/wp\/v2\/types\/post"}],"author":[{"embeddable":true,"href":"https:\/\/www.diarioimagen.net\/index.php?rest_route=\/wp\/v2\/users\/3"}],"replies":[{"embeddable":true,"href":"https:\/\/www.diarioimagen.net\/index.php?rest_route=%2Fwp%2Fv2%2Fcomments&post=162607"}],"version-history":[{"count":0,"href":"https:\/\/www.diarioimagen.net\/index.php?rest_route=\/wp\/v2\/posts\/162607\/revisions"}],"wp:featuredmedia":[{"embeddable":true,"href":"https:\/\/www.diarioimagen.net\/index.php?rest_route=\/wp\/v2\/media\/162628"}],"wp:attachment":[{"href":"https:\/\/www.diarioimagen.net\/index.php?rest_route=%2Fwp%2Fv2%2Fmedia&parent=162607"}],"wp:term":[{"taxonomy":"category","embeddable":true,"href":"https:\/\/www.diarioimagen.net\/index.php?rest_route=%2Fwp%2Fv2%2Fcategories&post=162607"},{"taxonomy":"post_tag","embeddable":true,"href":"https:\/\/www.diarioimagen.net\/index.php?rest_route=%2Fwp%2Fv2%2Ftags&post=162607"}],"curies":[{"name":"wp","href":"https:\/\/api.w.org\/{rel}","templated":true}]}}