{"id":162699,"date":"2014-02-11T00:13:08","date_gmt":"2014-02-11T06:13:08","guid":{"rendered":"http:\/\/www.diarioimagen.net\/?p=162699"},"modified":"2014-02-11T03:04:40","modified_gmt":"2014-02-11T09:04:40","slug":"es-hora-de-dar-continuidad-a-los-cambios","status":"publish","type":"post","link":"https:\/\/www.diarioimagen.net\/?p=162699","title":{"rendered":"Es hora de dar continuidad a los cambios"},"content":{"rendered":"<h2>Arco Norte<\/h2>\n<h5>Jos\u00e9 Luis Monta\u00f1ez Aguilar<\/h5>\n<p><span>\u00a0<\/span><\/p>\n<div id=\"attachment_162769\" style=\"width: 250px\" class=\"wp-caption alignleft\"><a href=\"http:\/\/www.diarioimagen.net\/wp-content\/uploads\/2014\/02\/arco-2290.jpg\"><img loading=\"lazy\" decoding=\"async\" aria-describedby=\"caption-attachment-162769\" class=\"size-medium wp-image-162769\" alt=\"El gobernador del Estado de M\u00e9xico, Eruviel \u00c1vila Villegas, acompa\u00f1ado del gobernador de Illinois, Pat Quinn.\" src=\"http:\/\/www.diarioimagen.net\/wp-content\/uploads\/2014\/02\/arco-2290-240x135.jpg\" width=\"240\" height=\"135\" srcset=\"https:\/\/www.diarioimagen.net\/wp-content\/uploads\/2014\/02\/arco-2290-240x135.jpg 240w, https:\/\/www.diarioimagen.net\/wp-content\/uploads\/2014\/02\/arco-2290-420x236.jpg 420w, https:\/\/www.diarioimagen.net\/wp-content\/uploads\/2014\/02\/arco-2290-235x132.jpg 235w, https:\/\/www.diarioimagen.net\/wp-content\/uploads\/2014\/02\/arco-2290-202x114.jpg 202w, https:\/\/www.diarioimagen.net\/wp-content\/uploads\/2014\/02\/arco-2290-350x196.jpg 350w, https:\/\/www.diarioimagen.net\/wp-content\/uploads\/2014\/02\/arco-2290-220x123.jpg 220w, https:\/\/www.diarioimagen.net\/wp-content\/uploads\/2014\/02\/arco-2290-237x132.jpg 237w, https:\/\/www.diarioimagen.net\/wp-content\/uploads\/2014\/02\/arco-2290.jpg 480w\" sizes=\"auto, (max-width: 240px) 100vw, 240px\" \/><\/a><p id=\"caption-attachment-162769\" class=\"wp-caption-text\">El gobernador del Estado de M\u00e9xico, Eruviel \u00c1vila Villegas, acompa\u00f1ado del gobernador de Illinois, Pat Quinn.<\/p><\/div>\n<p><span>M\u00e9xico vive momentos extraordinarios con el impulso que el presidente Enrique Pe\u00f1a Nieto ha dado a las reformas estructurales, por lo que es la hora de darle continuidad a los cambios para concretar los beneficios que merecen los mexicanos, se\u00f1al\u00f3 ayer en Chicago, Illinois, el gobernador, Eruviel \u00c1vila Villegas, al inaugurar la Casa Estado de M\u00e9xico, donde se atender\u00e1 a migrantes mexiquenses en esa ciudad estadunidense. \u201cEl pa\u00eds atraviesa momentos extraordinarios, de relevancia con las enmiendas estructurales que el presidente Enrique Pe\u00f1a Nieto ha impulsado, con el consenso que se ha generado entre los partidos pol\u00edticos, legisladores, los congresos locales han aprobado cambios que durante d\u00e9cadas hab\u00edan estado paradas, que nadie se hab\u00eda atrevido a impulsar; con esas reformas M\u00e9xico se est\u00e1 moviendo, todav\u00eda falta por hacer, hay que terminarlas, vienen leyes ordinarias, pero s\u00ed les comparto que estamos muy contentos por lo que est\u00e1 pasando y a los gobernantes nos toca darle continuidad para que sean una realidad\u201d, dijo. Acompa\u00f1ado del gobernador de Illinois, Pat Quinn y del c\u00f3nsul general de M\u00e9xico en esta ciudad, Carlos Jim\u00e9nez Mac\u00edas, as\u00ed como representantes de migrantes mexicanos, Eruviel \u00c1vila\u00a0 consider\u00f3 que con la apertura de la Casa Estado de M\u00e9xico en Chicago, se fortalecen los lazos de amistad y culturales entre ambas localidades. Asegur\u00f3 que con acciones como \u00e9sta se muestra que trabajando en equipo, autoridades y dirigentes de agrupaciones de migrantes, es posible servir mejor a la comunidad migrante de nuestro pa\u00eds en Estados Unidos de Norteam\u00e9rica. Expres\u00f3 que llama la atenci\u00f3n lo dicho por el presidente Barack Obama, en el sentido de que una de cada cuatro iniciativas tecnol\u00f3gicas y peque\u00f1os negocios son impulsados por poblaci\u00f3n migrante, lo cual es reflejo del potencial importante que representan y motivo para estar cerca de ellos.<\/span><\/p>\n<p><em><\/em><em><a href=\"mailto:montanezaguilar@gmail.com\" target=\"_blank\">montanezaguilar@gmail.com<\/a><\/em><\/p>\n","protected":false},"excerpt":{"rendered":"<p><span style=\"color: #005497;\"><strong>Jos\u00e9 Luis Monta\u00f1ez Aguilar<\/strong><\/span><br \/>\n<br \/>\nM\u00e9xico vive momentos extraordinarios con el impulso que el presidente Enrique Pe\u00f1a Nieto ha dado a las reformas estructurales, por lo que es la hora de darle continuidad a los cambios para concretar los beneficios que merecen los mexicanos, se\u00f1al\u00f3 ayer en Chicago, Illinois, el gobernador, Eruviel \u00c1vila Villegas, al inaugurar la Casa Estado de M\u00e9xico, donde se atender\u00e1 a migrantes mexiquenses en esa ciudad estadunidense. <\/p>\n","protected":false},"author":3,"featured_media":162769,"comment_status":"open","ping_status":"open","sticky":false,"template":"","format":"standard","meta":{"_monsterinsights_skip_tracking":false,"_monsterinsights_sitenote_active":false,"_monsterinsights_sitenote_note":"","_monsterinsights_sitenote_category":0,"footnotes":""},"categories":[5],"tags":[13284,5828,43704,43674],"class_list":["post-162699","post","type-post","status-publish","format-standard","has-post-thumbnail","hentry","category-estado-de-mexico","tag-arco-norte","tag-eruviel-avila-villegas","tag-jose-luis-montanez-aguilar","tag-opinion"],"_links":{"self":[{"href":"https:\/\/www.diarioimagen.net\/index.php?rest_route=\/wp\/v2\/posts\/162699","targetHints":{"allow":["GET"]}}],"collection":[{"href":"https:\/\/www.diarioimagen.net\/index.php?rest_route=\/wp\/v2\/posts"}],"about":[{"href":"https:\/\/www.diarioimagen.net\/index.php?rest_route=\/wp\/v2\/types\/post"}],"author":[{"embeddable":true,"href":"https:\/\/www.diarioimagen.net\/index.php?rest_route=\/wp\/v2\/users\/3"}],"replies":[{"embeddable":true,"href":"https:\/\/www.diarioimagen.net\/index.php?rest_route=%2Fwp%2Fv2%2Fcomments&post=162699"}],"version-history":[{"count":0,"href":"https:\/\/www.diarioimagen.net\/index.php?rest_route=\/wp\/v2\/posts\/162699\/revisions"}],"wp:featuredmedia":[{"embeddable":true,"href":"https:\/\/www.diarioimagen.net\/index.php?rest_route=\/wp\/v2\/media\/162769"}],"wp:attachment":[{"href":"https:\/\/www.diarioimagen.net\/index.php?rest_route=%2Fwp%2Fv2%2Fmedia&parent=162699"}],"wp:term":[{"taxonomy":"category","embeddable":true,"href":"https:\/\/www.diarioimagen.net\/index.php?rest_route=%2Fwp%2Fv2%2Fcategories&post=162699"},{"taxonomy":"post_tag","embeddable":true,"href":"https:\/\/www.diarioimagen.net\/index.php?rest_route=%2Fwp%2Fv2%2Ftags&post=162699"}],"curies":[{"name":"wp","href":"https:\/\/api.w.org\/{rel}","templated":true}]}}