{"id":162724,"date":"2014-02-11T00:07:59","date_gmt":"2014-02-11T06:07:59","guid":{"rendered":"http:\/\/www.diarioimagen.net\/?p=162724"},"modified":"2014-02-12T02:43:09","modified_gmt":"2014-02-12T08:43:09","slug":"innovador-acuerdo-comercial-de-la-alianza-del-pacifico-epn","status":"publish","type":"post","link":"https:\/\/www.diarioimagen.net\/?p=162724","title":{"rendered":"Innovador acuerdo comercial de la Alianza del Pac\u00edfico: EPN"},"content":{"rendered":"<ul>\n<li><strong><em>El Presidente de M\u00e9xico afirma que permitir\u00e1 una mayor integraci\u00f3n, primero entre sus integrantes y despu\u00e9s en toda Latinoam\u00e9rica<\/em><\/strong><\/li>\n<\/ul>\n<h6>Jos\u00e9 Luis Monta\u00f1ez<\/h6>\n<div id=\"attachment_162781\" style=\"width: 430px\" class=\"wp-caption aligncenter\"><a href=\"http:\/\/www.diarioimagen.net\/wp-content\/uploads\/2014\/02\/epn-2290.jpg\"><img loading=\"lazy\" decoding=\"async\" aria-describedby=\"caption-attachment-162781\" class=\"size-large wp-image-162781\" alt=\"Los presidentes de Per\u00fa, Ollanta Humala; Chile, Sebasti\u00e1n Pi\u00f1era; Colombia, Juan Manuel Santos; M\u00e9xico, Enrique Pe\u00f1a Nieto, y Costa Rica, Laura Chinchilla, durante la VIII Cumbre de la Alianza del Pac\u00edfico.\" src=\"http:\/\/www.diarioimagen.net\/wp-content\/uploads\/2014\/02\/epn-2290-420x269.jpg\" width=\"420\" height=\"269\" srcset=\"https:\/\/www.diarioimagen.net\/wp-content\/uploads\/2014\/02\/epn-2290-420x269.jpg 420w, https:\/\/www.diarioimagen.net\/wp-content\/uploads\/2014\/02\/epn-2290-240x153.jpg 240w, https:\/\/www.diarioimagen.net\/wp-content\/uploads\/2014\/02\/epn-2290.jpg 700w\" sizes=\"auto, (max-width: 420px) 100vw, 420px\" \/><\/a><p id=\"caption-attachment-162781\" class=\"wp-caption-text\">Los presidentes de Per\u00fa, Ollanta Humala; Chile, Sebasti\u00e1n Pi\u00f1era; Colombia, Juan Manuel Santos; M\u00e9xico, Enrique Pe\u00f1a Nieto, y Costa Rica, Laura Chinchilla, durante la VIII Cumbre de la Alianza del Pac\u00edfico.<\/p><\/div>\n<p><strong>Cartagena de Indias, Colombia<\/strong>.- El instrumento m\u00e1s innovador que M\u00e9xico haya suscrito desde el TLCAN es el protocolo comercial que liberar\u00e1 92 por ciento de las partidas arancelarias de comercio, productos y servicios entre los integrantes de la Alianza del Pac\u00edfico, asever\u00f3 el presidente Enrique Pe\u00f1a Nieto.<\/p>\n<p>Tras firmar el protocolo adicional con sus hom\u00f3logos de Colombia, Juan Manuel Santos; de Per\u00fa, Ollanta Humala, y de Chile, Sebasti\u00e1n Pi\u00f1era, el mandatario mexicano destac\u00f3 que esta alianza ha generado expectativas y una gran visibilidad en el mundo.<\/p>\n<p>Los cuatro pa\u00edses miembros de la Alianza del Pac\u00edfico llegan a este momento hist\u00f3rico tras largas negociaciones y acuerdos que, una vez que el protocolo haya sido ratificado por sus respectivo congresos, permitir\u00e1n que aumente el comercio con una desgravaci\u00f3n de 92 por ciento de productos y servicios.<\/p>\n<p>Se prev\u00e9 que el restante ocho por ciento ser\u00e1 liberado a mediano y largo plazos, dijo el jefe del Estado mexicano, quien abund\u00f3 que ese gran mercado de 210 millones de consumidores permitir\u00e1 una mayor integraci\u00f3n, primero entre los miembros de la Alianza del Pac\u00edfico y despu\u00e9s, de toda la regi\u00f3n latinoamericana.<\/p>\n<p>\u201cEste acuerdo de car\u00e1cter econ\u00f3mico permitir\u00e1 que peque\u00f1as, medianas y grandes empresas puedan establecer una mayor producci\u00f3n y, por supuesto, competir dentro de este gran mercado\u201d, detall\u00f3 frente a sus hom\u00f3logos, en un mensaje conjunto.<\/p>\n<p>Agradeci\u00f3 la hospitalidad del presidente de Colombia y reconoci\u00f3 la muy valiosa participaci\u00f3n de empresarios de los cuatro pa\u00edses, que han imprimido vitalidad a este acuerdo; \u201cahora nos preparamos realmente para hacer de esta regi\u00f3n, que integra la Alianza del Pac\u00edfico, una m\u00e1s productiva y m\u00e1s competitiva\u201d.<\/p>\n<p>Enrique Pe\u00f1a tambi\u00e9n asegur\u00f3 que para los cuatro pa\u00edses esto significar\u00e1 la oportunidad de generar m\u00e1s empleos y una mayor movilidad en el comercio, los servicios y las personas.<\/p>\n<p>En ese sentido abund\u00f3 que ya se empiezan a apreciar beneficios en todos los pa\u00edses de la Alianza del Pac\u00edfico con la eliminaci\u00f3n de visas, lo que ha generado un mayor turismo.<\/p>\n<p>\u201cTodo ello estar\u00e1 contribuyendo a generar una mayor derrama econ\u00f3mica, un mayor crecimiento econ\u00f3mico y, en consecuencia, condiciones de mayor bienestar para los habitantes de nuestras naciones\u201d, subray\u00f3.<\/p>\n<p>Esta Alianza, que une a M\u00e9xico con la regi\u00f3n latinoamericana y \u201cnos acerca m\u00e1s con pa\u00edses hermanos como Colombia, Chile y Per\u00fa\u201d, \u201cse est\u00e1 constituyendo como un instrumento de acuerdo econ\u00f3mico que est\u00e1 generando grandes expectativas y una gran visibilidad en el mundo\u201d.<\/p>\n<p>Con los 30 pa\u00edses observadores de este mecanismo \u201chemos acordado, durante esta VIII Cumbre de la Alianza del Pac\u00edfico, encontrar espacios de involucramiento, de integraci\u00f3n y de acuerdo en los varios cap\u00edtulos que considera\u201d, refiri\u00f3 el Presidente de la Rep\u00fablica.<\/p>\n<p>\u201cCreo que \u00e9ste es un gran instrumento, un gran acuerdo de gran trascendencia, de gran relevancia en el \u00e1mbito econ\u00f3mico y, consecuencia tambi\u00e9n, lo es en el aspecto pol\u00edtico\u201d.<\/p>\n<p>El Ejecutivo federal subray\u00f3 que \u00e9ste protocolo es el mecanismo de integraci\u00f3n mas innovador que M\u00e9xico haya suscrito desde la firma del Tratado de Libre Comercio de Am\u00e9rica del Norte (TLCAN).<\/p>\n<p>Pe\u00f1a Nieto finalmente reconoci\u00f3 a Sebasti\u00e1n Pi\u00f1era por su labor en los trabajos que est\u00e1n concluyendo con la firma de este protocolo, \u201cdese\u00e1ndole el mayor de los \u00e9xitos en todo lo que venga hacia adelante. Feliz y exitosa conclusi\u00f3n de su mandato y \u00e9xito en todo lo que depare hacia adelante\u201d.<b><\/b><\/p>\n<p>&nbsp;<\/p>\n","protected":false},"excerpt":{"rendered":"<p><span style=\"color: #005497;\"><strong>Jos\u00e9 Luis Monta\u00f1ez<\/strong><\/span><br \/>\n<br \/>\nEl instrumento m\u00e1s innovador que M\u00e9xico haya suscrito desde el TLCAN es el protocolo comercial que liberar\u00e1 92 por ciento de las partidas arancelarias de comercio, productos y servicios entre los integrantes de la Alianza del Pac\u00edfico, asever\u00f3 el presidente Enrique Pe\u00f1a Nieto.<\/p>\n","protected":false},"author":3,"featured_media":162781,"comment_status":"open","ping_status":"open","sticky":false,"template":"","format":"standard","meta":{"_monsterinsights_skip_tracking":false,"_monsterinsights_sitenote_active":false,"_monsterinsights_sitenote_note":"","_monsterinsights_sitenote_category":0,"footnotes":""},"categories":[17,3],"tags":[4727,122,1197,3909,18,43704,13667,13664,44,24821,7447,840,2167],"class_list":["post-162724","post","type-post","status-publish","format-standard","has-post-thumbnail","hentry","category-especiales","category-nacional","tag-cartagena-de-indias","tag-chile","tag-colombia","tag-costa-rica","tag-enrique-pena-nieto","tag-jose-luis-montanez-aguilar","tag-juan-manuel-santos","tag-laura-chinchilla","tag-mexico","tag-ollanta-humala","tag-peru","tag-sebastian-pinera","tag-tlcan"],"_links":{"self":[{"href":"https:\/\/www.diarioimagen.net\/index.php?rest_route=\/wp\/v2\/posts\/162724","targetHints":{"allow":["GET"]}}],"collection":[{"href":"https:\/\/www.diarioimagen.net\/index.php?rest_route=\/wp\/v2\/posts"}],"about":[{"href":"https:\/\/www.diarioimagen.net\/index.php?rest_route=\/wp\/v2\/types\/post"}],"author":[{"embeddable":true,"href":"https:\/\/www.diarioimagen.net\/index.php?rest_route=\/wp\/v2\/users\/3"}],"replies":[{"embeddable":true,"href":"https:\/\/www.diarioimagen.net\/index.php?rest_route=%2Fwp%2Fv2%2Fcomments&post=162724"}],"version-history":[{"count":0,"href":"https:\/\/www.diarioimagen.net\/index.php?rest_route=\/wp\/v2\/posts\/162724\/revisions"}],"wp:featuredmedia":[{"embeddable":true,"href":"https:\/\/www.diarioimagen.net\/index.php?rest_route=\/wp\/v2\/media\/162781"}],"wp:attachment":[{"href":"https:\/\/www.diarioimagen.net\/index.php?rest_route=%2Fwp%2Fv2%2Fmedia&parent=162724"}],"wp:term":[{"taxonomy":"category","embeddable":true,"href":"https:\/\/www.diarioimagen.net\/index.php?rest_route=%2Fwp%2Fv2%2Fcategories&post=162724"},{"taxonomy":"post_tag","embeddable":true,"href":"https:\/\/www.diarioimagen.net\/index.php?rest_route=%2Fwp%2Fv2%2Ftags&post=162724"}],"curies":[{"name":"wp","href":"https:\/\/api.w.org\/{rel}","templated":true}]}}