{"id":162832,"date":"2014-02-12T00:08:10","date_gmt":"2014-02-12T06:08:10","guid":{"rendered":"http:\/\/www.diarioimagen.net\/?p=162832"},"modified":"2014-02-12T02:29:14","modified_gmt":"2014-02-12T08:29:14","slug":"cnte-se-deslinda-de-agresion-a-chuayffet","status":"publish","type":"post","link":"https:\/\/www.diarioimagen.net\/?p=162832","title":{"rendered":"CNTE se deslinda de la agresi\u00f3n a titular de SEP"},"content":{"rendered":"<ul>\n<li><em><strong>El l\u00edder michoacano Juan Jos\u00e9 Ortega dice que revisan videos para ver si los responsables son docentes<\/strong><\/em><\/li>\n<\/ul>\n<div id=\"attachment_162833\" style=\"width: 250px\" class=\"wp-caption alignleft\"><img loading=\"lazy\" decoding=\"async\" aria-describedby=\"caption-attachment-162833\" class=\"size-medium wp-image-162833  \" alt=\"En conferencia de prensa, Ortega Madrigal reconoci\u00f3 que se hab\u00eda pactado realizar dos m\u00edtines de protesta en la Universidad Michoacana y Casa de Gobierno sin la intenci\u00f3n de llegar a estas agresiones, a cuya acci\u00f3n s\u00f3lo se hab\u00eda convocado a un grupo no mayor a 150 profesores.\" src=\"http:\/\/www.diarioimagen.net\/wp-content\/uploads\/2014\/02\/cnte-portal-240x135.jpg\" width=\"240\" height=\"135\" srcset=\"https:\/\/www.diarioimagen.net\/wp-content\/uploads\/2014\/02\/cnte-portal-240x135.jpg 240w, https:\/\/www.diarioimagen.net\/wp-content\/uploads\/2014\/02\/cnte-portal-420x236.jpg 420w, https:\/\/www.diarioimagen.net\/wp-content\/uploads\/2014\/02\/cnte-portal-235x132.jpg 235w, https:\/\/www.diarioimagen.net\/wp-content\/uploads\/2014\/02\/cnte-portal-202x114.jpg 202w, https:\/\/www.diarioimagen.net\/wp-content\/uploads\/2014\/02\/cnte-portal-350x196.jpg 350w, https:\/\/www.diarioimagen.net\/wp-content\/uploads\/2014\/02\/cnte-portal-220x123.jpg 220w, https:\/\/www.diarioimagen.net\/wp-content\/uploads\/2014\/02\/cnte-portal-237x132.jpg 237w, https:\/\/www.diarioimagen.net\/wp-content\/uploads\/2014\/02\/cnte-portal.jpg 480w\" sizes=\"auto, (max-width: 240px) 100vw, 240px\" \/><p id=\"caption-attachment-162833\" class=\"wp-caption-text\">Los dirigentes de la CNTE en Michoac\u00e1n pretendieron deslindarse de la agresi\u00f3n que sufri\u00f3 el secretario de Educaci\u00f3n, Emilio Chuayffet.<\/p><\/div>\n<p>El dirigente estatal de la Coordinadora Nacional de Trabajadores de la Educaci\u00f3n, Juan Jos\u00e9 Ortega Madrigal, se deslind\u00f3 de las agresiones en contra del secretario de Educaci\u00f3n P\u00fablica, Emilio Chuayffet, y otros funcionarios federales durante la visita que hicieron a Morelia, Michoac\u00e1n. Se\u00f1al\u00f3 que hab\u00eda presencia de gente ajena al grupo magisterial.<\/p>\n<p>El l\u00edder sostuvo que los que agredieron al convoy oficial que transport\u00f3 a Chuayffet actuaron por indignaci\u00f3n.<\/p>\n<p>Explic\u00f3 que al llegar al evento en la Universidad Michoacana de San Nicol\u00e1s de Hidalgo, sus compa\u00f1eros se encontraron con un cerco de polic\u00edas, perros entrenados y una actitud evasiva de los funcionarios. \u201cNo hab\u00eda por qu\u00e9 correr, no hab\u00eda por qu\u00e9 salir como delincuentes abordando los veh\u00edculos, con la quema de las llantas, la polvareda y todo lo dem\u00e1s. No ten\u00eda por qu\u00e9\u201d, opin\u00f3 de la huida del convoy.<\/p>\n<p>De todos modos, dijo que ser\u00e1n analizados los videos para determinar si los responsables de las agresiones pertenecen al \u201cgrupo democr\u00e1tico\u201d. Si as\u00ed fuera, descart\u00f3 por el momento alg\u00fan tipo de sanci\u00f3n para ellos; \u201cser\u00e1 una asamblea la que determine si procede aplicar alguna\u201d.<\/p>\n<p>En conferencia de prensa, Ortega Madrigal reconoci\u00f3 que se hab\u00eda pactado realizar dos m\u00edtines de protesta en la Universidad Michoacana y Casa de Gobierno sin la intenci\u00f3n de llegar a estas agresiones, a cuya acci\u00f3n s\u00f3lo se hab\u00eda convocado a un grupo no mayor a 150 profesores.<\/p>\n<p>De paso, reprob\u00f3 el nombramiento de Enrique del Val Blanco como representante de la SEP en Michoac\u00e1n.<\/p>\n","protected":false},"excerpt":{"rendered":"<p>El dirigente estatal de la Coordinadora Nacional de Trabajadores de la Educaci\u00f3n, Juan Jos\u00e9 Ortega Madrigal, se deslind\u00f3 de las agresiones en contra del secretario de Educaci\u00f3n P\u00fablica, Emilio Chuayffet, y otros funcionarios federales durante la visita que hicieron a Morelia, Michoac\u00e1n. Se\u00f1al\u00f3 que hab\u00eda presencia de gente ajena al grupo magisterial.<\/p>\n","protected":false},"author":5,"featured_media":162833,"comment_status":"open","ping_status":"open","sticky":false,"template":"","format":"standard","meta":{"_monsterinsights_skip_tracking":false,"_monsterinsights_sitenote_active":false,"_monsterinsights_sitenote_note":"","_monsterinsights_sitenote_category":0,"footnotes":""},"categories":[3],"tags":[21619,7473,7472,3183,803,43673],"class_list":["post-162832","post","type-post","status-publish","format-standard","has-post-thumbnail","hentry","category-nacional","tag-agresion","tag-cnte","tag-coordinadora-nacional-de-trabajadores-de-la-educacion","tag-emilio-chuayffet-chemor","tag-michoacan","tag-nacional"],"_links":{"self":[{"href":"https:\/\/www.diarioimagen.net\/index.php?rest_route=\/wp\/v2\/posts\/162832","targetHints":{"allow":["GET"]}}],"collection":[{"href":"https:\/\/www.diarioimagen.net\/index.php?rest_route=\/wp\/v2\/posts"}],"about":[{"href":"https:\/\/www.diarioimagen.net\/index.php?rest_route=\/wp\/v2\/types\/post"}],"author":[{"embeddable":true,"href":"https:\/\/www.diarioimagen.net\/index.php?rest_route=\/wp\/v2\/users\/5"}],"replies":[{"embeddable":true,"href":"https:\/\/www.diarioimagen.net\/index.php?rest_route=%2Fwp%2Fv2%2Fcomments&post=162832"}],"version-history":[{"count":0,"href":"https:\/\/www.diarioimagen.net\/index.php?rest_route=\/wp\/v2\/posts\/162832\/revisions"}],"wp:featuredmedia":[{"embeddable":true,"href":"https:\/\/www.diarioimagen.net\/index.php?rest_route=\/wp\/v2\/media\/162833"}],"wp:attachment":[{"href":"https:\/\/www.diarioimagen.net\/index.php?rest_route=%2Fwp%2Fv2%2Fmedia&parent=162832"}],"wp:term":[{"taxonomy":"category","embeddable":true,"href":"https:\/\/www.diarioimagen.net\/index.php?rest_route=%2Fwp%2Fv2%2Fcategories&post=162832"},{"taxonomy":"post_tag","embeddable":true,"href":"https:\/\/www.diarioimagen.net\/index.php?rest_route=%2Fwp%2Fv2%2Ftags&post=162832"}],"curies":[{"name":"wp","href":"https:\/\/api.w.org\/{rel}","templated":true}]}}