{"id":162838,"date":"2014-02-12T00:04:37","date_gmt":"2014-02-12T06:04:37","guid":{"rendered":"http:\/\/www.diarioimagen.net\/?p=162838"},"modified":"2014-02-12T02:27:55","modified_gmt":"2014-02-12T08:27:55","slug":"encuentran-muerto-a-gregorio-jimenez","status":"publish","type":"post","link":"https:\/\/www.diarioimagen.net\/?p=162838","title":{"rendered":"Encuentran muerto a Gregorio Jim\u00e9nez"},"content":{"rendered":"<ul>\n<li><em><strong>Periodista secuestrado en Veracruz<\/strong><\/em><\/li>\n<\/ul>\n<div id=\"attachment_162839\" style=\"width: 250px\" class=\"wp-caption alignleft\"><a href=\"http:\/\/www.diarioimagen.net\/wp-content\/uploads\/2014\/02\/PERIODISTA-portal.jpg\"><img loading=\"lazy\" decoding=\"async\" aria-describedby=\"caption-attachment-162839\" class=\"size-medium wp-image-162839\" alt=\"Gregorio Jim\u00e9nez de la Cruz fue sustra\u00eddo de su domicilio el pasado mi\u00e9rcoles 5 de febrero.\" src=\"http:\/\/www.diarioimagen.net\/wp-content\/uploads\/2014\/02\/PERIODISTA-portal-240x135.jpg\" width=\"240\" height=\"135\" srcset=\"https:\/\/www.diarioimagen.net\/wp-content\/uploads\/2014\/02\/PERIODISTA-portal-240x135.jpg 240w, https:\/\/www.diarioimagen.net\/wp-content\/uploads\/2014\/02\/PERIODISTA-portal-420x236.jpg 420w, https:\/\/www.diarioimagen.net\/wp-content\/uploads\/2014\/02\/PERIODISTA-portal-235x132.jpg 235w, https:\/\/www.diarioimagen.net\/wp-content\/uploads\/2014\/02\/PERIODISTA-portal-202x114.jpg 202w, https:\/\/www.diarioimagen.net\/wp-content\/uploads\/2014\/02\/PERIODISTA-portal-350x196.jpg 350w, https:\/\/www.diarioimagen.net\/wp-content\/uploads\/2014\/02\/PERIODISTA-portal-220x123.jpg 220w, https:\/\/www.diarioimagen.net\/wp-content\/uploads\/2014\/02\/PERIODISTA-portal-237x132.jpg 237w, https:\/\/www.diarioimagen.net\/wp-content\/uploads\/2014\/02\/PERIODISTA-portal.jpg 480w\" sizes=\"auto, (max-width: 240px) 100vw, 240px\" \/><\/a><p id=\"caption-attachment-162839\" class=\"wp-caption-text\">Gregorio Jim\u00e9nez de la Cruz fue sustra\u00eddo de su domicilio el pasado mi\u00e9rcoles 5 de febrero.<\/p><\/div>\n<p>El cad\u00e1ver del periodista Gregorio Jim\u00e9nez de la Cruz fue encontrado ayer junto con otros dos cuerpos en una fosa clandestina en una fosa localizada en el municipio de Las Choapas,\u00a0 confirmaron fuentes del gobierno veracruzano<\/p>\n<p>Por este hecho est\u00e1n detenidas cuatro personas que confesaron haber sido contratadas por una vecina, identificada como Teresa de Jes\u00fas Hern\u00e1ndez Cruz, tambi\u00e9n capturada, para plagiar y asesinar al comunicador.<\/p>\n<p>Los detenidos condujeron a elementos de la Agencia Veracruzana de Investigaci\u00f3n (AVI), Ej\u00e9rcito Mexicano y Marina Armada de M\u00e9xico a una casa de seguridad en el municipio de Las Choapas.<\/p>\n<p>De ah\u00ed, los detenidos llevaron a los agentes ministeriales a un lugar en donde se localizaron los cuerpos inhumados de forma clandestina de tres personas, entre ellos el del periodista.<\/p>\n<p>Gregorio Jim\u00e9nez de la Cruz fue raptado de su domicilio en Coatzacoalcos la semana pasada, por lo que el gobierno del estado despleg\u00f3 un operativo para su localizaci\u00f3n.<\/p>\n","protected":false},"excerpt":{"rendered":"<p>El cad\u00e1ver del periodista Gregorio Jim\u00e9nez de la Cruz fue encontrado ayer junto con otros dos cuerpos en una fosa clandestina en una fosa localizada en el municipio de Las Choapas,  confirmaron fuentes del gobierno veracruzano<\/p>\n","protected":false},"author":5,"featured_media":162839,"comment_status":"open","ping_status":"open","sticky":false,"template":"","format":"standard","meta":{"_monsterinsights_skip_tracking":false,"_monsterinsights_sitenote_active":false,"_monsterinsights_sitenote_note":"","_monsterinsights_sitenote_category":0,"footnotes":""},"categories":[7],"tags":[43677,52],"class_list":["post-162838","post","type-post","status-publish","format-standard","has-post-thumbnail","hentry","category-seguridad","tag-seguridad","tag-veracruz"],"_links":{"self":[{"href":"https:\/\/www.diarioimagen.net\/index.php?rest_route=\/wp\/v2\/posts\/162838","targetHints":{"allow":["GET"]}}],"collection":[{"href":"https:\/\/www.diarioimagen.net\/index.php?rest_route=\/wp\/v2\/posts"}],"about":[{"href":"https:\/\/www.diarioimagen.net\/index.php?rest_route=\/wp\/v2\/types\/post"}],"author":[{"embeddable":true,"href":"https:\/\/www.diarioimagen.net\/index.php?rest_route=\/wp\/v2\/users\/5"}],"replies":[{"embeddable":true,"href":"https:\/\/www.diarioimagen.net\/index.php?rest_route=%2Fwp%2Fv2%2Fcomments&post=162838"}],"version-history":[{"count":0,"href":"https:\/\/www.diarioimagen.net\/index.php?rest_route=\/wp\/v2\/posts\/162838\/revisions"}],"wp:featuredmedia":[{"embeddable":true,"href":"https:\/\/www.diarioimagen.net\/index.php?rest_route=\/wp\/v2\/media\/162839"}],"wp:attachment":[{"href":"https:\/\/www.diarioimagen.net\/index.php?rest_route=%2Fwp%2Fv2%2Fmedia&parent=162838"}],"wp:term":[{"taxonomy":"category","embeddable":true,"href":"https:\/\/www.diarioimagen.net\/index.php?rest_route=%2Fwp%2Fv2%2Fcategories&post=162838"},{"taxonomy":"post_tag","embeddable":true,"href":"https:\/\/www.diarioimagen.net\/index.php?rest_route=%2Fwp%2Fv2%2Ftags&post=162838"}],"curies":[{"name":"wp","href":"https:\/\/api.w.org\/{rel}","templated":true}]}}