{"id":162867,"date":"2014-02-12T00:13:53","date_gmt":"2014-02-12T06:13:53","guid":{"rendered":"http:\/\/www.diarioimagen.net\/?p=162867"},"modified":"2014-02-12T03:06:55","modified_gmt":"2014-02-12T09:06:55","slug":"eruviel-avila-apoya-reforma-migratoria-en-estados-unidos","status":"publish","type":"post","link":"https:\/\/www.diarioimagen.net\/?p=162867","title":{"rendered":"Eruviel \u00c1vila apoya reforma migratoria en Estados Unidos"},"content":{"rendered":"<h2>Arco Norte<\/h2>\n<h5>Jos\u00e9 Luis Monta\u00f1ez Aguilar<\/h5>\n<p><span>\u00a0<\/span><\/p>\n<div id=\"attachment_162961\" style=\"width: 250px\" class=\"wp-caption alignleft\"><a href=\"http:\/\/www.diarioimagen.net\/wp-content\/uploads\/2014\/02\/arco-2291.jpg\"><img loading=\"lazy\" decoding=\"async\" aria-describedby=\"caption-attachment-162961\" class=\"size-medium wp-image-162961\" alt=\"El gobernador del Estado de M\u00e9xico, Eruviel \u00c1vila Villegas.\" src=\"http:\/\/www.diarioimagen.net\/wp-content\/uploads\/2014\/02\/arco-2291-240x135.jpg\" width=\"240\" height=\"135\" srcset=\"https:\/\/www.diarioimagen.net\/wp-content\/uploads\/2014\/02\/arco-2291-240x135.jpg 240w, https:\/\/www.diarioimagen.net\/wp-content\/uploads\/2014\/02\/arco-2291-420x236.jpg 420w, https:\/\/www.diarioimagen.net\/wp-content\/uploads\/2014\/02\/arco-2291-235x132.jpg 235w, https:\/\/www.diarioimagen.net\/wp-content\/uploads\/2014\/02\/arco-2291-202x114.jpg 202w, https:\/\/www.diarioimagen.net\/wp-content\/uploads\/2014\/02\/arco-2291-350x196.jpg 350w, https:\/\/www.diarioimagen.net\/wp-content\/uploads\/2014\/02\/arco-2291-220x123.jpg 220w, https:\/\/www.diarioimagen.net\/wp-content\/uploads\/2014\/02\/arco-2291-237x132.jpg 237w, https:\/\/www.diarioimagen.net\/wp-content\/uploads\/2014\/02\/arco-2291.jpg 480w\" sizes=\"auto, (max-width: 240px) 100vw, 240px\" \/><\/a><p id=\"caption-attachment-162961\" class=\"wp-caption-text\">El gobernador del Estado de M\u00e9xico, Eruviel \u00c1vila Villegas.<\/p><\/div>\n<p><span>El gobernador Eruviel \u00c1vila Villegas se pronunci\u00f3 a favor de la reforma migratoria en Estados Unidos, mediante la cual se reconozca a los mexicanos por su aportaci\u00f3n econ\u00f3mica y social a ese pa\u00eds y se les otorguen los derechos que requieren; adem\u00e1s de reconocer a su hom\u00f3logo de Illinois, Pat Quinn, por ser uno de los gobernantes de la Uni\u00f3n Americana que ha manifestado su apoyo a dicha reforma. En gira de trabajo por esta ciudad estadunidense, el gobernador mexiquense se\u00f1al\u00f3: \u201cHoy nos reunimos el gobernador Pat Quinn, nuestras delegaciones, su amigo el gobernador del Estado de M\u00e9xico, para honrar a estos grandes hombres y, tambi\u00e9n, para fortalecer las relaciones de M\u00e9xico y Estados Unidos, para fortalecer las relaciones comerciales, de amistad, culturales, y hoy aqu\u00ed, ante Benito Ju\u00e1rez, ante esa estatua que nos honra a los mexicanos y que se tiene en este lugar tan especial, tan digno, tan hermoso, le quiero reiterar el agradecimiento al gobernador Pat Quinn, porque ha sido de los pocos gobernantes en Estados Unidos, que se ha pronunciado a favor de una reforma migratoria. Yo como extranjero, como mexicano, como gobernador, soy muy respetuoso de las decisiones que tomen los congresistas, pero s\u00ed me pronuncio a favor de la reforma migratoria que apoye a nuestros paisanos, les d\u00e9 su dignidad y les reconozca por su gran aportaci\u00f3n econ\u00f3mica y social aqu\u00ed en los Estados Unidos\u201d, expres\u00f3 Al depositar una ofrenda floral en el monumento de Benito Ju\u00e1rez Garc\u00eda, en la Plaza de las Am\u00e9ricas de la Magnificent Mile, una de las vialidades m\u00e1s importantes de Chicago, Eruviel \u00c1vila destac\u00f3 la buena relaci\u00f3n que existe entre M\u00e9xico y esta ciudad americana, e hizo votos para que contin\u00fae, con el objetivo de fortalecer los lazos de amistad y comerciales.<\/span><\/p>\n<p><em><\/em><em><a href=\"mailto:montanezaguilar@gmail.com\" target=\"_blank\">montanezaguilar@gmail.com<\/a><\/em><\/p>\n","protected":false},"excerpt":{"rendered":"<p><span style=\"color: #005497;\"><strong>Jos\u00e9 Luis Monta\u00f1ez Aguilar<\/strong><\/span><br \/>\n<br \/>\nEl gobernador Eruviel \u00c1vila Villegas se pronunci\u00f3 a favor de la reforma migratoria en Estados Unidos, mediante la cual se reconozca a los mexicanos por su aportaci\u00f3n econ\u00f3mica y social a ese pa\u00eds y se les otorguen los derechos que requieren; adem\u00e1s de reconocer a su hom\u00f3logo de Illinois, Pat Quinn, por ser uno de los gobernantes de la Uni\u00f3n Americana que ha manifestado su apoyo a dicha reforma. <\/p>\n","protected":false},"author":3,"featured_media":162961,"comment_status":"open","ping_status":"open","sticky":false,"template":"","format":"standard","meta":{"_monsterinsights_skip_tracking":false,"_monsterinsights_sitenote_active":false,"_monsterinsights_sitenote_note":"","_monsterinsights_sitenote_category":0,"footnotes":""},"categories":[5],"tags":[13284,6244,5828,43675,43704,43674],"class_list":["post-162867","post","type-post","status-publish","format-standard","has-post-thumbnail","hentry","category-estado-de-mexico","tag-arco-norte","tag-chicago","tag-eruviel-avila-villegas","tag-estado-de-mexico","tag-jose-luis-montanez-aguilar","tag-opinion"],"_links":{"self":[{"href":"https:\/\/www.diarioimagen.net\/index.php?rest_route=\/wp\/v2\/posts\/162867","targetHints":{"allow":["GET"]}}],"collection":[{"href":"https:\/\/www.diarioimagen.net\/index.php?rest_route=\/wp\/v2\/posts"}],"about":[{"href":"https:\/\/www.diarioimagen.net\/index.php?rest_route=\/wp\/v2\/types\/post"}],"author":[{"embeddable":true,"href":"https:\/\/www.diarioimagen.net\/index.php?rest_route=\/wp\/v2\/users\/3"}],"replies":[{"embeddable":true,"href":"https:\/\/www.diarioimagen.net\/index.php?rest_route=%2Fwp%2Fv2%2Fcomments&post=162867"}],"version-history":[{"count":0,"href":"https:\/\/www.diarioimagen.net\/index.php?rest_route=\/wp\/v2\/posts\/162867\/revisions"}],"wp:featuredmedia":[{"embeddable":true,"href":"https:\/\/www.diarioimagen.net\/index.php?rest_route=\/wp\/v2\/media\/162961"}],"wp:attachment":[{"href":"https:\/\/www.diarioimagen.net\/index.php?rest_route=%2Fwp%2Fv2%2Fmedia&parent=162867"}],"wp:term":[{"taxonomy":"category","embeddable":true,"href":"https:\/\/www.diarioimagen.net\/index.php?rest_route=%2Fwp%2Fv2%2Fcategories&post=162867"},{"taxonomy":"post_tag","embeddable":true,"href":"https:\/\/www.diarioimagen.net\/index.php?rest_route=%2Fwp%2Fv2%2Ftags&post=162867"}],"curies":[{"name":"wp","href":"https:\/\/api.w.org\/{rel}","templated":true}]}}