{"id":163015,"date":"2014-02-13T00:07:39","date_gmt":"2014-02-13T06:07:39","guid":{"rendered":"http:\/\/www.diarioimagen.net\/?p=163015"},"modified":"2014-02-14T04:50:41","modified_gmt":"2014-02-14T10:50:41","slug":"cae-uno-de-los-secuestradores-de-diego-fernandez-de-cevallos","status":"publish","type":"post","link":"https:\/\/www.diarioimagen.net\/?p=163015","title":{"rendered":"Cae uno de los secuestradores de Diego Fern\u00e1ndez de Cevallos"},"content":{"rendered":"<ul>\n<li><em><strong>Se le detuvo en Puebla, en operativo conjunto de la Secretar\u00eda de Marina-Armada y la PGR<\/strong><\/em><\/li>\n<\/ul>\n<h6>Jos\u00e9 Luis Monta\u00f1ez<\/h6>\n<p><span><br \/>\n<div id=\"attachment_163020\" style=\"width: 250px\" class=\"wp-caption alignleft\"><img loading=\"lazy\" decoding=\"async\" aria-describedby=\"caption-attachment-163020\" class=\"size-medium wp-image-163020  \" alt=\"Diego Fern\u00e1ndez de Cevallos fue privado de su libertad el 14 de mayo de 2011 al filo de las 11 de la noche, cuando llegaba a su rancho conocido como La Caba\u00f1a, en el estado de Quer\u00e9taro. \" src=\"http:\/\/www.diarioimagen.net\/wp-content\/uploads\/2014\/02\/DIEGO-PORTAL-240x135.jpg\" width=\"240\" height=\"135\" srcset=\"https:\/\/www.diarioimagen.net\/wp-content\/uploads\/2014\/02\/DIEGO-PORTAL-240x135.jpg 240w, https:\/\/www.diarioimagen.net\/wp-content\/uploads\/2014\/02\/DIEGO-PORTAL-420x236.jpg 420w, https:\/\/www.diarioimagen.net\/wp-content\/uploads\/2014\/02\/DIEGO-PORTAL-235x132.jpg 235w, https:\/\/www.diarioimagen.net\/wp-content\/uploads\/2014\/02\/DIEGO-PORTAL-202x114.jpg 202w, https:\/\/www.diarioimagen.net\/wp-content\/uploads\/2014\/02\/DIEGO-PORTAL-350x196.jpg 350w, https:\/\/www.diarioimagen.net\/wp-content\/uploads\/2014\/02\/DIEGO-PORTAL-220x123.jpg 220w, https:\/\/www.diarioimagen.net\/wp-content\/uploads\/2014\/02\/DIEGO-PORTAL-237x132.jpg 237w, https:\/\/www.diarioimagen.net\/wp-content\/uploads\/2014\/02\/DIEGO-PORTAL.jpg 480w\" sizes=\"auto, (max-width: 240px) 100vw, 240px\" \/><p id=\"caption-attachment-163020\" class=\"wp-caption-text\">El panista Diego Fern\u00e1ndez de Cevallos tendr\u00e1 que ver a la cara de sus secuestradores.<\/p><\/div><\/p>\n<p>Un colaborador de Joaqu\u00edn <i>El Chapo<\/i> Guzm\u00e1n Loera, se\u00f1alado como uno de los responsables de haber plagiado al panista Diego Fern\u00e1ndez de Cevallos, fue detenido durante un operativo conjunto de la Secretar\u00eda de Marina y la Procuradur\u00eda General de la Rep\u00fablica. Su nombre es Daniel Fern\u00e1ndez Dom\u00ednguez<i> El Pelacas<\/i>.<\/p>\n<p>Funcionarios del gabinete de Seguridad Nacional informaron que el detenido se encargaba de las operaciones del c\u00e1rtel de Sinaloa en la zona del Baj\u00edo y operaba en los estados de Guanajuato, Quer\u00e9taro, Jalisco, adem\u00e1s de que ten\u00eda relaci\u00f3n con el llamado c\u00e1rtel del Centro, que opera en el Distrito Federal, el estado de M\u00e9xico y Puebla.<\/p>\n<p>En principio no fue revelado el nombre del detenido en un fraccionamiento exclusivo del estado de Puebla, junto con otras dos personas y el decomiso de 10 veh\u00edculos de lujo.<\/p>\n<p>Los detenidos ser\u00edan trasladados a las instalaciones de la Subprocuradur\u00eda Especializada en Investigaci\u00f3n de Delincuencia Organizada. El operativo se realiz\u00f3 al filo de las 4 de la ma\u00f1ana en el fraccionamiento La Vista, en la capital poblana. Participaron m\u00e1s de 50 efectivos de Marina y personal de la PGR.<\/p>\n<p>Diego Fern\u00e1ndez de Cevallos fue privado de su libertad el 14 de mayo de 2011 al filo de las 11 de la noche, cuando llegaba a su rancho conocido como La Caba\u00f1a, en el estado de Quer\u00e9taro. El pol\u00edtico fue liberado por sus captores luego de siete meses y seis d\u00edas.<\/p>\n<p>\u00d3scar Osvaldo Garc\u00eda Montoya <i>El Compayito<\/i>, l\u00edder de la organizaci\u00f3n <i>La Mano con Ojos<\/i>, dedicada al tr\u00e1fico de drogas, extorsi\u00f3n y secuestro en la zona centro del pa\u00eds, declar\u00f3 en 2011 ante la PGJ del Estado de M\u00e9xico que un hombre apodado <i>El Pelacas<\/i> y otro apodado <i>El Ricalde<\/i> fueron los autores intelectuales y materiales del plagio.<\/span><\/p>\n","protected":false},"excerpt":{"rendered":"<p><span style=\"color: #005497;\"><strong>Jos\u00e9 Luis Monta\u00f1ez<\/strong><\/span><br \/>\n<br \/>\nUn colaborador de Joaqu\u00edn <i>El Chapo<\/i> Guzm\u00e1n Loera, se\u00f1alado como uno de los responsables de haber plagiado al panista Diego Fern\u00e1ndez de Cevallos, fue detenido durante un operativo conjunto de la Secretar\u00eda de Marina y la Procuradur\u00eda General de la Rep\u00fablica. Su nombre es Daniel Fern\u00e1ndez Dom\u00ednguez<i> El Pelacas<\/i>.<\/p>\n","protected":false},"author":5,"featured_media":163020,"comment_status":"open","ping_status":"open","sticky":false,"template":"","format":"standard","meta":{"_monsterinsights_skip_tracking":false,"_monsterinsights_sitenote_active":false,"_monsterinsights_sitenote_note":"","_monsterinsights_sitenote_category":0,"footnotes":""},"categories":[17,3],"tags":[7009,43673,27887],"class_list":["post-163015","post","type-post","status-publish","format-standard","has-post-thumbnail","hentry","category-especiales","category-nacional","tag-diego-fernandez-de-cevallos","tag-nacional","tag-procuraduria-general-de-la-republica"],"_links":{"self":[{"href":"https:\/\/www.diarioimagen.net\/index.php?rest_route=\/wp\/v2\/posts\/163015","targetHints":{"allow":["GET"]}}],"collection":[{"href":"https:\/\/www.diarioimagen.net\/index.php?rest_route=\/wp\/v2\/posts"}],"about":[{"href":"https:\/\/www.diarioimagen.net\/index.php?rest_route=\/wp\/v2\/types\/post"}],"author":[{"embeddable":true,"href":"https:\/\/www.diarioimagen.net\/index.php?rest_route=\/wp\/v2\/users\/5"}],"replies":[{"embeddable":true,"href":"https:\/\/www.diarioimagen.net\/index.php?rest_route=%2Fwp%2Fv2%2Fcomments&post=163015"}],"version-history":[{"count":0,"href":"https:\/\/www.diarioimagen.net\/index.php?rest_route=\/wp\/v2\/posts\/163015\/revisions"}],"wp:featuredmedia":[{"embeddable":true,"href":"https:\/\/www.diarioimagen.net\/index.php?rest_route=\/wp\/v2\/media\/163020"}],"wp:attachment":[{"href":"https:\/\/www.diarioimagen.net\/index.php?rest_route=%2Fwp%2Fv2%2Fmedia&parent=163015"}],"wp:term":[{"taxonomy":"category","embeddable":true,"href":"https:\/\/www.diarioimagen.net\/index.php?rest_route=%2Fwp%2Fv2%2Fcategories&post=163015"},{"taxonomy":"post_tag","embeddable":true,"href":"https:\/\/www.diarioimagen.net\/index.php?rest_route=%2Fwp%2Fv2%2Ftags&post=163015"}],"curies":[{"name":"wp","href":"https:\/\/api.w.org\/{rel}","templated":true}]}}