{"id":163046,"date":"2014-02-13T00:13:26","date_gmt":"2014-02-13T06:13:26","guid":{"rendered":"http:\/\/www.diarioimagen.net\/?p=163046"},"modified":"2014-02-13T03:14:02","modified_gmt":"2014-02-13T09:14:02","slug":"eruviel-realizo-una-gira-exitosa-por-chicago","status":"publish","type":"post","link":"https:\/\/www.diarioimagen.net\/?p=163046","title":{"rendered":"Eruviel realiz\u00f3 una gira exitosa por Chicago"},"content":{"rendered":"<h2>Arco Norte<\/h2>\n<h5>Jos\u00e9 Luis Monta\u00f1ez Aguilar<\/h5>\n<p><span>\u00a0<\/span><\/p>\n<div id=\"attachment_163123\" style=\"width: 250px\" class=\"wp-caption alignleft\"><a href=\"http:\/\/www.diarioimagen.net\/wp-content\/uploads\/2014\/02\/arco-2292.jpg\"><img loading=\"lazy\" decoding=\"async\" aria-describedby=\"caption-attachment-163123\" class=\"size-medium wp-image-163123\" alt=\"Eruviel \u00c1vila Villegas, gobernador del Estado de M\u00e9xico.\" src=\"http:\/\/www.diarioimagen.net\/wp-content\/uploads\/2014\/02\/arco-2292-240x159.jpg\" width=\"240\" height=\"159\" srcset=\"https:\/\/www.diarioimagen.net\/wp-content\/uploads\/2014\/02\/arco-2292-240x159.jpg 240w, https:\/\/www.diarioimagen.net\/wp-content\/uploads\/2014\/02\/arco-2292-420x279.jpg 420w, https:\/\/www.diarioimagen.net\/wp-content\/uploads\/2014\/02\/arco-2292.jpg 700w\" sizes=\"auto, (max-width: 240px) 100vw, 240px\" \/><\/a><p id=\"caption-attachment-163123\" class=\"wp-caption-text\">Eruviel \u00c1vila Villegas, gobernador del Estado de M\u00e9xico.<\/p><\/div>\n<p><span>El gobernador Eruviel \u00c1vila Villegas calific\u00f3 como exitosa la gira que realiz\u00f3 los d\u00edas 10 y 11 de febrero por Illinois, Estados Unidos, donde inaugur\u00f3 junto con su hom\u00f3logo de este estado de la Uni\u00f3n Americana, Pat Quinn, la Casa Estado de M\u00e9xico, que permitir\u00e1 acercar los servicios de la administraci\u00f3n estatal a los m\u00e1s de 100 mil mexiquenses que radican en esa zona; se pronunci\u00f3 a favor de la reforma migratoria y don\u00f3 un \u00e1rbol de la vida al Museo Nacional de Arte Mexicano. Esto, al firmar como testigo de honor el convenio que signaron el Instituto de la Funci\u00f3n Registral de la entidad y el Tecnol\u00f3gico de Estudios Superiores de Coacalco, donde anunci\u00f3 que el Ejecutivo mexiquense public\u00f3 el acuerdo con el que se crea el Comit\u00e9 Intersecretarial para la Consolidaci\u00f3n del Gobierno Digital e Innovaci\u00f3n, con el objetivo de coordinar, promover, ejecutar y evaluar estrategias, proyectos y acciones para implementar y desarrollar tecnolog\u00edas de la informaci\u00f3n y comunicaci\u00f3n, que permitan ofrecer tr\u00e1mites electr\u00f3nicos de mayor calidad a los ciudadanos y fortalecer la coordinaci\u00f3n entre dependencias y organismos auxiliares.<\/span><\/p>\n<p align=\"center\"><b>Firman convenio Secretar\u00eda del Trabajo de Edomex y Chihuahua<\/b><\/p>\n<p>Por otra parte, en la capital de Chihuahua, las secretar\u00edas del Trabajo del Estado de M\u00e9xico y de esa entidad, firmaron un convenio de colaboraci\u00f3n para transferir informaci\u00f3n, tecnolog\u00eda, experiencias y procesos implantados en las salas de Justicia de Oralidad en Materia Laboral del estado norte\u00f1o, y con ello optimizar el uso de tecnolog\u00eda, reducir tiempos de atenci\u00f3n y desahogo de las demandas, y estrechar la coordinaci\u00f3n entre los sectores obrero-patronal.\u00a0El secretario del Trabajo mexiquense, Javier Garc\u00eda Bejos, destac\u00f3 que este acuerdo permitir\u00e1 a los funcionarios del Edomex conocer las experiencias exitosas en materia de impartici\u00f3n de justicia.<\/p>\n<p><em><\/em><em><a href=\"mailto:montanezaguilar@gmail.com\" target=\"_blank\">montanezaguilar@gmail.com<\/a><\/em><\/p>\n","protected":false},"excerpt":{"rendered":"<p><span style=\"color: #005497;\"><strong>Jos\u00e9 Luis Monta\u00f1ez Aguilar<\/strong><\/span><br \/>\n<br \/>\nEl gobernador Eruviel \u00c1vila Villegas calific\u00f3 como exitosa la gira que realiz\u00f3 los d\u00edas 10 y 11 de febrero por Illinois, Estados Unidos, donde inaugur\u00f3 junto con su hom\u00f3logo de este estado de la Uni\u00f3n Americana, Pat Quinn, la Casa Estado de M\u00e9xico, que permitir\u00e1 acercar los servicios de la administraci\u00f3n estatal a los m\u00e1s de 100 mil mexiquenses que radican en esa zona; se pronunci\u00f3 a favor de la reforma migratoria y don\u00f3 un \u00e1rbol de la vida al Museo Nacional de Arte Mexicano. <\/p>\n","protected":false},"author":3,"featured_media":163123,"comment_status":"open","ping_status":"open","sticky":false,"template":"","format":"standard","meta":{"_monsterinsights_skip_tracking":false,"_monsterinsights_sitenote_active":false,"_monsterinsights_sitenote_note":"","_monsterinsights_sitenote_category":0,"footnotes":""},"categories":[5],"tags":[13284,6244,5828,43704,43674,3335],"class_list":["post-163046","post","type-post","status-publish","format-standard","has-post-thumbnail","hentry","category-estado-de-mexico","tag-arco-norte","tag-chicago","tag-eruviel-avila-villegas","tag-jose-luis-montanez-aguilar","tag-opinion","tag-union-americana"],"_links":{"self":[{"href":"https:\/\/www.diarioimagen.net\/index.php?rest_route=\/wp\/v2\/posts\/163046","targetHints":{"allow":["GET"]}}],"collection":[{"href":"https:\/\/www.diarioimagen.net\/index.php?rest_route=\/wp\/v2\/posts"}],"about":[{"href":"https:\/\/www.diarioimagen.net\/index.php?rest_route=\/wp\/v2\/types\/post"}],"author":[{"embeddable":true,"href":"https:\/\/www.diarioimagen.net\/index.php?rest_route=\/wp\/v2\/users\/3"}],"replies":[{"embeddable":true,"href":"https:\/\/www.diarioimagen.net\/index.php?rest_route=%2Fwp%2Fv2%2Fcomments&post=163046"}],"version-history":[{"count":0,"href":"https:\/\/www.diarioimagen.net\/index.php?rest_route=\/wp\/v2\/posts\/163046\/revisions"}],"wp:featuredmedia":[{"embeddable":true,"href":"https:\/\/www.diarioimagen.net\/index.php?rest_route=\/wp\/v2\/media\/163123"}],"wp:attachment":[{"href":"https:\/\/www.diarioimagen.net\/index.php?rest_route=%2Fwp%2Fv2%2Fmedia&parent=163046"}],"wp:term":[{"taxonomy":"category","embeddable":true,"href":"https:\/\/www.diarioimagen.net\/index.php?rest_route=%2Fwp%2Fv2%2Fcategories&post=163046"},{"taxonomy":"post_tag","embeddable":true,"href":"https:\/\/www.diarioimagen.net\/index.php?rest_route=%2Fwp%2Fv2%2Ftags&post=163046"}],"curies":[{"name":"wp","href":"https:\/\/api.w.org\/{rel}","templated":true}]}}