{"id":163118,"date":"2014-02-13T00:05:21","date_gmt":"2014-02-13T06:05:21","guid":{"rendered":"http:\/\/www.diarioimagen.net\/?p=163118"},"modified":"2014-02-13T04:04:44","modified_gmt":"2014-02-13T10:04:44","slug":"hallan-tres-cadaveres-en-estaciones-del-metro","status":"publish","type":"post","link":"https:\/\/www.diarioimagen.net\/?p=163118","title":{"rendered":"Hallan tres cad\u00e1veres en estaciones del Metro"},"content":{"rendered":"<ul>\n<li><strong><em>En Tasque\u00f1a e Insurgentes<\/em><\/strong><\/li>\n<\/ul>\n<div id=\"attachment_163154\" style=\"width: 250px\" class=\"wp-caption alignleft\"><a href=\"http:\/\/www.diarioimagen.net\/wp-content\/uploads\/2014\/02\/METRO-2292.jpg\"><img loading=\"lazy\" decoding=\"async\" aria-describedby=\"caption-attachment-163154\" class=\"size-medium wp-image-163154\" alt=\"El cad\u00e1ver de un hombre apareci\u00f3 cerca de una de las entradas a la estaci\u00f3n del Metro Insurgentes.\" src=\"http:\/\/www.diarioimagen.net\/wp-content\/uploads\/2014\/02\/METRO-2292-240x135.jpg\" width=\"240\" height=\"135\" srcset=\"https:\/\/www.diarioimagen.net\/wp-content\/uploads\/2014\/02\/METRO-2292-240x135.jpg 240w, https:\/\/www.diarioimagen.net\/wp-content\/uploads\/2014\/02\/METRO-2292-420x236.jpg 420w, https:\/\/www.diarioimagen.net\/wp-content\/uploads\/2014\/02\/METRO-2292-235x132.jpg 235w, https:\/\/www.diarioimagen.net\/wp-content\/uploads\/2014\/02\/METRO-2292-202x114.jpg 202w, https:\/\/www.diarioimagen.net\/wp-content\/uploads\/2014\/02\/METRO-2292-350x196.jpg 350w, https:\/\/www.diarioimagen.net\/wp-content\/uploads\/2014\/02\/METRO-2292-220x123.jpg 220w, https:\/\/www.diarioimagen.net\/wp-content\/uploads\/2014\/02\/METRO-2292-237x132.jpg 237w, https:\/\/www.diarioimagen.net\/wp-content\/uploads\/2014\/02\/METRO-2292.jpg 480w\" sizes=\"auto, (max-width: 240px) 100vw, 240px\" \/><\/a><p id=\"caption-attachment-163154\" class=\"wp-caption-text\">El cad\u00e1ver de un hombre apareci\u00f3 cerca de una de las entradas a la estaci\u00f3n del Metro Insurgentes.<\/p><\/div>\n<p>En las inmediaciones de las estaciones Tasque\u00f1a, de la l\u00ednea 2, e Insurgentes de la l\u00ednea 1 del Sistema de Transporte Colectivo (STC) Metro se localizaron ayer los cuerpos de tres personas.<\/p>\n<p>En Tasque\u00f1a, un primer cad\u00e1ver fue localizado en el and\u00e9n F, en la zona del paradero sur, el cual se presume era un indigente, mientras en el interior de la estaci\u00f3n del Tren Ligero, entre unos tinacos de agua, se encontr\u00f3 el cuerpo de una mujer.<\/p>\n<p>Personal de limpieza que labora en el lugar, identific\u00f3 a la v\u00edctima como Aracely Sandoval de aproximadamente 30 a\u00f1os de edad, quien era su compa\u00f1era de trabajo.<\/p>\n<p>Ante ello se registr\u00f3 una movilizaci\u00f3n de los servicios de emergencia, policiaca y de Protecci\u00f3n Civil, los cuales luego de algunos minutos retiraron los cuerpos de las dos personas, para trasladarlos al anfiteatro de la delegaci\u00f3n Coyoac\u00e1n, donde se iniciar\u00e1n las averiguaciones previas correspondientes.<\/p>\n<p>Por otra parte, en la estaci\u00f3n del Metro Insurgentes, el cuerpo de un hombre de aproximadamente 30 a\u00f1os de edad fue encontrado\u00a0 a unos metros de una de las entradas a dicho medio de transporte. Al lugar arribaron elementos de Protecci\u00f3n Civil del STC, as\u00ed como de la SSPDF y los servicios periciales de la Procuradur\u00eda capitalina.<\/p>\n<p>&nbsp;<\/p>\n","protected":false},"excerpt":{"rendered":"<p>En las inmediaciones de las estaciones Tasque\u00f1a, de la l\u00ednea 2, e Insurgentes de la l\u00ednea 1 del Sistema de Transporte Colectivo (STC) Metro se localizaron ayer los cuerpos de tres personas.<\/p>\n","protected":false},"author":3,"featured_media":163154,"comment_status":"open","ping_status":"open","sticky":false,"template":"","format":"standard","meta":{"_monsterinsights_skip_tracking":false,"_monsterinsights_sitenote_active":false,"_monsterinsights_sitenote_note":"","_monsterinsights_sitenote_category":0,"footnotes":""},"categories":[7],"tags":[7768,163,43677,1889,19737],"class_list":["post-163118","post","type-post","status-publish","format-standard","has-post-thumbnail","hentry","category-seguridad","tag-cadaveres","tag-metro","tag-seguridad","tag-sistema-de-transporte-colectivo","tag-tren-ligero"],"_links":{"self":[{"href":"https:\/\/www.diarioimagen.net\/index.php?rest_route=\/wp\/v2\/posts\/163118","targetHints":{"allow":["GET"]}}],"collection":[{"href":"https:\/\/www.diarioimagen.net\/index.php?rest_route=\/wp\/v2\/posts"}],"about":[{"href":"https:\/\/www.diarioimagen.net\/index.php?rest_route=\/wp\/v2\/types\/post"}],"author":[{"embeddable":true,"href":"https:\/\/www.diarioimagen.net\/index.php?rest_route=\/wp\/v2\/users\/3"}],"replies":[{"embeddable":true,"href":"https:\/\/www.diarioimagen.net\/index.php?rest_route=%2Fwp%2Fv2%2Fcomments&post=163118"}],"version-history":[{"count":0,"href":"https:\/\/www.diarioimagen.net\/index.php?rest_route=\/wp\/v2\/posts\/163118\/revisions"}],"wp:featuredmedia":[{"embeddable":true,"href":"https:\/\/www.diarioimagen.net\/index.php?rest_route=\/wp\/v2\/media\/163154"}],"wp:attachment":[{"href":"https:\/\/www.diarioimagen.net\/index.php?rest_route=%2Fwp%2Fv2%2Fmedia&parent=163118"}],"wp:term":[{"taxonomy":"category","embeddable":true,"href":"https:\/\/www.diarioimagen.net\/index.php?rest_route=%2Fwp%2Fv2%2Fcategories&post=163118"},{"taxonomy":"post_tag","embeddable":true,"href":"https:\/\/www.diarioimagen.net\/index.php?rest_route=%2Fwp%2Fv2%2Ftags&post=163118"}],"curies":[{"name":"wp","href":"https:\/\/api.w.org\/{rel}","templated":true}]}}