{"id":163183,"date":"2014-02-14T00:02:16","date_gmt":"2014-02-14T06:02:16","guid":{"rendered":"http:\/\/www.diarioimagen.net\/?p=163183"},"modified":"2014-02-15T03:45:51","modified_gmt":"2014-02-15T09:45:51","slug":"el-papa-francisco-expulsa-de-la-iglesia-a-sacerdote-pederasta","status":"publish","type":"post","link":"https:\/\/www.diarioimagen.net\/?p=163183","title":{"rendered":"El papa Francisco expulsa de la Iglesia a sacerdote pederasta"},"content":{"rendered":"<ul>\n<li><em><strong>Marco Mangiacasale fue hallado culpable de haber abusado de cuatro menores<\/strong><\/em><\/li>\n<\/ul>\n<div id=\"attachment_163184\" style=\"width: 250px\" class=\"wp-caption alignleft\"><img loading=\"lazy\" decoding=\"async\" aria-describedby=\"caption-attachment-163184\" class=\"size-medium wp-image-163184 \" alt=\"El 17 de enero, el papa Francisco conden\u00f3 \u201clos numerosos esc\u00e1ndalos\u201d que han azotado a la Iglesia, al reconocer que son \u201cuna verg\u00fcenza\u201d, en momentos en que un enviado de la Santa Sede comparece ante un organismo de la ONU por los abusos sexuales cometidos por religiosos.\" src=\"http:\/\/www.diarioimagen.net\/wp-content\/uploads\/2014\/02\/PAPA-PORTAL-240x135.jpg\" width=\"240\" height=\"135\" srcset=\"https:\/\/www.diarioimagen.net\/wp-content\/uploads\/2014\/02\/PAPA-PORTAL-240x135.jpg 240w, https:\/\/www.diarioimagen.net\/wp-content\/uploads\/2014\/02\/PAPA-PORTAL-420x236.jpg 420w, https:\/\/www.diarioimagen.net\/wp-content\/uploads\/2014\/02\/PAPA-PORTAL-235x132.jpg 235w, https:\/\/www.diarioimagen.net\/wp-content\/uploads\/2014\/02\/PAPA-PORTAL-202x114.jpg 202w, https:\/\/www.diarioimagen.net\/wp-content\/uploads\/2014\/02\/PAPA-PORTAL-350x196.jpg 350w, https:\/\/www.diarioimagen.net\/wp-content\/uploads\/2014\/02\/PAPA-PORTAL-220x123.jpg 220w, https:\/\/www.diarioimagen.net\/wp-content\/uploads\/2014\/02\/PAPA-PORTAL-237x132.jpg 237w, https:\/\/www.diarioimagen.net\/wp-content\/uploads\/2014\/02\/PAPA-PORTAL.jpg 480w\" sizes=\"auto, (max-width: 240px) 100vw, 240px\" \/><p id=\"caption-attachment-163184\" class=\"wp-caption-text\">El Sumo Pont\u00edfice estableci\u00f3 un precedente: expulsar a un sacerdote italiano de la Iglesia cat\u00f3lica antes de que sea juzgado por la justicia de su pa\u00eds por pederastia.<\/p><\/div>\n<p>Antes de que actuara la justicia italiana, el papa Francisco orden\u00f3 la expulsi\u00f3n del sacerdote Marco Mangiacasale, presb\u00edtero de la di\u00f3cesis de Como, hallado culpable de abusos sexuales contra menores en un proceso eclesi\u00e1stico.<\/p>\n<p>El sacerdote se encuentra en espera de la sentencia definitiva en la justicia civil que ya lo encontr\u00f3 culpable de haber abusado de cuatro menores en dos grados distintos de juicio, conden\u00e1ndolo a tres a\u00f1os, cinco meses y 20 d\u00edas de c\u00e1rcel.<\/p>\n<p>Normalmente los tribunales del Vaticano esperan el resultado final en la justicia civil, si existe un proceso en curso, antes de dictar sentencia. En este caso se obvi\u00f3 la espera, lo cual implica que las pruebas contra el imputado eran contundentes.<\/p>\n<p>La sanci\u00f3n aplicada fue de \u201creducci\u00f3n al estado laical\u201d que lo alejar\u00e1 definitivamente del sacerdote, prohibi\u00e9ndole cualquier posibilidad de celebrar misa, administrar sacramentos o estar en contacto con menores en el \u00e1mbito eclesi\u00e1stico.<\/p>\n<p>El procedimiento contra el ahora ex p\u00e1rroco y ec\u00f3nomo de la iglesia de San Giuliano lleg\u00f3 firmado directamente por el Papa y el prefecto de la Congregaci\u00f3n para la Doctrina de la Fe, Gerhard Ludwig Mueller.<\/p>\n<p>Ya el 5 de abril de 2013, Francisco hab\u00eda asegurado, con una nota p\u00fablica, su decisi\u00f3n de continuar con la pol\u00edtica de \u201ctolerancia cero\u201d emprendida por su predecesor, Benedicto XVI, que entre 2011 y 2012 dictamin\u00f3 la expulsi\u00f3n de 400 sacerdotes culpables de estos delitos.<\/p>\n<p>El 17 de enero, el papa Francisco conden\u00f3 \u201clos numerosos esc\u00e1ndalos\u201d que han azotado a la Iglesia, al reconocer que son \u201cuna verg\u00fcenza\u201d, en momentos en que un enviado de la Santa Sede comparece ante un organismo de la ONU por los abusos sexuales cometidos por religiosos.<\/p>\n","protected":false},"excerpt":{"rendered":"<p>Antes de que actuara la justicia italiana, el papa Francisco orden\u00f3 la expulsi\u00f3n del sacerdote Marco Mangiacasale, presb\u00edtero de la di\u00f3cesis de Como, hallado culpable de abusos sexuales contra menores en un proceso eclesi\u00e1stico.<\/p>\n","protected":false},"author":5,"featured_media":163184,"comment_status":"open","ping_status":"open","sticky":false,"template":"","format":"standard","meta":{"_monsterinsights_skip_tracking":false,"_monsterinsights_sitenote_active":false,"_monsterinsights_sitenote_note":"","_monsterinsights_sitenote_category":0,"footnotes":""},"categories":[17,9],"tags":[43679,27296,846],"class_list":["post-163183","post","type-post","status-publish","format-standard","has-post-thumbnail","hentry","category-especiales","category-mundo","tag-mundo","tag-pederasta","tag-roma"],"_links":{"self":[{"href":"https:\/\/www.diarioimagen.net\/index.php?rest_route=\/wp\/v2\/posts\/163183","targetHints":{"allow":["GET"]}}],"collection":[{"href":"https:\/\/www.diarioimagen.net\/index.php?rest_route=\/wp\/v2\/posts"}],"about":[{"href":"https:\/\/www.diarioimagen.net\/index.php?rest_route=\/wp\/v2\/types\/post"}],"author":[{"embeddable":true,"href":"https:\/\/www.diarioimagen.net\/index.php?rest_route=\/wp\/v2\/users\/5"}],"replies":[{"embeddable":true,"href":"https:\/\/www.diarioimagen.net\/index.php?rest_route=%2Fwp%2Fv2%2Fcomments&post=163183"}],"version-history":[{"count":0,"href":"https:\/\/www.diarioimagen.net\/index.php?rest_route=\/wp\/v2\/posts\/163183\/revisions"}],"wp:featuredmedia":[{"embeddable":true,"href":"https:\/\/www.diarioimagen.net\/index.php?rest_route=\/wp\/v2\/media\/163184"}],"wp:attachment":[{"href":"https:\/\/www.diarioimagen.net\/index.php?rest_route=%2Fwp%2Fv2%2Fmedia&parent=163183"}],"wp:term":[{"taxonomy":"category","embeddable":true,"href":"https:\/\/www.diarioimagen.net\/index.php?rest_route=%2Fwp%2Fv2%2Fcategories&post=163183"},{"taxonomy":"post_tag","embeddable":true,"href":"https:\/\/www.diarioimagen.net\/index.php?rest_route=%2Fwp%2Fv2%2Ftags&post=163183"}],"curies":[{"name":"wp","href":"https:\/\/api.w.org\/{rel}","templated":true}]}}