{"id":163215,"date":"2014-02-14T00:13:33","date_gmt":"2014-02-14T06:13:33","guid":{"rendered":"http:\/\/www.diarioimagen.net\/?p=163215"},"modified":"2014-02-16T23:29:18","modified_gmt":"2014-02-17T05:29:18","slug":"eav-reconoce-al-senado-por-ley-antitrata","status":"publish","type":"post","link":"https:\/\/www.diarioimagen.net\/?p=163215","title":{"rendered":"EAV reconoce al Senado por ley antitrata"},"content":{"rendered":"<h2>Arco Norte<\/h2>\n<h5>Jos\u00e9 Luis Monta\u00f1ez Aguilar<\/h5>\n<p><span>\u00a0<\/span><\/p>\n<div id=\"attachment_163266\" style=\"width: 250px\" class=\"wp-caption alignleft\"><a href=\"http:\/\/www.diarioimagen.net\/wp-content\/uploads\/2014\/02\/arco-2293.jpg\"><img loading=\"lazy\" decoding=\"async\" aria-describedby=\"caption-attachment-163266\" class=\"size-medium wp-image-163266\" alt=\"El gobernador del Estado de M\u00e9xico, Eruviel \u00c1vila Villegas.\" src=\"http:\/\/www.diarioimagen.net\/wp-content\/uploads\/2014\/02\/arco-2293-240x135.jpg\" width=\"240\" height=\"135\" srcset=\"https:\/\/www.diarioimagen.net\/wp-content\/uploads\/2014\/02\/arco-2293-240x135.jpg 240w, https:\/\/www.diarioimagen.net\/wp-content\/uploads\/2014\/02\/arco-2293-420x236.jpg 420w, https:\/\/www.diarioimagen.net\/wp-content\/uploads\/2014\/02\/arco-2293-235x132.jpg 235w, https:\/\/www.diarioimagen.net\/wp-content\/uploads\/2014\/02\/arco-2293-202x114.jpg 202w, https:\/\/www.diarioimagen.net\/wp-content\/uploads\/2014\/02\/arco-2293-350x196.jpg 350w, https:\/\/www.diarioimagen.net\/wp-content\/uploads\/2014\/02\/arco-2293-220x123.jpg 220w, https:\/\/www.diarioimagen.net\/wp-content\/uploads\/2014\/02\/arco-2293-237x132.jpg 237w, https:\/\/www.diarioimagen.net\/wp-content\/uploads\/2014\/02\/arco-2293.jpg 480w\" sizes=\"auto, (max-width: 240px) 100vw, 240px\" \/><\/a><p id=\"caption-attachment-163266\" class=\"wp-caption-text\">El gobernador del Estado de M\u00e9xico, Eruviel \u00c1vila Villegas.<\/p><\/div>\n<p><span>El gobernador Eruviel \u00c1vila Villegas reconoci\u00f3 al Senado de la Rep\u00fablica por la aprobaci\u00f3n de las reformas a la Ley de Trata de Personas, e hizo votos para que la C\u00e1mara de Diputados federal ratifique estas adecuaciones, para que posteriormente el Estado de M\u00e9xico se suma a esta iniciativa mediante la actualizaci\u00f3n de la legislaci\u00f3n local en temas como el incremento a 45 a\u00f1os de pena\u00a0 para quienes cometan este tipo de delitos y tengan un v\u00ednculo familiar o sentimental con la v\u00edctima. \u201cQuiero reconocer a los se\u00f1ores senadores, pero muy en especial, hacerle un reconocimiento a las senadoras de la Rep\u00fablica, que han tenido este tema en su agenda permanentemente y que ayer se lograron reformas muy importantes, trascendentales a esta Ley Federal de Trata de Personas. Mi reconocimiento a esta legislaci\u00f3n, son muy buenas leyes, hay que reconocer que el Senado est\u00e1 trabajando, yo estoy cierto que la C\u00e1mara de Diputados tambi\u00e9n en su momento estar\u00e1 aprobando, si as\u00ed lo considera, esta iniciativa, el Estado de M\u00e9xico se suma a la misma y habremos tambi\u00e9n de adecuar a la brevedad nuestra legislaci\u00f3n en la materia\u201d, mencion\u00f3. El titular del Ejecutivo mexiquense destac\u00f3 que en el Estado de M\u00e9xico ya se tienen avances en esta materia,\u00a0 como la creaci\u00f3n de una fiscal\u00eda especializada para personas que son v\u00edctimas de este delito, e inform\u00f3 que instruy\u00f3 tanto a la consejera jur\u00eddica como al procurador de la entidad, para que ya se trabaje en las adecuaciones correspondientes al marco legal estatal.<\/span><\/p>\n<p><em><\/em><em><a href=\"mailto:montanezaguilar@gmail.com\" target=\"_blank\">montanezaguilar@gmail.com<\/a><\/em><\/p>\n","protected":false},"excerpt":{"rendered":"<p><span style=\"color: #005497;\"><strong>Jos\u00e9 Luis Monta\u00f1ez Aguilar<\/strong><\/span><br \/>\n<br \/>\nEl gobernador Eruviel \u00c1vila Villegas reconoci\u00f3 al Senado de la Rep\u00fablica por la aprobaci\u00f3n de las reformas a la Ley de Trata de Personas, e hizo votos para que la C\u00e1mara de Diputados federal ratifique estas adecuaciones, para que posteriormente el Estado de M\u00e9xico se suma a esta iniciativa mediante la actualizaci\u00f3n de la legislaci\u00f3n local en temas como el incremento a 45 a\u00f1os de pena  para quienes cometan este tipo de delitos y tengan un v\u00ednculo familiar o sentimental con la v\u00edctima.<\/p>\n","protected":false},"author":3,"featured_media":163266,"comment_status":"open","ping_status":"open","sticky":false,"template":"","format":"standard","meta":{"_monsterinsights_skip_tracking":false,"_monsterinsights_sitenote_active":false,"_monsterinsights_sitenote_note":"","_monsterinsights_sitenote_category":0,"footnotes":""},"categories":[5],"tags":[13284,98,43704,43674,116],"class_list":["post-163215","post","type-post","status-publish","format-standard","has-post-thumbnail","hentry","category-estado-de-mexico","tag-arco-norte","tag-camara-de-diputados","tag-jose-luis-montanez-aguilar","tag-opinion","tag-senado-de-la-republica"],"_links":{"self":[{"href":"https:\/\/www.diarioimagen.net\/index.php?rest_route=\/wp\/v2\/posts\/163215","targetHints":{"allow":["GET"]}}],"collection":[{"href":"https:\/\/www.diarioimagen.net\/index.php?rest_route=\/wp\/v2\/posts"}],"about":[{"href":"https:\/\/www.diarioimagen.net\/index.php?rest_route=\/wp\/v2\/types\/post"}],"author":[{"embeddable":true,"href":"https:\/\/www.diarioimagen.net\/index.php?rest_route=\/wp\/v2\/users\/3"}],"replies":[{"embeddable":true,"href":"https:\/\/www.diarioimagen.net\/index.php?rest_route=%2Fwp%2Fv2%2Fcomments&post=163215"}],"version-history":[{"count":0,"href":"https:\/\/www.diarioimagen.net\/index.php?rest_route=\/wp\/v2\/posts\/163215\/revisions"}],"wp:featuredmedia":[{"embeddable":true,"href":"https:\/\/www.diarioimagen.net\/index.php?rest_route=\/wp\/v2\/media\/163266"}],"wp:attachment":[{"href":"https:\/\/www.diarioimagen.net\/index.php?rest_route=%2Fwp%2Fv2%2Fmedia&parent=163215"}],"wp:term":[{"taxonomy":"category","embeddable":true,"href":"https:\/\/www.diarioimagen.net\/index.php?rest_route=%2Fwp%2Fv2%2Fcategories&post=163215"},{"taxonomy":"post_tag","embeddable":true,"href":"https:\/\/www.diarioimagen.net\/index.php?rest_route=%2Fwp%2Fv2%2Ftags&post=163215"}],"curies":[{"name":"wp","href":"https:\/\/api.w.org\/{rel}","templated":true}]}}