{"id":163289,"date":"2014-02-14T00:08:46","date_gmt":"2014-02-14T06:08:46","guid":{"rendered":"http:\/\/www.diarioimagen.net\/?p=163289"},"modified":"2014-02-14T04:23:13","modified_gmt":"2014-02-14T10:23:13","slug":"vuelve-a-tlalnepantla-el-conduce-sin-alcohol","status":"publish","type":"post","link":"https:\/\/www.diarioimagen.net\/?p=163289","title":{"rendered":"Vuelve a Tlalnepantla el \u201cConduce sin Alcohol\u201d"},"content":{"rendered":"<ul>\n<li><strong><em>Se aplicar\u00e1 a partir del s\u00e1bado<\/em><\/strong><\/li>\n<\/ul>\n<div id=\"attachment_163306\" style=\"width: 250px\" class=\"wp-caption alignleft\"><a href=\"http:\/\/www.diarioimagen.net\/wp-content\/uploads\/2014\/02\/TLALNEPANTLA-2293.jpg\"><img loading=\"lazy\" decoding=\"async\" aria-describedby=\"caption-attachment-163306\" class=\"size-medium wp-image-163306\" alt=\"Ricardo Carmona Ponce, director de Tr\u00e1nsito de Tlalnepantla, explic\u00f3 la tecnolog\u00eda, log\u00edstica y equipo que se prepar\u00f3 para el programa sin alcohol.\" src=\"http:\/\/www.diarioimagen.net\/wp-content\/uploads\/2014\/02\/TLALNEPANTLA-2293-240x135.jpg\" width=\"240\" height=\"135\" srcset=\"https:\/\/www.diarioimagen.net\/wp-content\/uploads\/2014\/02\/TLALNEPANTLA-2293-240x135.jpg 240w, https:\/\/www.diarioimagen.net\/wp-content\/uploads\/2014\/02\/TLALNEPANTLA-2293-420x236.jpg 420w, https:\/\/www.diarioimagen.net\/wp-content\/uploads\/2014\/02\/TLALNEPANTLA-2293-235x132.jpg 235w, https:\/\/www.diarioimagen.net\/wp-content\/uploads\/2014\/02\/TLALNEPANTLA-2293-202x114.jpg 202w, https:\/\/www.diarioimagen.net\/wp-content\/uploads\/2014\/02\/TLALNEPANTLA-2293-350x196.jpg 350w, https:\/\/www.diarioimagen.net\/wp-content\/uploads\/2014\/02\/TLALNEPANTLA-2293-220x123.jpg 220w, https:\/\/www.diarioimagen.net\/wp-content\/uploads\/2014\/02\/TLALNEPANTLA-2293-237x132.jpg 237w, https:\/\/www.diarioimagen.net\/wp-content\/uploads\/2014\/02\/TLALNEPANTLA-2293.jpg 480w\" sizes=\"auto, (max-width: 240px) 100vw, 240px\" \/><\/a><p id=\"caption-attachment-163306\" class=\"wp-caption-text\">Ricardo Carmona Ponce, director de Tr\u00e1nsito de Tlalnepantla, explic\u00f3 la tecnolog\u00eda, log\u00edstica y equipo que se prepar\u00f3 para el programa sin alcohol.<\/p><\/div>\n<p><strong>Tlalnepantla, Estado de M\u00e9xico<\/strong>.- El ayuntamiento local reanudar\u00e1 a partir de ma\u00f1ana 15 de febrero la aplicaci\u00f3n del\u00a0programa Conduce sin Alcohol, conocido com\u00fanmente como \u201calcohol\u00edmetro\u201d, con el objetivo primordial de prever accidentes ocasionados por la ingesta inmoderada de alcohol en combinaci\u00f3n con el exceso de velocidad.<\/p>\n<p>La administraci\u00f3n que preside Pablo Bas\u00e1\u00f1ez Garc\u00eda retom\u00f3 el programa que inici\u00f3 en Tlalnepantla en 2010 con buenos resultados, sin embargo, fue suspendido por disposici\u00f3n estatal, pero hoy, en coordinaci\u00f3n con la Secretaria de Seguridad Ciudadana (SSC), el gobierno municipal se ajust\u00f3 a los requerimientos establecidos en Gaceta del Gobierno del 16 de mayo de 2013, y reanudar\u00e1 el programa a partir de este s\u00e1bado 15 de febrero.<\/p>\n<p>Ricardo Carmona Ponce, director de Tr\u00e1nsito, Vialidad y Transporte, inform\u00f3 que Tlalnepantla cuenta con la fuerza, el equipo, la infraestructura y la log\u00edstica que se exige en Gaceta de Gobierno, por lo que a partir de este s\u00e1bado 15 de febrero, y todos los viernes y s\u00e1bados subsecuentes se aplicar\u00e1 el Programa\u00a0Conduce sin Alcohol\u00a0a partir de\u00a0 las 21 horas en puntos aleatorios cada d\u00eda.<\/p>\n<p>Participar\u00e1n la Secretar\u00eda de Seguridad Ciudadana del Estado de M\u00e9xico, \u00a0con elementos femeniles de infracciones, 10 elementos de Seguridad Ciudadana municipal, 12 elementos de Tr\u00e1nsito municipal, la Contralor\u00eda municipal, la Defensor\u00eda de los Derechos Humanos, la Secretar\u00eda del Ayuntamiento con m\u00e9dicos legistas (que aplicar\u00e1n la prueba), conjuntamente con \u00a0la Secretar\u00eda de Salud.<\/p>\n<p>&nbsp;<\/p>\n","protected":false},"excerpt":{"rendered":"<p>El ayuntamiento local reanudar\u00e1 a partir de ma\u00f1ana 15 de febrero la aplicaci\u00f3n del programa Conduce sin Alcohol, conocido com\u00fanmente como \u201calcohol\u00edmetro\u201d, con el objetivo primordial de prever accidentes ocasionados por la ingesta inmoderada de alcohol en combinaci\u00f3n con el exceso de velocidad.<\/p>\n","protected":false},"author":3,"featured_media":163306,"comment_status":"open","ping_status":"open","sticky":false,"template":"","format":"standard","meta":{"_monsterinsights_skip_tracking":false,"_monsterinsights_sitenote_active":false,"_monsterinsights_sitenote_note":"","_monsterinsights_sitenote_category":0,"footnotes":""},"categories":[5],"tags":[985,13292,43675,169],"class_list":["post-163289","post","type-post","status-publish","format-standard","has-post-thumbnail","hentry","category-estado-de-mexico","tag-alcoholimetro","tag-conduce-sin-alcohol","tag-estado-de-mexico","tag-tlalnepantla"],"_links":{"self":[{"href":"https:\/\/www.diarioimagen.net\/index.php?rest_route=\/wp\/v2\/posts\/163289","targetHints":{"allow":["GET"]}}],"collection":[{"href":"https:\/\/www.diarioimagen.net\/index.php?rest_route=\/wp\/v2\/posts"}],"about":[{"href":"https:\/\/www.diarioimagen.net\/index.php?rest_route=\/wp\/v2\/types\/post"}],"author":[{"embeddable":true,"href":"https:\/\/www.diarioimagen.net\/index.php?rest_route=\/wp\/v2\/users\/3"}],"replies":[{"embeddable":true,"href":"https:\/\/www.diarioimagen.net\/index.php?rest_route=%2Fwp%2Fv2%2Fcomments&post=163289"}],"version-history":[{"count":0,"href":"https:\/\/www.diarioimagen.net\/index.php?rest_route=\/wp\/v2\/posts\/163289\/revisions"}],"wp:featuredmedia":[{"embeddable":true,"href":"https:\/\/www.diarioimagen.net\/index.php?rest_route=\/wp\/v2\/media\/163306"}],"wp:attachment":[{"href":"https:\/\/www.diarioimagen.net\/index.php?rest_route=%2Fwp%2Fv2%2Fmedia&parent=163289"}],"wp:term":[{"taxonomy":"category","embeddable":true,"href":"https:\/\/www.diarioimagen.net\/index.php?rest_route=%2Fwp%2Fv2%2Fcategories&post=163289"},{"taxonomy":"post_tag","embeddable":true,"href":"https:\/\/www.diarioimagen.net\/index.php?rest_route=%2Fwp%2Fv2%2Ftags&post=163289"}],"curies":[{"name":"wp","href":"https:\/\/api.w.org\/{rel}","templated":true}]}}