{"id":163420,"date":"2014-02-17T00:09:48","date_gmt":"2014-02-17T06:09:48","guid":{"rendered":"http:\/\/www.diarioimagen.net\/?p=163420"},"modified":"2014-02-17T02:04:18","modified_gmt":"2014-02-17T08:04:18","slug":"buscan-sea-ley-el-plan-mejoramiento-barrial","status":"publish","type":"post","link":"https:\/\/www.diarioimagen.net\/?p=163420","title":{"rendered":"Buscan sea ley el plan Mejoramiento Barrial"},"content":{"rendered":"<ul>\n<li><strong><em>La asamble\u00edsta Ernestina Godoy Ramos afirma que ya se han realizado mesas de trabajo con la Consejer\u00eda Jur\u00eddica capitalina<\/em><\/strong><\/li>\n<\/ul>\n<div id=\"attachment_163508\" style=\"width: 250px\" class=\"wp-caption alignleft\"><a href=\"http:\/\/www.diarioimagen.net\/wp-content\/uploads\/2014\/02\/aldf-2294.jpg\"><img loading=\"lazy\" decoding=\"async\" aria-describedby=\"caption-attachment-163508\" class=\"size-medium wp-image-163508\" alt=\"Ernestina Godoy Ramos, presidenta de la Comisi\u00f3n de Desarrollo Social de la ALDF, se\u00f1ala que se act\u00faa en consenso con el GDF.\" src=\"http:\/\/www.diarioimagen.net\/wp-content\/uploads\/2014\/02\/aldf-2294-240x135.jpg\" width=\"240\" height=\"135\" srcset=\"https:\/\/www.diarioimagen.net\/wp-content\/uploads\/2014\/02\/aldf-2294-240x135.jpg 240w, https:\/\/www.diarioimagen.net\/wp-content\/uploads\/2014\/02\/aldf-2294-420x236.jpg 420w, https:\/\/www.diarioimagen.net\/wp-content\/uploads\/2014\/02\/aldf-2294-235x132.jpg 235w, https:\/\/www.diarioimagen.net\/wp-content\/uploads\/2014\/02\/aldf-2294-202x114.jpg 202w, https:\/\/www.diarioimagen.net\/wp-content\/uploads\/2014\/02\/aldf-2294-350x196.jpg 350w, https:\/\/www.diarioimagen.net\/wp-content\/uploads\/2014\/02\/aldf-2294-220x123.jpg 220w, https:\/\/www.diarioimagen.net\/wp-content\/uploads\/2014\/02\/aldf-2294-237x132.jpg 237w, https:\/\/www.diarioimagen.net\/wp-content\/uploads\/2014\/02\/aldf-2294.jpg 480w\" sizes=\"auto, (max-width: 240px) 100vw, 240px\" \/><\/a><p id=\"caption-attachment-163508\" class=\"wp-caption-text\">Ernestina Godoy Ramos, presidenta de la Comisi\u00f3n de Desarrollo Social de la ALDF, se\u00f1ala que se act\u00faa en consenso con el GDF.<\/p><\/div>\n<p>La Asamblea Legislativa y el gobierno del Distrito Federal presentar\u00e1n de forma conjunta una iniciativa para elevar a rango de ley el Programa de Mejoramiento Barrial, inform\u00f3 la asamble\u00edsta Ernestina Godoy Ramos.<\/p>\n<p>La presidenta de la Comisi\u00f3n de Desarrollo Social se\u00f1al\u00f3 que se han realizado mesas de trabajo con la Consejer\u00eda Jur\u00eddica y de Servicios Legal del gobierno capitalino para elaborar un solo documento de consenso.<\/p>\n<p>Este documento estar\u00eda en posibilidades de presentarse ante la Asamblea Legislativa del Distrito Federal (ALDF) en el pr\u00f3ximo periodo ordinario de sesiones, que inicia en marzo pr\u00f3ximo, precis\u00f3 en un comunicado.<\/p>\n<p>La diputada local perredista destac\u00f3 que esa iniciativa recoge las propuestas de las organizaciones sociales y civiles e instituciones acad\u00e9micas, principales promotores para que ese programa -reconocido a nivel internacional- se convierta en ley.<\/p>\n<p>La propuesta prev\u00e9 fomentar el uso y recuperaci\u00f3n del espacio p\u00fablico y de uso com\u00fan, mediante infraestructura social, imagen urbana y servicios p\u00fablicos, adem\u00e1s de consolidar la participaci\u00f3n ciudadana en el dise\u00f1o, ejecuci\u00f3n y evaluaci\u00f3n de la pol\u00edtica social del Distrito Federal.<\/p>\n<p>Godoy Ramos refiri\u00f3 que el Programa de Mejoramiento Barrial se ha consolidado como una forma de generar procesos organizativos de las comunidades, responde a las demandas ciudadanas y ha influido en las decisiones sobre pol\u00edticas p\u00fablicas del gobierno y en la calidad de vida de miles de personas.<\/p>\n<p>De acuerdo con las reglas de operaci\u00f3n de 2014, aproximadamente 200 proyectos nuevos o de continuidad de Mejoramiento Barrial ser\u00e1n los que se desarrollar\u00e1n en toda la ciudad con un presupuesto de 100 millones de pesos.<\/p>\n<p>Desde 2007 a la fecha el programa ha permitido ejecutar mil 178 proyectos, en beneficio de una poblaci\u00f3n superior a un mill\u00f3n 500 mil habitantes, a trav\u00e9s de la mejora de espacios p\u00fablicos diversos, como deportivos, parques, museos, teatros, entre otros.<b><\/b><\/p>\n<p>&nbsp;<\/p>\n","protected":false},"excerpt":{"rendered":"<p>La Asamblea Legislativa y el gobierno del Distrito Federal presentar\u00e1n de forma conjunta una iniciativa para elevar a rango de ley el Programa de Mejoramiento Barrial, inform\u00f3 la asamble\u00edsta Ernestina Godoy Ramos.<\/p>\n","protected":false},"author":3,"featured_media":163508,"comment_status":"open","ping_status":"open","sticky":false,"template":"","format":"standard","meta":{"_monsterinsights_skip_tracking":false,"_monsterinsights_sitenote_active":false,"_monsterinsights_sitenote_note":"","_monsterinsights_sitenote_category":0,"footnotes":""},"categories":[6],"tags":[204,39],"class_list":["post-163420","post","type-post","status-publish","format-standard","has-post-thumbnail","hentry","category-cd-de-mexico","tag-ciudad-de-mexico","tag-distrito-federal"],"_links":{"self":[{"href":"https:\/\/www.diarioimagen.net\/index.php?rest_route=\/wp\/v2\/posts\/163420","targetHints":{"allow":["GET"]}}],"collection":[{"href":"https:\/\/www.diarioimagen.net\/index.php?rest_route=\/wp\/v2\/posts"}],"about":[{"href":"https:\/\/www.diarioimagen.net\/index.php?rest_route=\/wp\/v2\/types\/post"}],"author":[{"embeddable":true,"href":"https:\/\/www.diarioimagen.net\/index.php?rest_route=\/wp\/v2\/users\/3"}],"replies":[{"embeddable":true,"href":"https:\/\/www.diarioimagen.net\/index.php?rest_route=%2Fwp%2Fv2%2Fcomments&post=163420"}],"version-history":[{"count":0,"href":"https:\/\/www.diarioimagen.net\/index.php?rest_route=\/wp\/v2\/posts\/163420\/revisions"}],"wp:featuredmedia":[{"embeddable":true,"href":"https:\/\/www.diarioimagen.net\/index.php?rest_route=\/wp\/v2\/media\/163508"}],"wp:attachment":[{"href":"https:\/\/www.diarioimagen.net\/index.php?rest_route=%2Fwp%2Fv2%2Fmedia&parent=163420"}],"wp:term":[{"taxonomy":"category","embeddable":true,"href":"https:\/\/www.diarioimagen.net\/index.php?rest_route=%2Fwp%2Fv2%2Fcategories&post=163420"},{"taxonomy":"post_tag","embeddable":true,"href":"https:\/\/www.diarioimagen.net\/index.php?rest_route=%2Fwp%2Fv2%2Ftags&post=163420"}],"curies":[{"name":"wp","href":"https:\/\/api.w.org\/{rel}","templated":true}]}}