{"id":163538,"date":"2014-02-17T12:16:09","date_gmt":"2014-02-17T18:16:09","guid":{"rendered":"http:\/\/www.diarioimagen.net\/?p=163538"},"modified":"2014-02-18T04:45:46","modified_gmt":"2014-02-18T10:45:46","slug":"hoy-la-primera-visita-a-mexico-del-primer-ministro-canadiense-stephen-harper","status":"publish","type":"post","link":"https:\/\/www.diarioimagen.net\/?p=163538","title":{"rendered":"Hoy, la primera visita a M\u00e9xico del primer ministro canadiense Stephen Harper"},"content":{"rendered":"<div id=\"attachment_163539\" style=\"width: 250px\" class=\"wp-caption alignleft\"><img loading=\"lazy\" decoding=\"async\" aria-describedby=\"caption-attachment-163539\" class=\"size-medium wp-image-163539\" alt=\"Canad\u00e1 tambi\u00e9n es la cuarta fuente de inversi\u00f3n extranjera directa cubriendo \u00e1reas como la industria aeron\u00e1utica, aeroespacial, automotriz.\" src=\"http:\/\/www.diarioimagen.net\/wp-content\/uploads\/2014\/02\/VISITA-PORTAL-240x135.jpg\" width=\"240\" height=\"135\" srcset=\"https:\/\/www.diarioimagen.net\/wp-content\/uploads\/2014\/02\/VISITA-PORTAL-240x135.jpg 240w, https:\/\/www.diarioimagen.net\/wp-content\/uploads\/2014\/02\/VISITA-PORTAL-420x236.jpg 420w, https:\/\/www.diarioimagen.net\/wp-content\/uploads\/2014\/02\/VISITA-PORTAL-235x132.jpg 235w, https:\/\/www.diarioimagen.net\/wp-content\/uploads\/2014\/02\/VISITA-PORTAL-202x114.jpg 202w, https:\/\/www.diarioimagen.net\/wp-content\/uploads\/2014\/02\/VISITA-PORTAL-350x196.jpg 350w, https:\/\/www.diarioimagen.net\/wp-content\/uploads\/2014\/02\/VISITA-PORTAL-220x123.jpg 220w, https:\/\/www.diarioimagen.net\/wp-content\/uploads\/2014\/02\/VISITA-PORTAL-237x132.jpg 237w, https:\/\/www.diarioimagen.net\/wp-content\/uploads\/2014\/02\/VISITA-PORTAL.jpg 480w\" sizes=\"auto, (max-width: 240px) 100vw, 240px\" \/><p id=\"caption-attachment-163539\" class=\"wp-caption-text\">Canad\u00e1 tambi\u00e9n es la cuarta fuente de inversi\u00f3n extranjera directa cubriendo \u00e1reas como la industria aeron\u00e1utica, aeroespacial, automotriz.<\/p><\/div>\n<p>Este lunes por la tarde inicia la primera visita a M\u00e9xico del Primer Ministro de Canad\u00e1, Stephen Harper.<\/p>\n<p>Coincide con el 70 aniversario de la relaci\u00f3n diplom\u00e1tica entre M\u00e9xico y Canad\u00e1, adem\u00e1s de ser el 20 aniversario del Tratado de Libre Comercio de Am\u00e9rica del Norte (TLCAN), conmemoraci\u00f3n que reunir\u00e1 el mi\u00e9rcoles a Harper con los presidentes de Estados Unidos, Barack Obama y Enrique Pe\u00f1a Nieto en Toluca.<\/p>\n<p>Si bien no hay visos de que Canad\u00e1 retire el requerimiento de visa para los mexicanos que pretendan visitar ese pa\u00eds, M\u00e9xico es el tercer socio comercial de Canad\u00e1, y Canad\u00e1 lo es tambi\u00e9n de M\u00e9xico. 1 mill\u00f3n 700 mil canadienses visitan M\u00e9xico cada a\u00f1o, lo cual tambi\u00e9n hace que sea la segunda fuente de turistas despu\u00e9s de Estados Unidos.<\/p>\n<p><span style=\"line-height: 1.5em;\">De acuerdo con el subsecretario para Am\u00e9rica del Norte, Sergio Alcocer y el embajador de M\u00e9xico en Canad\u00e1, Francisco Su\u00e1rez D\u00e1vila, se pretende relanzar la relaci\u00f3n con Canad\u00e1 con base en \u201cuna visi\u00f3n estrat\u00e9gica de una Am\u00e9rica del Norte competitiva, din\u00e1mica, que genere empleo, que genere bienestar para los pa\u00edses.<\/span><\/p>\n<p>Es una agenda de gran aliento, multidireccional no monotem\u00e1tica, que cubre muchos temas de gran alcance, \u00a0que profundiza la relaci\u00f3n hacia adentro y tambi\u00e9n hacia fuera\u201d.<\/p>\n","protected":false},"excerpt":{"rendered":"<p>Este lunes por la tarde inicia la primera visita a M\u00e9xico del Primer Ministro de Canad\u00e1, Stephen Harper.<\/p>\n","protected":false},"author":5,"featured_media":163539,"comment_status":"open","ping_status":"open","sticky":false,"template":"","format":"standard","meta":{"_monsterinsights_skip_tracking":false,"_monsterinsights_sitenote_active":false,"_monsterinsights_sitenote_note":"","_monsterinsights_sitenote_category":0,"footnotes":""},"categories":[3],"tags":[9086],"class_list":["post-163538","post","type-post","status-publish","format-standard","has-post-thumbnail","hentry","category-nacional","tag-stephen-harper"],"_links":{"self":[{"href":"https:\/\/www.diarioimagen.net\/index.php?rest_route=\/wp\/v2\/posts\/163538","targetHints":{"allow":["GET"]}}],"collection":[{"href":"https:\/\/www.diarioimagen.net\/index.php?rest_route=\/wp\/v2\/posts"}],"about":[{"href":"https:\/\/www.diarioimagen.net\/index.php?rest_route=\/wp\/v2\/types\/post"}],"author":[{"embeddable":true,"href":"https:\/\/www.diarioimagen.net\/index.php?rest_route=\/wp\/v2\/users\/5"}],"replies":[{"embeddable":true,"href":"https:\/\/www.diarioimagen.net\/index.php?rest_route=%2Fwp%2Fv2%2Fcomments&post=163538"}],"version-history":[{"count":0,"href":"https:\/\/www.diarioimagen.net\/index.php?rest_route=\/wp\/v2\/posts\/163538\/revisions"}],"wp:featuredmedia":[{"embeddable":true,"href":"https:\/\/www.diarioimagen.net\/index.php?rest_route=\/wp\/v2\/media\/163539"}],"wp:attachment":[{"href":"https:\/\/www.diarioimagen.net\/index.php?rest_route=%2Fwp%2Fv2%2Fmedia&parent=163538"}],"wp:term":[{"taxonomy":"category","embeddable":true,"href":"https:\/\/www.diarioimagen.net\/index.php?rest_route=%2Fwp%2Fv2%2Fcategories&post=163538"},{"taxonomy":"post_tag","embeddable":true,"href":"https:\/\/www.diarioimagen.net\/index.php?rest_route=%2Fwp%2Fv2%2Ftags&post=163538"}],"curies":[{"name":"wp","href":"https:\/\/api.w.org\/{rel}","templated":true}]}}