{"id":163547,"date":"2014-02-17T17:07:05","date_gmt":"2014-02-17T23:07:05","guid":{"rendered":"http:\/\/www.diarioimagen.net\/?p=163547"},"modified":"2014-02-18T04:46:10","modified_gmt":"2014-02-18T10:46:10","slug":"ine-tendra-su-prueba-en-el-2015-marco-banos","status":"publish","type":"post","link":"https:\/\/www.diarioimagen.net\/?p=163547","title":{"rendered":"INE tendr\u00e1 su prueba en el 2015: Marco Ba\u00f1os"},"content":{"rendered":"<ul>\n<li><em><strong>Habr\u00e1 17 procesos en el pa\u00eds, entre ellos la renovaci\u00f3n de 9 gubernaturas y la C\u00e1mara de Diputados<\/strong><\/em><\/li>\n<\/ul>\n<div id=\"attachment_163548\" style=\"width: 250px\" class=\"wp-caption alignleft\"><img loading=\"lazy\" decoding=\"async\" aria-describedby=\"caption-attachment-163548\" class=\"size-medium wp-image-163548\" alt=\"Ba\u00f1os subray\u00f3 que el INE debe ser imparcial y promotor permanente de la cultura democr\u00e1tica que garantice la participaci\u00f3n ciudadana en procesos deliberativos sometidos a la consulta popular. \" src=\"http:\/\/www.diarioimagen.net\/wp-content\/uploads\/2014\/02\/INE-PORTAL-240x135.jpg\" width=\"240\" height=\"135\" srcset=\"https:\/\/www.diarioimagen.net\/wp-content\/uploads\/2014\/02\/INE-PORTAL-240x135.jpg 240w, https:\/\/www.diarioimagen.net\/wp-content\/uploads\/2014\/02\/INE-PORTAL-420x236.jpg 420w, https:\/\/www.diarioimagen.net\/wp-content\/uploads\/2014\/02\/INE-PORTAL-235x132.jpg 235w, https:\/\/www.diarioimagen.net\/wp-content\/uploads\/2014\/02\/INE-PORTAL-202x114.jpg 202w, https:\/\/www.diarioimagen.net\/wp-content\/uploads\/2014\/02\/INE-PORTAL-350x196.jpg 350w, https:\/\/www.diarioimagen.net\/wp-content\/uploads\/2014\/02\/INE-PORTAL-220x123.jpg 220w, https:\/\/www.diarioimagen.net\/wp-content\/uploads\/2014\/02\/INE-PORTAL-237x132.jpg 237w, https:\/\/www.diarioimagen.net\/wp-content\/uploads\/2014\/02\/INE-PORTAL.jpg 480w\" sizes=\"auto, (max-width: 240px) 100vw, 240px\" \/><p id=\"caption-attachment-163548\" class=\"wp-caption-text\">Ba\u00f1os subray\u00f3 que el INE debe ser imparcial y promotor permanente de la cultura democr\u00e1tica que garantice la participaci\u00f3n ciudadana en procesos deliberativos sometidos a la consulta popular.<\/p><\/div>\n<p><span style=\"line-height: 1.5em;\">El consejero presidente del Instituto Federal Electoral, Marco Antonio Ba\u00f1os, sostuvo que el nuevo Instituto Nacional Electoral tendr\u00e1 su primera prueba en el 2015, por lo que \u201cest\u00e1 llamado a evitar la inestabilidad pol\u00edtica y a expulsar cualquier desconfianza o percepci\u00f3n de inequidad en los procesos electorales federales y locales\u201d.<\/span><\/p>\n<p><span style=\"line-height: 1.5em;\">Al participar en el Congreso Internacional Sobre el Fortalecimiento Democr\u00e1tico en los espacios nacionales e internacionales, Ba\u00f1os opin\u00f3 que el INE \u201cdebe separarse de cualquier inter\u00e9s p\u00fablico local al momento de designar a los consejeros que se har\u00e1n cargo de generar confianza en las elecciones locales.<\/span><\/p>\n<p><span style=\"line-height: 1.5em;\">Subray\u00f3 que el INE debe evitar que \u201cpor cualquier raz\u00f3n se afecte su tarea m\u00e1s importante, que es defender el voto de cada ciudadano\u201d. Por ello consider\u00f3 que para las nuevas tareas del INE es precis\u00f3 que las leyes secundarias se alejen de zonas de duda, y que no dejen huecos a la interpretaci\u00f3n\u201d.<\/span><\/p>\n","protected":false},"excerpt":{"rendered":"<p>El consejero presidente del Instituto Federal Electoral, Marco Antonio Ba\u00f1os, sostuvo que el nuevo Instituto Nacional Electoral tendr\u00e1 su primera prueba en el 2015, por lo que \u201cest\u00e1 llamado a evitar la inestabilidad pol\u00edtica y a expulsar cualquier desconfianza o percepci\u00f3n de inequidad en los procesos electorales federales y locales\u201d.<\/p>\n","protected":false},"author":5,"featured_media":163548,"comment_status":"open","ping_status":"open","sticky":false,"template":"","format":"standard","meta":{"_monsterinsights_skip_tracking":false,"_monsterinsights_sitenote_active":false,"_monsterinsights_sitenote_note":"","_monsterinsights_sitenote_category":0,"footnotes":""},"categories":[17,3],"tags":[29347,28759],"class_list":["post-163547","post","type-post","status-publish","format-standard","has-post-thumbnail","hentry","category-especiales","category-nacional","tag-ine","tag-instituto-nacional-electoral"],"_links":{"self":[{"href":"https:\/\/www.diarioimagen.net\/index.php?rest_route=\/wp\/v2\/posts\/163547","targetHints":{"allow":["GET"]}}],"collection":[{"href":"https:\/\/www.diarioimagen.net\/index.php?rest_route=\/wp\/v2\/posts"}],"about":[{"href":"https:\/\/www.diarioimagen.net\/index.php?rest_route=\/wp\/v2\/types\/post"}],"author":[{"embeddable":true,"href":"https:\/\/www.diarioimagen.net\/index.php?rest_route=\/wp\/v2\/users\/5"}],"replies":[{"embeddable":true,"href":"https:\/\/www.diarioimagen.net\/index.php?rest_route=%2Fwp%2Fv2%2Fcomments&post=163547"}],"version-history":[{"count":0,"href":"https:\/\/www.diarioimagen.net\/index.php?rest_route=\/wp\/v2\/posts\/163547\/revisions"}],"wp:featuredmedia":[{"embeddable":true,"href":"https:\/\/www.diarioimagen.net\/index.php?rest_route=\/wp\/v2\/media\/163548"}],"wp:attachment":[{"href":"https:\/\/www.diarioimagen.net\/index.php?rest_route=%2Fwp%2Fv2%2Fmedia&parent=163547"}],"wp:term":[{"taxonomy":"category","embeddable":true,"href":"https:\/\/www.diarioimagen.net\/index.php?rest_route=%2Fwp%2Fv2%2Fcategories&post=163547"},{"taxonomy":"post_tag","embeddable":true,"href":"https:\/\/www.diarioimagen.net\/index.php?rest_route=%2Fwp%2Fv2%2Ftags&post=163547"}],"curies":[{"name":"wp","href":"https:\/\/api.w.org\/{rel}","templated":true}]}}