{"id":163701,"date":"2014-02-18T12:30:58","date_gmt":"2014-02-18T18:30:58","guid":{"rendered":"http:\/\/www.diarioimagen.net\/?p=163701"},"modified":"2014-02-19T04:02:54","modified_gmt":"2014-02-19T10:02:54","slug":"recibe-pena-en-palacio-nacional-al-primer-ministro-de-canada-stephen-harper","status":"publish","type":"post","link":"https:\/\/www.diarioimagen.net\/?p=163701","title":{"rendered":"Recibe el presidente de M\u00e9xico, Enrique Pe\u00f1a Nieto, en Palacio Nacional al premier de Canad\u00e1, Stephen Harper"},"content":{"rendered":"<div id=\"attachment_163702\" style=\"width: 250px\" class=\"wp-caption alignleft\"><img loading=\"lazy\" decoding=\"async\" aria-describedby=\"caption-attachment-163702\" class=\"size-medium wp-image-163702\" alt=\"Tambi\u00e9n dirigir\u00e1n un mensaje a los medios de comunicaci\u00f3n y posteriormente --15:00 -- horas el presidente Pe\u00f1a ofrecer\u00e1 un almuerzo al visitante y su comitiva en el propio Palacio Nacional.\" src=\"http:\/\/www.diarioimagen.net\/wp-content\/uploads\/2014\/02\/RECIBE-portal-240x135.jpg\" width=\"240\" height=\"135\" srcset=\"https:\/\/www.diarioimagen.net\/wp-content\/uploads\/2014\/02\/RECIBE-portal-240x135.jpg 240w, https:\/\/www.diarioimagen.net\/wp-content\/uploads\/2014\/02\/RECIBE-portal-420x236.jpg 420w, https:\/\/www.diarioimagen.net\/wp-content\/uploads\/2014\/02\/RECIBE-portal-235x132.jpg 235w, https:\/\/www.diarioimagen.net\/wp-content\/uploads\/2014\/02\/RECIBE-portal-202x114.jpg 202w, https:\/\/www.diarioimagen.net\/wp-content\/uploads\/2014\/02\/RECIBE-portal-350x196.jpg 350w, https:\/\/www.diarioimagen.net\/wp-content\/uploads\/2014\/02\/RECIBE-portal-220x123.jpg 220w, https:\/\/www.diarioimagen.net\/wp-content\/uploads\/2014\/02\/RECIBE-portal-237x132.jpg 237w, https:\/\/www.diarioimagen.net\/wp-content\/uploads\/2014\/02\/RECIBE-portal.jpg 480w\" sizes=\"auto, (max-width: 240px) 100vw, 240px\" \/><p id=\"caption-attachment-163702\" class=\"wp-caption-text\">Tambi\u00e9n dirigir\u00e1n un mensaje a los medios de comunicaci\u00f3n y posteriormente &#8211;15:00 &#8212; horas el presidente Pe\u00f1a ofrecer\u00e1 un almuerzo al visitante y su comitiva en el propio Palacio Nacional.<\/p><\/div>\n<p>El presidente Enrique Pe\u00f1a Nieto recibe esta ma\u00f1ana en Palacio Nacional al primer ministro de Canad\u00e1, Stephen Harper. Ambos, atestiguar\u00e1n adem\u00e1s las firmas de cuatro documentos de cooperaci\u00f3n.<\/p>\n<p><span style=\"line-height: 1.5em;\">En el patio de honor de Palacio Nacional, el mandatario mexicano recibe al primer canadiense con una comitiva que integran entre otros el secretario de Gobernaci\u00f3n, Miguel Osorio Chong, el canciller Jos\u00e9 Antonio Meade, el secretario de Hacienda, Luis Videgaray; el titular de Semarnat, Juan Jos\u00e9 Guerra; el secretario de Econom\u00eda, Ildefonso Guajardo; el titular de la SCT, Gerardo Ruiz Esparza y la secretaria de Turismo, Claudia Ruiz Massieu, entre otros.<\/span><\/p>\n<p><span style=\"line-height: 1.5em;\">Tras un encuentro privado Pe\u00f1a Nieto y Harper atestiguar\u00e1n la firma del tercer plan de acci\u00f3n conjunta M\u00e9xico- Canad\u00e1 2014-2016; un convenio sobre trasporte a\u00e9reo, un memor\u00e1ndum de entendimiento para la cooperaci\u00f3n interinstitucional y un acuerdo de cooperaci\u00f3n para apoyo financiero.<\/span><\/p>\n","protected":false},"excerpt":{"rendered":"<p>El presidente Enrique Pe\u00f1a Nieto recibe esta ma\u00f1ana en Palacio Nacional al primer ministro de Canad\u00e1, Stephen Harper. Ambos, atestiguar\u00e1n adem\u00e1s las firmas de cuatro documentos de cooperaci\u00f3n.<\/p>\n","protected":false},"author":5,"featured_media":163702,"comment_status":"open","ping_status":"open","sticky":false,"template":"","format":"standard","meta":{"_monsterinsights_skip_tracking":false,"_monsterinsights_sitenote_active":false,"_monsterinsights_sitenote_note":"","_monsterinsights_sitenote_category":0,"footnotes":""},"categories":[17,3],"tags":[18,373,9086],"class_list":["post-163701","post","type-post","status-publish","format-standard","has-post-thumbnail","hentry","category-especiales","category-nacional","tag-enrique-pena-nieto","tag-palacio-nacional","tag-stephen-harper"],"_links":{"self":[{"href":"https:\/\/www.diarioimagen.net\/index.php?rest_route=\/wp\/v2\/posts\/163701","targetHints":{"allow":["GET"]}}],"collection":[{"href":"https:\/\/www.diarioimagen.net\/index.php?rest_route=\/wp\/v2\/posts"}],"about":[{"href":"https:\/\/www.diarioimagen.net\/index.php?rest_route=\/wp\/v2\/types\/post"}],"author":[{"embeddable":true,"href":"https:\/\/www.diarioimagen.net\/index.php?rest_route=\/wp\/v2\/users\/5"}],"replies":[{"embeddable":true,"href":"https:\/\/www.diarioimagen.net\/index.php?rest_route=%2Fwp%2Fv2%2Fcomments&post=163701"}],"version-history":[{"count":0,"href":"https:\/\/www.diarioimagen.net\/index.php?rest_route=\/wp\/v2\/posts\/163701\/revisions"}],"wp:featuredmedia":[{"embeddable":true,"href":"https:\/\/www.diarioimagen.net\/index.php?rest_route=\/wp\/v2\/media\/163702"}],"wp:attachment":[{"href":"https:\/\/www.diarioimagen.net\/index.php?rest_route=%2Fwp%2Fv2%2Fmedia&parent=163701"}],"wp:term":[{"taxonomy":"category","embeddable":true,"href":"https:\/\/www.diarioimagen.net\/index.php?rest_route=%2Fwp%2Fv2%2Fcategories&post=163701"},{"taxonomy":"post_tag","embeddable":true,"href":"https:\/\/www.diarioimagen.net\/index.php?rest_route=%2Fwp%2Fv2%2Ftags&post=163701"}],"curies":[{"name":"wp","href":"https:\/\/api.w.org\/{rel}","templated":true}]}}