{"id":163739,"date":"2014-02-18T21:21:30","date_gmt":"2014-02-19T03:21:30","guid":{"rendered":"http:\/\/www.diarioimagen.net\/?p=163739"},"modified":"2014-02-19T04:04:10","modified_gmt":"2014-02-19T10:04:10","slug":"garu-y-way-cimbran-el-suelo-azteca-con-pum-pum","status":"publish","type":"post","link":"https:\/\/www.diarioimagen.net\/?p=163739","title":{"rendered":"Garu y Way cimbran el suelo azteca con Pum Pum"},"content":{"rendered":"<ul>\n<li><strong><i>M\u00e9xico est\u00e1 listo para recibir a este dueto que est\u00e1 catalogado como uno de los m\u00e1s reconocidos en la actualidad de la m\u00fasica colombiana y, asimismo, el m\u00e1s importante de la m\u00fasica urbana<\/i><\/strong><\/li>\n<\/ul>\n<p style=\"text-align: left;\" align=\"center\"><b style=\"line-height: 1.5em;\">Por Asael Grande<\/b><\/p>\n<div id=\"attachment_163740\" style=\"width: 250px\" class=\"wp-caption alignleft\"><img loading=\"lazy\" decoding=\"async\" aria-describedby=\"caption-attachment-163740\" class=\"size-medium wp-image-163740\" alt=\"Garu &amp; Way es un duo din\u00e1mico y vers\u00e1til influenciado por g\u00e9neros musicales como reggaet\u00f3n, tropical urbano, dance hall, electr\u00f3nica entre otros.\" src=\"http:\/\/www.diarioimagen.net\/wp-content\/uploads\/2014\/02\/garu-POORTAL-240x240.jpg\" width=\"240\" height=\"240\" srcset=\"https:\/\/www.diarioimagen.net\/wp-content\/uploads\/2014\/02\/garu-POORTAL-240x240.jpg 240w, https:\/\/www.diarioimagen.net\/wp-content\/uploads\/2014\/02\/garu-POORTAL-150x150.jpg 150w, https:\/\/www.diarioimagen.net\/wp-content\/uploads\/2014\/02\/garu-POORTAL-420x420.jpg 420w, https:\/\/www.diarioimagen.net\/wp-content\/uploads\/2014\/02\/garu-POORTAL-50x50.jpg 50w, https:\/\/www.diarioimagen.net\/wp-content\/uploads\/2014\/02\/garu-POORTAL-75x75.jpg 75w, https:\/\/www.diarioimagen.net\/wp-content\/uploads\/2014\/02\/garu-POORTAL-70x70.jpg 70w, https:\/\/www.diarioimagen.net\/wp-content\/uploads\/2014\/02\/garu-POORTAL.jpg 700w\" sizes=\"auto, (max-width: 240px) 100vw, 240px\" \/><p id=\"caption-attachment-163740\" class=\"wp-caption-text\">Garu &amp; Way es un duo din\u00e1mico y vers\u00e1til influenciado por g\u00e9neros musicales como reggaet\u00f3n, tropical urbano, dance hall, electr\u00f3nica entre otros.<\/p><\/div>\n<p><span style=\"line-height: 1.5em;\">Garu &amp; Way, d\u00fao din\u00e1mico y vers\u00e1til influenciado por g\u00e9neros musicales como reggaet\u00f3n, tropical urbano, dance hall, electr\u00f3nica, entre otros, regresan con su nuevo sencillo <\/span><i style=\"line-height: 1.5em;\">Pum Pum<\/i><span style=\"line-height: 1.5em;\">, que se caracteriza por su letras cautivadora y mel\u00f3dica que deleita los sentidos con un estilo \u00fanico.<\/span><\/p>\n<p>En entrevista con <b>DIARIO IMAGEN<\/b>, Roberto Carlos Mendoza m\u00e1s conocido como \u201cGaru Flesh\u201d, y quien se destaca por tener un gusto peculiar con el rap, adem\u00e1s cuenta con una excelente actitud y fuerza en escenario que lleva a una gran conexi\u00f3n con el p\u00fablico, coment\u00f3 v\u00eda telef\u00f3nica que \u201cme encuentro en Caracas, Venezuela, trabajando fuerte, la canci\u00f3n <i>Pum Pum<\/i> es una historia de amor , algo de la cotidianidad, algo que le puede pasar a cualquier persona, de sentir algo por otra persona, la canci\u00f3n se grab\u00f3 en Colombia, el video de <i>Pum Pum<\/i> se grab\u00f3 en un parque de Venezuela, nosotros trabajamos un video m\u00e1s fresco, m\u00e1s juvenil, con el cual la gente se pueda identificar\u201d.<\/p>\n<p>Su repertorio como d\u00fao comienza en el a\u00f1o 2008, han compartido escenarios con artistas destacados a nivel nacional e internacional como lo son: J Balvin, Yelsid, Charly Figueroa (Two Flow), Pipe Calder\u00f3n, Jay &amp; El Punto, Mozart La Para, \u00d1ejo &amp; D\u00e1lmata,Kevin Florez,Don Omar, Romeo Santos, Luigi 21 Plus entre otros.<\/p>\n<p>Respecto a su nuevo lanzamiento discogr\u00e1fico, Garu dijo: \u201ctrabajamos en un \u00e1lbum de doce canciones, ya est\u00e1 por salir, estamos terminando la mezcla y el m\u00e1ster, y estar\u00e1 pr\u00f3ximamente en iTunes\u201d.<\/p>\n<p>Garu &amp; Way se definen como un d\u00fao con grandes proyecciones dentro del g\u00e9nero musical reggaet\u00f3n en Colombia, \u201cnuestra m\u00fasica es diferente, tratamos de que sea muy de discoteca, buscamos que la gente se identifique y la disfrute\u201d, comenta Garu, quien se hace acompa\u00f1ar por los m\u00fasicos Way Melody (primera voz), Garu Flesh (segunda voz) y Stanly (coros).<\/p>\n<p>Garu adelant\u00f3 que \u201cpor el momento tenemos lo del disco, pero tenemos muchas metas, queremos visitar M\u00e9xico muy pronto\u201d. El nuevo tema se escucha ya a nivel nacional en las estaciones de radio mexicanas.<\/p>\n","protected":false},"excerpt":{"rendered":"<p>Garu &#038; Way, d\u00fao din\u00e1mico y vers\u00e1til influenciado por g\u00e9neros musicales como reggaet\u00f3n, tropical urbano, dance hall, electr\u00f3nica, entre otros, regresan con su nuevo sencillo Pum Pum, que se caracteriza por su letras cautivadora y mel\u00f3dica que deleita los sentidos con un estilo \u00fanico.<\/p>\n","protected":false},"author":5,"featured_media":163741,"comment_status":"open","ping_status":"open","sticky":false,"template":"","format":"standard","meta":{"_monsterinsights_skip_tracking":false,"_monsterinsights_sitenote_active":false,"_monsterinsights_sitenote_note":"","_monsterinsights_sitenote_category":0,"footnotes":""},"categories":[17,12],"tags":[],"class_list":["post-163739","post","type-post","status-publish","format-standard","has-post-thumbnail","hentry","category-especiales","category-espectaculos"],"_links":{"self":[{"href":"https:\/\/www.diarioimagen.net\/index.php?rest_route=\/wp\/v2\/posts\/163739","targetHints":{"allow":["GET"]}}],"collection":[{"href":"https:\/\/www.diarioimagen.net\/index.php?rest_route=\/wp\/v2\/posts"}],"about":[{"href":"https:\/\/www.diarioimagen.net\/index.php?rest_route=\/wp\/v2\/types\/post"}],"author":[{"embeddable":true,"href":"https:\/\/www.diarioimagen.net\/index.php?rest_route=\/wp\/v2\/users\/5"}],"replies":[{"embeddable":true,"href":"https:\/\/www.diarioimagen.net\/index.php?rest_route=%2Fwp%2Fv2%2Fcomments&post=163739"}],"version-history":[{"count":0,"href":"https:\/\/www.diarioimagen.net\/index.php?rest_route=\/wp\/v2\/posts\/163739\/revisions"}],"wp:featuredmedia":[{"embeddable":true,"href":"https:\/\/www.diarioimagen.net\/index.php?rest_route=\/wp\/v2\/media\/163741"}],"wp:attachment":[{"href":"https:\/\/www.diarioimagen.net\/index.php?rest_route=%2Fwp%2Fv2%2Fmedia&parent=163739"}],"wp:term":[{"taxonomy":"category","embeddable":true,"href":"https:\/\/www.diarioimagen.net\/index.php?rest_route=%2Fwp%2Fv2%2Fcategories&post=163739"},{"taxonomy":"post_tag","embeddable":true,"href":"https:\/\/www.diarioimagen.net\/index.php?rest_route=%2Fwp%2Fv2%2Ftags&post=163739"}],"curies":[{"name":"wp","href":"https:\/\/api.w.org\/{rel}","templated":true}]}}