{"id":163874,"date":"2014-02-19T12:15:18","date_gmt":"2014-02-19T18:15:18","guid":{"rendered":"http:\/\/www.diarioimagen.net\/?p=163874"},"modified":"2014-02-20T04:30:05","modified_gmt":"2014-02-20T10:30:05","slug":"aeropuerto-de-toluca-permanecera-cerrado-tres-horas-por-la-cumbre","status":"publish","type":"post","link":"https:\/\/www.diarioimagen.net\/?p=163874","title":{"rendered":"Aeropuerto de Toluca permanecer\u00e1 cerrado tres horas por la Cumbre"},"content":{"rendered":"<ul>\n<li><em><strong>La seguridad y vigilancia en la zona se ha incrementado por tierra y por aire<\/strong><\/em><\/li>\n<\/ul>\n<div id=\"attachment_163875\" style=\"width: 250px\" class=\"wp-caption alignleft\"><img loading=\"lazy\" decoding=\"async\" aria-describedby=\"caption-attachment-163875\" class=\"size-medium wp-image-163875\" alt=\"Los cierres en el primer cuadro de la capital mexiquense, donde se ubican los edificios sede de los eventos de la Cumbre, se mantienen, por lo que escuelas y comercios suspendieron actividades.\" src=\"http:\/\/www.diarioimagen.net\/wp-content\/uploads\/2014\/02\/CERRADO-portal-240x135.jpg\" width=\"240\" height=\"135\" srcset=\"https:\/\/www.diarioimagen.net\/wp-content\/uploads\/2014\/02\/CERRADO-portal-240x135.jpg 240w, https:\/\/www.diarioimagen.net\/wp-content\/uploads\/2014\/02\/CERRADO-portal-420x236.jpg 420w, https:\/\/www.diarioimagen.net\/wp-content\/uploads\/2014\/02\/CERRADO-portal-235x132.jpg 235w, https:\/\/www.diarioimagen.net\/wp-content\/uploads\/2014\/02\/CERRADO-portal-202x114.jpg 202w, https:\/\/www.diarioimagen.net\/wp-content\/uploads\/2014\/02\/CERRADO-portal-350x196.jpg 350w, https:\/\/www.diarioimagen.net\/wp-content\/uploads\/2014\/02\/CERRADO-portal-220x123.jpg 220w, https:\/\/www.diarioimagen.net\/wp-content\/uploads\/2014\/02\/CERRADO-portal-237x132.jpg 237w, https:\/\/www.diarioimagen.net\/wp-content\/uploads\/2014\/02\/CERRADO-portal.jpg 480w\" sizes=\"auto, (max-width: 240px) 100vw, 240px\" \/><p id=\"caption-attachment-163875\" class=\"wp-caption-text\">Los cierres en el primer cuadro de la capital mexiquense, donde se ubican los edificios sede de los eventos de la Cumbre, se mantienen, por lo que escuelas y comercios suspendieron actividades.<\/p><\/div>\n<p>El Aeropuerto Internacional de la ciudad de Toluca suspender\u00e1 actividades este mi\u00e9rcoles de las 11:00 a las 14:00 horas por el arribo de las aeronaves que trasladan a los participantes de la Cumbre de L\u00edderes de Am\u00e9rica del Norte.<\/p>\n<p><span style=\"line-height: 1.5em;\">Los cierres en el primer cuadro de la capital mexiquense, donde se ubican los edificios sede de los eventos de la Cumbre, se mantienen, por lo que escuelas y comercios suspendieron actividades.<\/span><\/p>\n<p><span style=\"line-height: 1.5em;\">Asimismo, la seguridad y vigilancia en la zona se ha incrementado por tierra y aire con unidades y personal de la Secretar\u00eda de la Defensa Nacional (Sedena), de la Secretar\u00eda de Marina (Semar), de la Polic\u00eda Federal (PF), de la Secretar\u00eda de Seguridad Ciudadana (SSC) y de la Polic\u00eda de Toluca.<\/span><\/p>\n","protected":false},"excerpt":{"rendered":"<p>El Aeropuerto Internacional de la ciudad de Toluca suspender\u00e1 actividades este mi\u00e9rcoles de las 11:00 a las 14:00 horas por el arribo de las aeronaves que trasladan a los participantes de la Cumbre de L\u00edderes de Am\u00e9rica del Norte.<\/p>\n","protected":false},"author":5,"featured_media":163875,"comment_status":"open","ping_status":"open","sticky":false,"template":"","format":"standard","meta":{"_monsterinsights_skip_tracking":false,"_monsterinsights_sitenote_active":false,"_monsterinsights_sitenote_note":"","_monsterinsights_sitenote_category":0,"footnotes":""},"categories":[5],"tags":[26664],"class_list":["post-163874","post","type-post","status-publish","format-standard","has-post-thumbnail","hentry","category-estado-de-mexico","tag-aeropuerto-de-toluca"],"_links":{"self":[{"href":"https:\/\/www.diarioimagen.net\/index.php?rest_route=\/wp\/v2\/posts\/163874","targetHints":{"allow":["GET"]}}],"collection":[{"href":"https:\/\/www.diarioimagen.net\/index.php?rest_route=\/wp\/v2\/posts"}],"about":[{"href":"https:\/\/www.diarioimagen.net\/index.php?rest_route=\/wp\/v2\/types\/post"}],"author":[{"embeddable":true,"href":"https:\/\/www.diarioimagen.net\/index.php?rest_route=\/wp\/v2\/users\/5"}],"replies":[{"embeddable":true,"href":"https:\/\/www.diarioimagen.net\/index.php?rest_route=%2Fwp%2Fv2%2Fcomments&post=163874"}],"version-history":[{"count":0,"href":"https:\/\/www.diarioimagen.net\/index.php?rest_route=\/wp\/v2\/posts\/163874\/revisions"}],"wp:featuredmedia":[{"embeddable":true,"href":"https:\/\/www.diarioimagen.net\/index.php?rest_route=\/wp\/v2\/media\/163875"}],"wp:attachment":[{"href":"https:\/\/www.diarioimagen.net\/index.php?rest_route=%2Fwp%2Fv2%2Fmedia&parent=163874"}],"wp:term":[{"taxonomy":"category","embeddable":true,"href":"https:\/\/www.diarioimagen.net\/index.php?rest_route=%2Fwp%2Fv2%2Fcategories&post=163874"},{"taxonomy":"post_tag","embeddable":true,"href":"https:\/\/www.diarioimagen.net\/index.php?rest_route=%2Fwp%2Fv2%2Ftags&post=163874"}],"curies":[{"name":"wp","href":"https:\/\/api.w.org\/{rel}","templated":true}]}}