{"id":164011,"date":"2014-02-20T00:08:40","date_gmt":"2014-02-20T06:08:40","guid":{"rendered":"http:\/\/www.diarioimagen.net\/?p=164011"},"modified":"2014-02-20T04:04:56","modified_gmt":"2014-02-20T10:04:56","slug":"llega-a-san-lazaro-la-ley-de-competencia-economica","status":"publish","type":"post","link":"https:\/\/www.diarioimagen.net\/?p=164011","title":{"rendered":"Llega a San L\u00e1zaro la Ley de Competencia Econ\u00f3mica"},"content":{"rendered":"<ul>\n<li><strong><em>El titular de la SE, Ildefonso Guajardo, se\u00f1ala que la legislaci\u00f3n no prev\u00e9 acciones que lleven al control de precios<\/em><\/strong><\/li>\n<\/ul>\n<div id=\"attachment_164029\" style=\"width: 250px\" class=\"wp-caption alignleft\"><a href=\"http:\/\/www.diarioimagen.net\/wp-content\/uploads\/2014\/02\/ildefonso-2297.jpg\"><img loading=\"lazy\" decoding=\"async\" aria-describedby=\"caption-attachment-164029\" class=\"size-medium wp-image-164029\" alt=\"Ildefonso Guajardo, titular de la Secretar\u00eda de Econom\u00eda, al anunciar el env\u00edo a la C\u00e1mara de Diputados de la Ley de Competencia Econ\u00f3mica.\" src=\"http:\/\/www.diarioimagen.net\/wp-content\/uploads\/2014\/02\/ildefonso-2297-240x135.jpg\" width=\"240\" height=\"135\" srcset=\"https:\/\/www.diarioimagen.net\/wp-content\/uploads\/2014\/02\/ildefonso-2297-240x135.jpg 240w, https:\/\/www.diarioimagen.net\/wp-content\/uploads\/2014\/02\/ildefonso-2297-420x236.jpg 420w, https:\/\/www.diarioimagen.net\/wp-content\/uploads\/2014\/02\/ildefonso-2297-235x132.jpg 235w, https:\/\/www.diarioimagen.net\/wp-content\/uploads\/2014\/02\/ildefonso-2297-202x114.jpg 202w, https:\/\/www.diarioimagen.net\/wp-content\/uploads\/2014\/02\/ildefonso-2297-350x196.jpg 350w, https:\/\/www.diarioimagen.net\/wp-content\/uploads\/2014\/02\/ildefonso-2297-220x123.jpg 220w, https:\/\/www.diarioimagen.net\/wp-content\/uploads\/2014\/02\/ildefonso-2297-237x132.jpg 237w, https:\/\/www.diarioimagen.net\/wp-content\/uploads\/2014\/02\/ildefonso-2297.jpg 480w\" sizes=\"auto, (max-width: 240px) 100vw, 240px\" \/><\/a><p id=\"caption-attachment-164029\" class=\"wp-caption-text\">Ildefonso Guajardo, titular de la Secretar\u00eda de Econom\u00eda, al anunciar el env\u00edo a la C\u00e1mara de Diputados de la Ley de Competencia Econ\u00f3mica.<\/p><\/div>\n<p>El vicepresidente de la C\u00e1mara de Diputados, Jos\u00e9 Gonz\u00e1lez Morf\u00edn, inform\u00f3 que ayer lleg\u00f3 a San L\u00e1zaro el proyecto de iniciativa de la nueva Ley de Competencia Econ\u00f3mica que envi\u00f3 el Ejecutivo federal.<\/p>\n<p>\u201cEl diputado federal del Partido Acci\u00f3n Nacional (PAN) refiri\u00f3 que dicho documento se entreg\u00f3 a la Mesa Directiva de esta soberan\u00eda alrededor de las 8:30 horas.<\/p>\n<p>El legislador expres\u00f3 que, aunque no conoce a profundidad su contenido, es una propuesta de gran envergadura que requerir\u00e1 de un amplio an\u00e1lisis.<\/p>\n<p>Indic\u00f3 que se informar\u00e1 al pleno en la sesi\u00f3n de hoy y se enviar\u00e1 a comisiones para su an\u00e1lisis y dictaminaci\u00f3n.<\/p>\n<p>Gonz\u00e1lez Morf\u00edn consider\u00f3 positivo que las iniciativas de las leyes secundarias lleguen de manera escalonada para darle tiempo a la discusi\u00f3n.<\/p>\n<p>Por otra parte, en conferencia de prensa, el titular de la Secretar\u00eda de Econom\u00eda (SE), Ildefonso Guajardo Villarreal, asegur\u00f3 que la iniciativa no prev\u00e9 acciones adicionales que faculten al Estado para regresar al mecanismo del control de precios.<\/p>\n<p>\u201cEl Ejecutivo (federal) no tendr\u00e1 la discrecionalidad de tomar indicaciones de forma directa ni en insumos esenciales y mucho menos en precios m\u00e1ximos de bienes de consumo. No hay ning\u00fan cambio en materia de control de precios\u201d.<\/p>\n<p>Afirm\u00f3 que lejos de ahuyentar la entrada de capitales por el aumento de sanciones penales, \u201cesta reforma va a incentivar mayor inversi\u00f3n extranjera directa porque al desregular mercados y combatir concentraciones, hay mucho m\u00e1s incentivos para inversionistas extranjeros para competir en condiciones justas.<\/p>\n<p>\u201cYo ver\u00eda una mayor atracci\u00f3n de inversi\u00f3n en el pa\u00eds en telecomunicaciones y energ\u00eda y en otros sectores que hoy se garantizar\u00edan condiciones de competencia\u201d, puntualiz\u00f3 Guajardo en conferencia de prensa.<b><\/b><\/p>\n<p>&nbsp;<\/p>\n","protected":false},"excerpt":{"rendered":"<p>El vicepresidente de la C\u00e1mara de Diputados, Jos\u00e9 Gonz\u00e1lez Morf\u00edn, inform\u00f3 que ayer lleg\u00f3 a San L\u00e1zaro el proyecto de iniciativa de la nueva Ley de Competencia Econ\u00f3mica que envi\u00f3 el Ejecutivo federal.<\/p>\n","protected":false},"author":3,"featured_media":164029,"comment_status":"open","ping_status":"open","sticky":false,"template":"","format":"standard","meta":{"_monsterinsights_skip_tracking":false,"_monsterinsights_sitenote_active":false,"_monsterinsights_sitenote_note":"","_monsterinsights_sitenote_category":0,"footnotes":""},"categories":[3],"tags":[98,26964,91,115],"class_list":["post-164011","post","type-post","status-publish","format-standard","has-post-thumbnail","hentry","category-nacional","tag-camara-de-diputados","tag-ildefonso-guajardo-villarreal","tag-pan","tag-san-lazaro"],"_links":{"self":[{"href":"https:\/\/www.diarioimagen.net\/index.php?rest_route=\/wp\/v2\/posts\/164011","targetHints":{"allow":["GET"]}}],"collection":[{"href":"https:\/\/www.diarioimagen.net\/index.php?rest_route=\/wp\/v2\/posts"}],"about":[{"href":"https:\/\/www.diarioimagen.net\/index.php?rest_route=\/wp\/v2\/types\/post"}],"author":[{"embeddable":true,"href":"https:\/\/www.diarioimagen.net\/index.php?rest_route=\/wp\/v2\/users\/3"}],"replies":[{"embeddable":true,"href":"https:\/\/www.diarioimagen.net\/index.php?rest_route=%2Fwp%2Fv2%2Fcomments&post=164011"}],"version-history":[{"count":0,"href":"https:\/\/www.diarioimagen.net\/index.php?rest_route=\/wp\/v2\/posts\/164011\/revisions"}],"wp:featuredmedia":[{"embeddable":true,"href":"https:\/\/www.diarioimagen.net\/index.php?rest_route=\/wp\/v2\/media\/164029"}],"wp:attachment":[{"href":"https:\/\/www.diarioimagen.net\/index.php?rest_route=%2Fwp%2Fv2%2Fmedia&parent=164011"}],"wp:term":[{"taxonomy":"category","embeddable":true,"href":"https:\/\/www.diarioimagen.net\/index.php?rest_route=%2Fwp%2Fv2%2Fcategories&post=164011"},{"taxonomy":"post_tag","embeddable":true,"href":"https:\/\/www.diarioimagen.net\/index.php?rest_route=%2Fwp%2Fv2%2Ftags&post=164011"}],"curies":[{"name":"wp","href":"https:\/\/api.w.org\/{rel}","templated":true}]}}