{"id":164153,"date":"2014-02-21T00:05:46","date_gmt":"2014-02-21T06:05:46","guid":{"rendered":"http:\/\/www.diarioimagen.net\/?p=164153"},"modified":"2014-02-22T02:16:19","modified_gmt":"2014-02-22T08:16:19","slug":"terreno-de-la-competencia-esta-nivelado-pena-nieto","status":"publish","type":"post","link":"https:\/\/www.diarioimagen.net\/?p=164153","title":{"rendered":"Terreno de la competencia est\u00e1 nivelado: Pe\u00f1a Nieto"},"content":{"rendered":"<ul>\n<li><strong><em>El Presidente afirma que las peque\u00f1as y medianas empresas tendr\u00e1n m\u00e1s oportunidades ante compa\u00f1\u00edas de mayor tama\u00f1o<\/em><\/strong><\/li>\n<\/ul>\n<div id=\"attachment_164187\" style=\"width: 250px\" class=\"wp-caption alignleft\"><a href=\"http:\/\/www.diarioimagen.net\/wp-content\/uploads\/2014\/02\/epn-2298.jpg\"><img loading=\"lazy\" decoding=\"async\" aria-describedby=\"caption-attachment-164187\" class=\"size-medium wp-image-164187\" alt=\"Al inaugurar la Convenci\u00f3n Nacional de Industriales 2014, el presidente Enrique Pe\u00f1a Nieto se\u00f1al\u00f3 que la Cofeco tiene herramientas para garantizar una competencia en igualdad de condiciones.\" src=\"http:\/\/www.diarioimagen.net\/wp-content\/uploads\/2014\/02\/epn-2298-240x135.jpg\" width=\"240\" height=\"135\" srcset=\"https:\/\/www.diarioimagen.net\/wp-content\/uploads\/2014\/02\/epn-2298-240x135.jpg 240w, https:\/\/www.diarioimagen.net\/wp-content\/uploads\/2014\/02\/epn-2298-420x236.jpg 420w, https:\/\/www.diarioimagen.net\/wp-content\/uploads\/2014\/02\/epn-2298-235x132.jpg 235w, https:\/\/www.diarioimagen.net\/wp-content\/uploads\/2014\/02\/epn-2298-202x114.jpg 202w, https:\/\/www.diarioimagen.net\/wp-content\/uploads\/2014\/02\/epn-2298-350x196.jpg 350w, https:\/\/www.diarioimagen.net\/wp-content\/uploads\/2014\/02\/epn-2298-220x123.jpg 220w, https:\/\/www.diarioimagen.net\/wp-content\/uploads\/2014\/02\/epn-2298-237x132.jpg 237w, https:\/\/www.diarioimagen.net\/wp-content\/uploads\/2014\/02\/epn-2298.jpg 480w\" sizes=\"auto, (max-width: 240px) 100vw, 240px\" \/><\/a><p id=\"caption-attachment-164187\" class=\"wp-caption-text\">Al inaugurar la Convenci\u00f3n Nacional de Industriales 2014, el presidente Enrique Pe\u00f1a Nieto se\u00f1al\u00f3 que la Cofeco tiene herramientas para garantizar una competencia en igualdad de condiciones.<\/p><\/div>\n<p>El presidente Enrique Pe\u00f1a Nieto destac\u00f3 que con la reforma constitucional en materia de competencia econ\u00f3mica, y la creaci\u00f3n de la Comisi\u00f3n Federal de Competencia Econ\u00f3mica (Cofeco) como \u00f3rgano aut\u00f3nomo, \u201cse han sentado las bases para eliminar barreras de entrada, nivelar el terreno de juego y abrir oportunidades, especialmente para las peque\u00f1as y medianas empresas, que son las que generan el mayor empleo y son las que a veces tienen menor oportunidad de participar y de competir con empresas de mayor tama\u00f1o\u201d.<\/p>\n<p>Al inaugurar la Convenci\u00f3n Nacional de Industriales 2014, precis\u00f3 que la Cofeco \u201ccuenta con instrumentos para garantizar que las empresas compitan en igualdad de condiciones, y con ello lograr que los mexicanos tengan acceso a productos y servicios de mayor calidad y de menor precio\u201d.<\/p>\n<p>En el acto, el titular del Ejecutivo federal expres\u00f3 su reconocimiento a \u201cla gran aportaci\u00f3n de la C\u00e1mara Nacional de la Industria de la Transformaci\u00f3n (Canacintra), en la construcci\u00f3n de un M\u00e9xico moderno, m\u00e1s productivo, innovador y competitivo\u201d.<\/p>\n<p>\u201cEsta Convenci\u00f3n Nacional de Industriales coincide con un proceso determinante para lograr que la econom\u00eda mexicana crezca en forma sostenida, genere m\u00e1s empleos y mejore la calidad de vida de las familias mexicanas\u201d, subray\u00f3.<\/p>\n<p>Reiter\u00f3 que el gobierno de la Rep\u00fablica respalda a los emprendedores, a los empresarios y a los industriales, \u201cporque son ustedes quienes invierten y generan empleos, quienes se la juegan con M\u00e9xico, quienes apuestan y tienen confianza en el pa\u00eds, y al hacerlo contribuyen a generar espacios de desarrollo y realizaci\u00f3n personal\u201d.<\/p>\n<p>Puntualiz\u00f3 que la mejor forma de apoyarlos es creando las condiciones propicias para que sus negocios crezcan y prosperen, \u201cy en este marco se han impulsado pol\u00edticas y acciones que buscan elevar la competitividad y democratizar la productividad\u201d.<\/p>\n<p>El primer mandatario inform\u00f3 que ayer present\u00f3 a la C\u00e1mara de Diputados una iniciativa para crear la nueva Ley Federal de Competencia Econ\u00f3mica, con la que se busca \u201cincrementar la competencia y a partir de ello tener un mayor crecimiento econ\u00f3mico que genere m\u00e1s empleos, pero sobre todo que abra mayores espacios de participaci\u00f3n y oportunidad a las peque\u00f1as y medianas empresas\u201d.<\/p>\n<p>Con esta nueva ley, apunt\u00f3, que estar\u00e1 sujeta al debate y a la revisi\u00f3n del Congreso de la Uni\u00f3n, \u201cbuscamos que la Cofeco cuente con las herramientas necesarias para combatir eficazmente las conductas anticompetitivas y las pr\u00e1cticas monop\u00f3licas. Con este nuevo instrumento jur\u00eddico habr\u00e1 de brindarse mayor certeza legal, transparencia y seguridad a todos los agentes econ\u00f3micos que creen en M\u00e9xico e invierten en \u00e9l\u201d.<\/p>\n<p>Esta iniciativa de ley, como las que presentaremos pr\u00f3ximamente en materia de telecomunicaciones y energ\u00eda, agreg\u00f3, \u201cmantienen el esp\u00edritu transformador de las reformas constitucionales que les han dado origen. De esta manera, los beneficios de las reformas aprobadas en 2013 comenzar\u00e1n a sentirse de manera gradual en cada industria, en cada negocio, y sobre todo, en cada hogar de las familias mexicanas\u201d.<\/p>\n<p>Pe\u00f1a Nieto explic\u00f3 algunos de los principales elementos de la iniciativa de ley enviada a la C\u00e1mara de Diputados:<\/p>\n<p>Primero: Se garantiza el mandato constitucional de separar a la autoridad investigadora de la autoridad que resuelve y determina lo conducente en materia de competencia econ\u00f3mica. De esta forma, se cumple un principio b\u00e1sico del derecho, al separar las \u00e1reas, funciones y procedimientos de investigaci\u00f3n, respecto a los de resoluci\u00f3n. Se prev\u00e9, en consecuencia, la creaci\u00f3n de un \u00f3rgano con autonom\u00eda t\u00e9cnica y de gesti\u00f3n, facultado para desahogar las investigaciones de la Comisi\u00f3n.<\/p>\n<p>Segundo: Se ampl\u00eda el cat\u00e1logo de conductas anticompetitivas. La iniciativa define las conductas anticompetitivas y precisa la prohibici\u00f3n de los monopolios, pr\u00e1cticas monop\u00f3licas, concentraciones il\u00edcitas y barreras que disminuyen, da\u00f1an o impiden la libre competencia. Vale la pena destacar que se retoman conceptos de la ley vigente respecto a pr\u00e1cticas monop\u00f3licas absolutas y relativas, lo mismo que la determinaci\u00f3n del mercado relevante, poder sustancial y concentraciones en raz\u00f3n de que han probado en los \u00faltimos a\u00f1os su congruencia con el marco jur\u00eddico y las mejores pr\u00e1cticas internacionales.<\/p>\n<p>Adicionalmente, dijo que la ley que se propone incorpora nuevos mecanismos para prevenir y sancionar pr\u00e1cticas anticompetitivas; entre otras, se prev\u00e9n mecanismos para garantizar el acceso a insumos esenciales y sancionar su explotaci\u00f3n abusiva por parte del agente econ\u00f3mico dominante.<\/p>\n<p>Y tercer elemento: Mayor eficiencia y agilidad procesal. En este aspecto, de acuerdo al texto constitucional, se establecen procesos m\u00e1s cortos al limitar el n\u00famero de recursos que podr\u00e1n interponerse, ya que en la pr\u00e1ctica se han utilizado para dilatar los procedimientos. Igualmente, se fortalecen las capacidades sancionadoras de la Comisi\u00f3n, al permitirle desincorporar activos en la proporci\u00f3n necesaria para restablecer las condiciones de competencia efectiva en los mercados. Adem\u00e1s, se incluyen mecanismos que disminuyen la discrecionalidad de la autoridad, brindando mayor certidumbre jur\u00eddica y garantizando el debido proceso.<\/p>\n","protected":false},"excerpt":{"rendered":"<p>El presidente Enrique Pe\u00f1a Nieto destac\u00f3 que con la reforma constitucional en materia de competencia econ\u00f3mica, y la creaci\u00f3n de la Comisi\u00f3n Federal de Competencia Econ\u00f3mica (Cofeco) como \u00f3rgano aut\u00f3nomo, \u201cse han sentado las bases para eliminar barreras de entrada, nivelar el terreno de juego y abrir oportunidades, especialmente para las peque\u00f1as y medianas empresas, que son las que generan el mayor empleo y son las que a veces tienen menor oportunidad de participar y de competir con empresas de mayor tama\u00f1o\u201d.<\/p>\n","protected":false},"author":3,"featured_media":164187,"comment_status":"open","ping_status":"open","sticky":false,"template":"","format":"standard","meta":{"_monsterinsights_skip_tracking":false,"_monsterinsights_sitenote_active":false,"_monsterinsights_sitenote_note":"","_monsterinsights_sitenote_category":0,"footnotes":""},"categories":[17,3],"tags":[3005,22076,30693,18,43673],"class_list":["post-164153","post","type-post","status-publish","format-standard","has-post-thumbnail","hentry","category-especiales","category-nacional","tag-canacintra","tag-cofeco","tag-comision-federal-de-competencia-economica","tag-enrique-pena-nieto","tag-nacional"],"_links":{"self":[{"href":"https:\/\/www.diarioimagen.net\/index.php?rest_route=\/wp\/v2\/posts\/164153","targetHints":{"allow":["GET"]}}],"collection":[{"href":"https:\/\/www.diarioimagen.net\/index.php?rest_route=\/wp\/v2\/posts"}],"about":[{"href":"https:\/\/www.diarioimagen.net\/index.php?rest_route=\/wp\/v2\/types\/post"}],"author":[{"embeddable":true,"href":"https:\/\/www.diarioimagen.net\/index.php?rest_route=\/wp\/v2\/users\/3"}],"replies":[{"embeddable":true,"href":"https:\/\/www.diarioimagen.net\/index.php?rest_route=%2Fwp%2Fv2%2Fcomments&post=164153"}],"version-history":[{"count":0,"href":"https:\/\/www.diarioimagen.net\/index.php?rest_route=\/wp\/v2\/posts\/164153\/revisions"}],"wp:featuredmedia":[{"embeddable":true,"href":"https:\/\/www.diarioimagen.net\/index.php?rest_route=\/wp\/v2\/media\/164187"}],"wp:attachment":[{"href":"https:\/\/www.diarioimagen.net\/index.php?rest_route=%2Fwp%2Fv2%2Fmedia&parent=164153"}],"wp:term":[{"taxonomy":"category","embeddable":true,"href":"https:\/\/www.diarioimagen.net\/index.php?rest_route=%2Fwp%2Fv2%2Fcategories&post=164153"},{"taxonomy":"post_tag","embeddable":true,"href":"https:\/\/www.diarioimagen.net\/index.php?rest_route=%2Fwp%2Fv2%2Ftags&post=164153"}],"curies":[{"name":"wp","href":"https:\/\/api.w.org\/{rel}","templated":true}]}}