{"id":164497,"date":"2014-02-25T00:01:03","date_gmt":"2014-02-25T06:01:03","guid":{"rendered":"http:\/\/www.diarioimagen.net\/?p=164497"},"modified":"2014-02-25T22:54:43","modified_gmt":"2014-02-26T04:54:43","slug":"el-festival-eurojazz-2014-se-realizara-durante-todo-marzo-en-las-areas-verdes-del-cenart","status":"publish","type":"post","link":"https:\/\/www.diarioimagen.net\/?p=164497","title":{"rendered":"El Festival Eurojazz 2014 se realizar\u00e1 durante todo marzo en las \u00e1reas verdes del Cenart"},"content":{"rendered":"<h2>De cinco estrellas<\/h2>\n<h5>Victoria Gonz\u00e1lez Prado<\/h5>\n<p><span><\/p>\n<ul>\n<li><em><strong>La gastronom\u00eda francesa, reconocida a nivel mundial por sus platillos, maridajes, vinos y postres<\/strong><\/em><\/li>\n<li><em><strong>El 8 de marzo se inaugurar\u00e1 la sexta edici\u00f3n de Expo Mundo Joven\u00a0con la tem\u00e1tica Travel Fest 2014<\/strong><\/em><\/li>\n<li><em><strong>Delta Air Lines, galardonada con dos distinciones en los\u00a0\u201cLatin Trade Best of Travel Awards 2014\u201d<\/strong><\/em><\/li>\n<\/ul>\n<div id=\"attachment_164615\" style=\"width: 250px\" class=\"wp-caption alignleft\"><a href=\"http:\/\/www.diarioimagen.net\/wp-content\/uploads\/2014\/02\/turismo-2300.jpg\"><img loading=\"lazy\" decoding=\"async\" aria-describedby=\"caption-attachment-164615\" class=\"size-medium wp-image-164615\" alt=\"Stephan Vavrik y \u00c1lvaro Rodr\u00edguez Tirado.\" src=\"http:\/\/www.diarioimagen.net\/wp-content\/uploads\/2014\/02\/turismo-2300-240x135.jpg\" width=\"240\" height=\"135\" srcset=\"https:\/\/www.diarioimagen.net\/wp-content\/uploads\/2014\/02\/turismo-2300-240x135.jpg 240w, https:\/\/www.diarioimagen.net\/wp-content\/uploads\/2014\/02\/turismo-2300-420x236.jpg 420w, https:\/\/www.diarioimagen.net\/wp-content\/uploads\/2014\/02\/turismo-2300-235x132.jpg 235w, https:\/\/www.diarioimagen.net\/wp-content\/uploads\/2014\/02\/turismo-2300-202x114.jpg 202w, https:\/\/www.diarioimagen.net\/wp-content\/uploads\/2014\/02\/turismo-2300-350x196.jpg 350w, https:\/\/www.diarioimagen.net\/wp-content\/uploads\/2014\/02\/turismo-2300-220x123.jpg 220w, https:\/\/www.diarioimagen.net\/wp-content\/uploads\/2014\/02\/turismo-2300-237x132.jpg 237w, https:\/\/www.diarioimagen.net\/wp-content\/uploads\/2014\/02\/turismo-2300.jpg 480w\" sizes=\"auto, (max-width: 240px) 100vw, 240px\" \/><\/a><p id=\"caption-attachment-164615\" class=\"wp-caption-text\">Stephan Vavrik y \u00c1lvaro Rodr\u00edguez Tirado.<\/p><\/div>\n<p>Como les coment\u00e9 ayer, Stephan Vavrik y \u00c1lvaro Rodr\u00edguez Tirado dieron a conocer los detalles de lo que ser\u00e1 el Festival Eurojazz 2014, que presentar\u00e1 en el Centro Nacional de las Artes (Cenart) a 11 grupos y cuatro solistas de 10 diferentes pa\u00edses de Europa y una agrupaci\u00f3n de M\u00e9xico. Tambi\u00e9n se considera la posibilidad de hacer crecer este festival, mediante \u201cun conjunto de actividades paralelas que le den versatilidad, como hacer conciertos \u00edntimos en algunos de los teatros, talleres, conferencias y ciclos de cine en torno al jazz\u201d. El Proyecto Trasnacional surgi\u00f3 como iniciativa del contrabajista de Fas Tr\u00edo, <b>David S\u00e1nchez<\/b>, y el violonchelista y compositor de Fossile 3, <b>Sebastian Gramss<\/b>, basado en composiciones que tienen que ver con la improvisaci\u00f3n. Adem\u00e1s, se incluye por primera vez en el Eurojazz una actividad acad\u00e9mica, donde el tr\u00edo que inaugura el evento, Das Kapital, formado por m\u00fasicos de distintas nacionalidades, pero radicados en Alemania: el saxofonista <b>Daniel Erdmann<\/b>, el guitarrista dan\u00e9s <b>Hasse Poulsen<\/b> y baterista franc\u00e9s <b>Edward Perraud<\/b>, impartir\u00e1n el d\u00eda 28 de febrero una clase magistral a las 17:00 horas en el Aula Magna del Cenart. El tr\u00edo dar\u00e1 cuenta de lo que ha sido su trabajo desde 2010, donde han retomado la m\u00fasica del compositor austriaco-alem\u00e1n Hanns Eisler (1898-1962), considerada compleja, para combinarla con el avant-garde jazz. Otras variantes del jazz que se podr\u00e1n escuchar en ese mes ser\u00e1n el electro-jazz y el drum\u2019n\u2019bass, por parte del franc\u00e9s <b>Laurent de Wilde<\/b> y la banda checa Lesn\u00ed Zver, respectivamente. <b>Laurent de Wilden<\/b> es considerado uno de los mejores pianistas de jazz en la actualidad y se caracteriza por haber creado un piano-computadora, con el productor Otisto 23. El proyecto consiste en usar las notas cl\u00e1sicas del piano, pero tambi\u00e9n los distintos sonidos que producen materiales como madera o metal, con los que el productor hace sonidos que le permiten hacer un di\u00e1logo con el pianista y generar nuevos sonidos. Espa\u00f1a participa con el guitarrista <b>Marcelino Gal\u00e1n<\/b>, que con su disco <i>The Gift,<\/i> busc\u00f3 la simplicidad con un minimalismo con carga emocional y estar\u00e1 acompa\u00f1ado por figuras como el pianista <b>Santiago V\u00e1zquez Vi\u00f1as<\/b> y el trompetista <b>Reynald Colom<\/b>. Como solista estar\u00e1 tambi\u00e9n la irlandesa <b>Louise Phelan<\/b>, quien cuenta con una trayectoria de 15 a\u00f1os y ha participado con orquestas sinf\u00f3nicas y bandas. Actualmente trabaja en la ciudad de M\u00e9xico, donde hace trabajo de investigaci\u00f3n e interpretaci\u00f3n del g\u00e9nero. El Festival Eurojazz 2014 estar\u00e1 del 1 al 30 de marzo en las \u00e1reas verdes del Cenart, R\u00edo Churubusco 79, colonia Country Club. Horarios: viernes, s\u00e1bados y domingos 17:00 horas, la estrada es libre.<\/p>\n<p>\u2730\u2730\u2730\u2730\u2730\u00a0La gastronom\u00eda francesa es una de las m\u00e1s reconocidas a nivel mundial por sus platillos regionales, sus maridajes con excelentes vinos, por sus espectaculares postres, etc\u00e9tera. Sin embargo, con la industrializaci\u00f3n y la comida r\u00e1pida, es cada vez m\u00e1s dif\u00edcil conocer el origen de los productos ofrecidos en los restaurantes y poder distinguir un restaurante tradicional y artesanal de otros establecimientos. Por eso, naci\u00f3 el sello de calidad Maestro Restaurantero. Pero en la cocina francesa, no s\u00f3lo se trata de resguardar tradiciones, sino tambi\u00e9n abrirse a las novedades. Un ejemplo de esta apertura a las tendencias gastron\u00f3micas internacionales es la llegada del <i>Street\u00a0Food <\/i>\u00a0en Par\u00eds y otras ciudades de Francia. El reconocido chef <b>Alain Ducasse<\/b> acaba de inaugurar su kiosco Choux D\u00b4Enfer, un proyecto que mezcla el estilo callejero con la alta reposter\u00eda francesa. Los amantes de la gastronom\u00eda francesa podr\u00e1n escoger donde comer con toda la claridad del mundo. El sello Maestro Restaurantero les garantiza comida casera con productos frescos.\u00a0El <i>Street Food<\/i>\u00a0 invade las calles de Par\u00eds y el kiosco Choux d\u00b4enfer es un ejemplo de esta tendencia. Estos pastelitos franceses se preparan en el momento para conservar su frescura y sabor.<\/p>\n<p>\u2730\u2730\u2730\u2730\u2730\u00a0Mundo Joven, la organizaci\u00f3n de turismo juvenil focalizada en fomentar el intercambio cultural por medio de los viajes y el turismo educativo, informa que el pr\u00f3ximo 8 de marzo se inaugurar\u00e1 la sexta edici\u00f3n de Expo Mundo Joven,\u00a0con la tem\u00e1tica\u00a0<i>Travel Fest 2014<\/i>, con la presencia de las principales instituciones educativas en el mundo, aerol\u00edneas internacionales, autoridades tur\u00edsticas y el nombramiento del\u00a0Ciudadano del Mundo 2014<i>,\u00a0<\/i>que este a\u00f1o ser\u00e1 para el actor <b>Luis Gerardo M\u00e9ndez<\/b>. De acuerdo con los organizadores, el ya tradicional evento internacional es un foro de dos d\u00edas en el que se ofrecer\u00e1 orientaci\u00f3n y ponencias de parte de los representantes de las escuelas extranjeras para aspirantes y su familiares, adem\u00e1s se contar\u00e1 con la presencia de las aerol\u00edneas m\u00e1s prestigiadas en el mundo para ofrecer\u00a0\u2018costos justos\u2019\u00a0para que los estudiantes, sus familiares o cualquier visitante que quiera viajar al extranjero tengan una gran oportunidad de lograr su sue\u00f1o. \u201cPara este a\u00f1o, visualizamos al mundo como un gran festival cultural y todos estamos invitados a ser parte de \u00e9l, buscamos viajeros protagonistas de sus propias historias y no ser meros espectadores del mundo; esto implica abrir nuestra mente y la posibilidad de conocer otras maneras de pensar, aprender un segundo o tercer idioma, estudiar alguna cultura o especializarse en alguna carrera de postgrado\u201d, inform\u00f3 <b>Rub\u00e9n Mora<\/b>, director comercial y de nuevos negocios de Mundo Joven. La agencia, adem\u00e1s de ser el aval y anfitri\u00f3n, estar\u00e1 presente con sus mejores asesores de viajes para resolver las dudas que tengan los visitantes, especialmente sobre tr\u00e1mites de visas, requisitos de vacunas, alojamiento en residencias estudiantiles o casa de familias, seguros de gastos m\u00e9dicos, entre otros; siempre con costos justos,\u00a0el acceso ser\u00e1 gratis, con el previo registro en la P\u00e1g.<a href=\"http:\/\/www.expomundojoven.com\/\" target=\"_blank\">www.expomundojoven.com<\/a><\/p>\n<p>\u2730\u2730\u2730\u2730\u2730\u00a0<i>Delta Air Lines<\/i>\u00a0fue galardonada con dos distinciones de primera l\u00ednea en los\u00a0<i>\u201cLatin Trade Best of Travel Awards 2014\u201d<\/i>. Es la \u00fanica aerol\u00ednea estadounidense en el ranking de este a\u00f1o, liderando las categor\u00edas de \u201cMejoras Generales\u201d y \u201cMejores Asociaciones y Alianzas\u201d, en las cuales se reconoce las mejoras en la experiencia del cliente y el fortalecimiento de las alianzas con aerol\u00edneas regionales como GOL Linhas A\u00e9reas Inteligentes, Aerom\u00e9xico y Aerol\u00edneas Argentinas. \u201cEstos premios validan el enfoque, la estrategia y el trabajo diligente de los empleados para alcanzar nuestra meta de convertirnos en la mejor compa\u00f1\u00eda a\u00e9rea de EU en Am\u00e9rica Latina y el Caribe\u201d, dijo <b>Nicol\u00e1s Ferri<\/b>, vicepresidente de Delta para Am\u00e9rica Latina y el Caribe. \u201cComo socios de Delta, GOL y Aerom\u00e9xico tambi\u00e9n se han comprometido en la construcci\u00f3n de una mejor experiencia en general y una red global para nuestros clientes\u201d. En los \u00faltimos dos a\u00f1os, la aerol\u00ednea ha invertido m\u00e1s de 3 mil millones de d\u00f3lares para mejorar todos los niveles de servicios. Ahora las experiencias est\u00e1n mejoradas desde el momento de realizar la reserva en\u00a0<a href=\"http:\/\/www.delta.com\/\" target=\"_blank\">www.delta.com<\/a>, que fue recientemente re-lanzado, a su llegada a las terminales internacionales con nuevo dise\u00f1o en el Aeropuerto Internacional Hartsfield-Jackson de Atlanta y en el Aeropuerto Internacional John F. Kennedy de Nueva York, a la excelente experiencia a bordo. Estas mejoras tambi\u00e9n incluyen la remodelaci\u00f3n de la flota a\u00f1adiendo asientos cama en la cabina <i>BusinessElite <\/i>y los asientos en <i>Economy Comfort,<\/i> un men\u00fa redise\u00f1ado para <i>BusinessElite<\/i> por la chef <b>Michelle Bernstein<\/b>, un programa de vinos actualizado de la M\u00e1ster Sommelier <b>Andrea Robinson<\/b> y la expansi\u00f3n del sistema de entretenimiento de \u00faltima generaci\u00f3n en los vuelos desde y hacia Am\u00e9rica Latina y el Caribe. \u201cEstamos muy contentos de presentar dos premios a una compa\u00f1\u00eda a\u00e9rea que ha sido parte de los viajes de negocios en la regi\u00f3n durante tantos a\u00f1os y que hizo una mejora destacada en la oferta de servicios el a\u00f1o pasado\u201d, dijo <b>Mar\u00eda Gallo<\/b>, directora ejecutiva de <i>Latin Trade Group<\/i>. \u201cRecibir un premio es una buena se\u00f1al de liderazgo, recibir dos es un fuerte indicador de que una aerol\u00ednea se mueve en la direcci\u00f3n de la calidad, el servicio y la satisfacci\u00f3n del cliente\u201d. <b>Santiago Guti\u00e9rrez<\/b>, editor ejecutivo de <i>Latin Trade Group<\/i> dijo: \u201cla l\u00ednea a\u00e9rea fue reconocida no s\u00f3lo por sus grandes mejoras, sino tambi\u00e9n por tener las mejores asociaciones y alianzas en la regi\u00f3n. Nuestros lectores aprecian la conectividad que estas alianzas les han tra\u00eddo, para negocios y viajes de placer\u201d<i>.<\/i> Es la \u00fanica aerol\u00ednea de los EU en recibir dos premios y esto habla de su dedicaci\u00f3n inquebrantable. \u201cLa alianza estrat\u00e9gica con GOL Linhas A\u00e9reas Inteligentes proporciona acceso en Brasil al 99% de los destinos demandados entre ambos pa\u00edses, m\u00e1s que cualquier otra aerol\u00ednea de los EU. En M\u00e9xico, tienen acceso a una amplia red de vuelos hacia el interior del pa\u00eds por medio de la asociaci\u00f3n con Aerom\u00e9xico. La alianza con Aerol\u00edneas Argentinas aumenta la oferta de Delta en Am\u00e9rica del Sur\u201d.<\/p>\n<p><i><em><a href=\"mailto:victoriagprado@gmail.com\" target=\"_blank\">victoriagprado@gmail.com<\/a><\/em><\/i><\/span><\/p>\n","protected":false},"excerpt":{"rendered":"<p>Como les coment\u00e9 ayer, Stephan Vavrik y \u00c1lvaro Rodr\u00edguez Tirado dieron a conocer los detalles de lo que ser\u00e1 el Festival Eurojazz 2014, que presentar\u00e1 en el Centro Nacional de las Artes (Cenart) a 11 grupos y cuatro solistas de 10 diferentes pa\u00edses de Europa y una agrupaci\u00f3n de M\u00e9xico.<\/p>\n","protected":false},"author":3,"featured_media":164615,"comment_status":"open","ping_status":"open","sticky":false,"template":"","format":"standard","meta":{"_monsterinsights_skip_tracking":false,"_monsterinsights_sitenote_active":false,"_monsterinsights_sitenote_note":"","_monsterinsights_sitenote_category":0,"footnotes":""},"categories":[11],"tags":[63,107,43681,106],"class_list":["post-164497","post","type-post","status-publish","format-standard","has-post-thumbnail","hentry","category-turismo","tag-america-latina","tag-de-cinco-estrellas","tag-turismo","tag-victoria-gonzalez-prado"],"_links":{"self":[{"href":"https:\/\/www.diarioimagen.net\/index.php?rest_route=\/wp\/v2\/posts\/164497","targetHints":{"allow":["GET"]}}],"collection":[{"href":"https:\/\/www.diarioimagen.net\/index.php?rest_route=\/wp\/v2\/posts"}],"about":[{"href":"https:\/\/www.diarioimagen.net\/index.php?rest_route=\/wp\/v2\/types\/post"}],"author":[{"embeddable":true,"href":"https:\/\/www.diarioimagen.net\/index.php?rest_route=\/wp\/v2\/users\/3"}],"replies":[{"embeddable":true,"href":"https:\/\/www.diarioimagen.net\/index.php?rest_route=%2Fwp%2Fv2%2Fcomments&post=164497"}],"version-history":[{"count":0,"href":"https:\/\/www.diarioimagen.net\/index.php?rest_route=\/wp\/v2\/posts\/164497\/revisions"}],"wp:featuredmedia":[{"embeddable":true,"href":"https:\/\/www.diarioimagen.net\/index.php?rest_route=\/wp\/v2\/media\/164615"}],"wp:attachment":[{"href":"https:\/\/www.diarioimagen.net\/index.php?rest_route=%2Fwp%2Fv2%2Fmedia&parent=164497"}],"wp:term":[{"taxonomy":"category","embeddable":true,"href":"https:\/\/www.diarioimagen.net\/index.php?rest_route=%2Fwp%2Fv2%2Fcategories&post=164497"},{"taxonomy":"post_tag","embeddable":true,"href":"https:\/\/www.diarioimagen.net\/index.php?rest_route=%2Fwp%2Fv2%2Ftags&post=164497"}],"curies":[{"name":"wp","href":"https:\/\/api.w.org\/{rel}","templated":true}]}}