{"id":164527,"date":"2014-02-25T00:02:16","date_gmt":"2014-02-25T06:02:16","guid":{"rendered":"http:\/\/www.diarioimagen.net\/?p=164527"},"modified":"2014-02-25T23:33:57","modified_gmt":"2014-02-26T05:33:57","slug":"michoacan-y-el-limon","status":"publish","type":"post","link":"https:\/\/www.diarioimagen.net\/?p=164527","title":{"rendered":"Michoac\u00e1n y el lim\u00f3n"},"content":{"rendered":"<h2>Acta P\u00fablica<\/h2>\n<h5>Claudia Rodr\u00edguez<\/h5>\n<p><span><br \/>\nCaminar por el mercado de la colonia con una bolsa de pl\u00e1stico que conten\u00eda un kilo de lim\u00f3n agrio, me convirti\u00f3 el domingo pasado en una de las personas que m\u00e1s miradas atra\u00eda.<\/span><\/p>\n<p>Qui\u00e9n lo habr\u00eda pensado.\u00a0\u00a0El lim\u00f3n en mis manos me hizo m\u00e1s llamativa que si hubiera vestido una falda corta, un pantal\u00f3n ajustado o una blusa escotada.<\/p>\n<p>Antes de poseer tan excelso tesoro, me detuve dudosa \u2014la verdad\u2014, \u00a0frente a un puesto de frutas y verduras.\u00a0\u00a0No muy convencida a\u00fan esper\u00e9 a que el despachador me mirara y hasta que no solt\u00f3 su cl\u00e1sico\u00a0\u00a0\u2014\u00bfQu\u00e9 va a llevar?\u2014, dej\u00e9 escapar la pregunta.\u00a0 \u2014\u00bfEn cu\u00e1nto est\u00e1 el kilo de lim\u00f3n?\u00a0\u00a0La respuesta llana y fr\u00eda fue que en 35 pesos.<\/p>\n<p>Segu\u00ed dudando mientras le cobraban a otra clienta o \u201cg\u00fcerita\u201d y entonces ya no tuve escapatoria entre la necesidad y el lujo.<\/p>\n<p>Fueron tres personas las que durante mi recorrido posterior por los pasillos del peque\u00f1o mercado, me preguntaron sobre mi preciada posesi\u00f3n: Que si ya hab\u00eda bajado su precio, que en cu\u00e1nto estaba el kilo y que si en realidad me hac\u00eda mucha falta.<\/p>\n<p>La verdad, he evitado comprar lim\u00f3n en estas dos \u00faltimas semanas para elaborar la limonada habitual que se bebe en casa, pero unos cuantos limones siempre son requeridos hasta para calmar un padecimiento estomacal.<\/p>\n<p>As\u00ed que ante mi necesidad suntuaria de llevar unos cuantos limones a casa y las miradas y cuestionamientos voraces por tal impulso, decid\u00ed investigar cu\u00e1nto tiempo m\u00e1s, quiz\u00e1, tendr\u00eda que prescindir de este producto en casa.<\/p>\n<p>El caso es que la ca\u00edda de la producci\u00f3n del lim\u00f3n no s\u00f3lo se debe esta vez a la presencia de eventos climatol\u00f3gicos que alteran su siembra y cosecha. Esta vez tambi\u00e9n incide el asunto Michoac\u00e1n.<\/p>\n<p>Y es que el lim\u00f3n se produce principalmente en los estados de Colima, Guerrero, Michoac\u00e1n y Oaxaca afectados por meteoros pluviales en el 2013, a lo que hay que sumar los problemas de los transportistas para esquivar la violencia o las v\u00edas bloqueadas por el efecto Michoac\u00e1n, por lo que se tienen que tomar otras rutas, que obvio, aumentan los costos de traslado. As\u00ed, que por estos d\u00edas y muchas semanas m\u00e1s, el lim\u00f3n es un producto de superlujo para cualquiera que lo compre o utilice.<\/p>\n<p>As\u00ed es que esto tira las teor\u00edas de aquellos quienes dicen que la violencia que impera en distintos puntos de la geograf\u00eda nacional, simplemente no nos afecta.<\/p>\n<p><b><i>Acta Divina\u2026<\/i><\/b>Sergio Ram\u00edrez Casta\u00f1eda, presidente del Sistema Producto Lim\u00f3n Mexicano, ha se\u00f1alado que los precios del lim\u00f3n podr\u00e1n incrementarse a\u00fan m\u00e1s los pr\u00f3ximos d\u00edas.<\/p>\n<p><b><i>Para advertir\u2026<\/i><\/b>El costo del lim\u00f3n, la violencia en Michoac\u00e1n, el precio de la cebolla, la captura de \u201cEl Chapo\u201d.\u00a0 Todo opera en el mismo sentido.<\/p>\n<p><em><a href=\"mailto:actapublica@gmail.com\" target=\"_blank\">actapublica@gmail.com<\/a><\/em><\/p>\n","protected":false},"excerpt":{"rendered":"<p><span style=\"color: #005497;\"><strong>Claudia Rodr\u00edguez<\/strong><\/span><\/p>\n","protected":false},"author":3,"featured_media":0,"comment_status":"open","ping_status":"open","sticky":false,"template":"","format":"standard","meta":{"_monsterinsights_skip_tracking":false,"_monsterinsights_sitenote_active":false,"_monsterinsights_sitenote_note":"","_monsterinsights_sitenote_category":0,"footnotes":""},"categories":[1281],"tags":[1017,43674],"class_list":["post-164527","post","type-post","status-publish","format-standard","hentry","category-claudia-rodriguez","tag-limon","tag-opinion"],"_links":{"self":[{"href":"https:\/\/www.diarioimagen.net\/index.php?rest_route=\/wp\/v2\/posts\/164527","targetHints":{"allow":["GET"]}}],"collection":[{"href":"https:\/\/www.diarioimagen.net\/index.php?rest_route=\/wp\/v2\/posts"}],"about":[{"href":"https:\/\/www.diarioimagen.net\/index.php?rest_route=\/wp\/v2\/types\/post"}],"author":[{"embeddable":true,"href":"https:\/\/www.diarioimagen.net\/index.php?rest_route=\/wp\/v2\/users\/3"}],"replies":[{"embeddable":true,"href":"https:\/\/www.diarioimagen.net\/index.php?rest_route=%2Fwp%2Fv2%2Fcomments&post=164527"}],"version-history":[{"count":0,"href":"https:\/\/www.diarioimagen.net\/index.php?rest_route=\/wp\/v2\/posts\/164527\/revisions"}],"wp:attachment":[{"href":"https:\/\/www.diarioimagen.net\/index.php?rest_route=%2Fwp%2Fv2%2Fmedia&parent=164527"}],"wp:term":[{"taxonomy":"category","embeddable":true,"href":"https:\/\/www.diarioimagen.net\/index.php?rest_route=%2Fwp%2Fv2%2Fcategories&post=164527"},{"taxonomy":"post_tag","embeddable":true,"href":"https:\/\/www.diarioimagen.net\/index.php?rest_route=%2Fwp%2Fv2%2Ftags&post=164527"}],"curies":[{"name":"wp","href":"https:\/\/api.w.org\/{rel}","templated":true}]}}