{"id":164715,"date":"2014-02-26T00:06:13","date_gmt":"2014-02-26T06:06:13","guid":{"rendered":"http:\/\/www.diarioimagen.net\/?p=164715"},"modified":"2014-02-27T04:43:18","modified_gmt":"2014-02-27T10:43:18","slug":"en-edomex-se-aplica-la-ley-contra-trata-de-personas","status":"publish","type":"post","link":"https:\/\/www.diarioimagen.net\/?p=164715","title":{"rendered":"En Edomex se aplica la ley contra trata de personas"},"content":{"rendered":"<ul>\n<li><strong><em>El gobernador mexiquense tom\u00f3 protesta a los integrantes del Consejo Estatal para Prevenir, Atender y Combatir este flagelo<\/em><\/strong><\/li>\n<\/ul>\n<div id=\"attachment_164739\" style=\"width: 250px\" class=\"wp-caption alignleft\"><a href=\"http:\/\/www.diarioimagen.net\/wp-content\/uploads\/2014\/02\/eruviel-2301.jpg\"><img loading=\"lazy\" decoding=\"async\" aria-describedby=\"caption-attachment-164739\" class=\"size-medium wp-image-164739\" alt=\"Durante la toma de protesta del Consejo Estatal para Prevenir, Atender y Combatir la Trata de Personas y para la Protecci\u00f3n y Asistencia a las V\u00edctimas en el Estado de M\u00e9xico, el gobernador Eruviel \u00c1vila Villegas destac\u00f3 que la entidad cuenta con normatividad actualizada y ha emprendido acciones para erradicar este il\u00edcito.\" src=\"http:\/\/www.diarioimagen.net\/wp-content\/uploads\/2014\/02\/eruviel-2301-240x162.jpg\" width=\"240\" height=\"162\" srcset=\"https:\/\/www.diarioimagen.net\/wp-content\/uploads\/2014\/02\/eruviel-2301-240x162.jpg 240w, https:\/\/www.diarioimagen.net\/wp-content\/uploads\/2014\/02\/eruviel-2301-420x283.jpg 420w, https:\/\/www.diarioimagen.net\/wp-content\/uploads\/2014\/02\/eruviel-2301.jpg 700w\" sizes=\"auto, (max-width: 240px) 100vw, 240px\" \/><\/a><p id=\"caption-attachment-164739\" class=\"wp-caption-text\">Durante la toma de protesta del Consejo Estatal para Prevenir, Atender y Combatir la Trata de Personas y para la Protecci\u00f3n y Asistencia a las V\u00edctimas en el Estado de M\u00e9xico, el gobernador Eruviel \u00c1vila Villegas destac\u00f3 que la entidad cuenta con normatividad actualizada y ha emprendido acciones para erradicar este il\u00edcito.<\/p><\/div>\n<p><strong>Toluca, Estado de M\u00e9xico<\/strong>.- El gobernador Eruviel \u00c1vila Villegas destac\u00f3 que el Estado de M\u00e9xico cuenta con normatividad actualizada y ha emprendido acciones para erradicar la trata de personas, tales como el cierre de 524 giros rojos, desde 2013, donde presumiblemente se comet\u00eda esta pr\u00e1ctica, as\u00ed como la firma del Acuerdo para la Implementaci\u00f3n del C\u00f3digo de Conducta Nacional para la Protecci\u00f3n de las Ni\u00f1as, Ni\u00f1os y Adolescentes en el sector de los viajes y el rurismo, y la presentaci\u00f3n de la Ley de Unidades Econ\u00f3micas o Establecimientos Mercantiles al Poder Legislativo, que permitir\u00e1 clausurar los establecimientos donde se venden bebidas alcoh\u00f3licas y se atenta contra la dignidad y libertad de las personas.<\/p>\n<p>\u201cEste mismo mes estaremos presentando una nueva Ley que pudiera denominarse Ley de Unidades Econ\u00f3micas del Estado M\u00e9xico o Ley de Establecimientos Mercantiles, la denominaci\u00f3n es lo de menos, lo m\u00e1s importante es el contenido de esta ley, donde definitivamente habremos de prohibir aquellos lugares en donde se expendan bebidas alcoh\u00f3licas y donde se afecte o se atente contra la dignidad humana.<\/p>\n<p>Hemos cerrado m\u00e1s de 524 llamados giros rojos, en donde presumiblemente se llevaba a cabo la trata de personas y ya no pueden operar, y vamos, desde luego, por su clausura definitiva, porque estamos trabajando seriamente, con la ley en la mano, agotando todos los procedimientos administrativos para que \u00e9stos centros dejen de ser lo que son, centros de vicio que afectan a nuestra juventud\u201d.<\/p>\n<p>Luego de tomar protesta a los integrantes del Consejo Estatal para Prevenir, Atender y Combatir la Trata de Personas y para la Protecci\u00f3n y Asistencia a las V\u00edctimas en el Estado de M\u00e9xico, cuyas funciones ser\u00e1n regir, dise\u00f1ar y coordinar pol\u00edticas que permitan frenar este delito, el gobernador indic\u00f3 que de aprobarse dicha iniciativa en la C\u00e1mara de Diputados local, el gobierno del estado actualizar\u00e1 su normatividad en esta materia, para evitar que se atente contra las personas con esta pr\u00e1ctica; adem\u00e1s, manifest\u00f3 a las C\u00e1maras de Comercio de la entidad que no se preocupen por esta iniciativa, ya que no afectar\u00e1 negocios como restaurantes-bar o familiares.<\/p>\n<p>En el Sal\u00f3n Gobernadores del Palacio de Gobierno, Eruviel \u00c1vila reconoci\u00f3 al Senado de la Rep\u00fablica por la aprobaci\u00f3n de las reformas a la Ley de Trata de Personas, y anticip\u00f3 que en la entidad se homologar\u00e1 y actualizar\u00e1 la ley vigente,\u00a0 con las nuevas actualizaciones realizadas a nivel nacional, para combatir este flagelo social.<\/p>\n<p>Por su parte, el procurador de Justicia estatal, Miguel \u00c1ngel Contreras Nieto, consider\u00f3 que la integraci\u00f3n de este comit\u00e9 representa un paso fundamental en el combate a la trata, y detall\u00f3 que los miembros de este consejo, conformado por funcionarios p\u00fablicos, tendr\u00e1n las funciones de emprender acciones coordinadas para poner en marcha campa\u00f1as de concientizaci\u00f3n, atenci\u00f3n psicol\u00f3gica y social a v\u00edctimas, monitorear y vigilar anuncios clasificados en medios de comunicaci\u00f3n que inciten a este delito, entre otras.<b><\/b><\/p>\n<p>&nbsp;<\/p>\n","protected":false},"excerpt":{"rendered":"<p>El gobernador Eruviel \u00c1vila Villegas destac\u00f3 que el Estado de M\u00e9xico cuenta con normatividad actualizada y ha emprendido acciones para erradicar la trata de personas, tales como el cierre de 524 giros rojos, desde 2013, donde presumiblemente se comet\u00eda esta pr\u00e1ctica, as\u00ed como la firma del Acuerdo para la Implementaci\u00f3n del C\u00f3digo de Conducta Nacional para la Protecci\u00f3n de las Ni\u00f1as, Ni\u00f1os y Adolescentes en el sector de los viajes y el rurismo, y la presentaci\u00f3n de la Ley de Unidades Econ\u00f3micas o Establecimientos Mercantiles al Poder Legislativo, que permitir\u00e1 clausurar los establecimientos donde se venden bebidas alcoh\u00f3licas y se atenta contra la dignidad y libertad de las personas.<\/p>\n","protected":false},"author":3,"featured_media":164739,"comment_status":"open","ping_status":"open","sticky":false,"template":"","format":"standard","meta":{"_monsterinsights_skip_tracking":false,"_monsterinsights_sitenote_active":false,"_monsterinsights_sitenote_note":"","_monsterinsights_sitenote_category":0,"footnotes":""},"categories":[17,5],"tags":[5828,43675,452,21938,5316],"class_list":["post-164715","post","type-post","status-publish","format-standard","has-post-thumbnail","hentry","category-especiales","category-estado-de-mexico","tag-eruviel-avila-villegas","tag-estado-de-mexico","tag-toluca","tag-trata","tag-trata-de-personas"],"_links":{"self":[{"href":"https:\/\/www.diarioimagen.net\/index.php?rest_route=\/wp\/v2\/posts\/164715","targetHints":{"allow":["GET"]}}],"collection":[{"href":"https:\/\/www.diarioimagen.net\/index.php?rest_route=\/wp\/v2\/posts"}],"about":[{"href":"https:\/\/www.diarioimagen.net\/index.php?rest_route=\/wp\/v2\/types\/post"}],"author":[{"embeddable":true,"href":"https:\/\/www.diarioimagen.net\/index.php?rest_route=\/wp\/v2\/users\/3"}],"replies":[{"embeddable":true,"href":"https:\/\/www.diarioimagen.net\/index.php?rest_route=%2Fwp%2Fv2%2Fcomments&post=164715"}],"version-history":[{"count":0,"href":"https:\/\/www.diarioimagen.net\/index.php?rest_route=\/wp\/v2\/posts\/164715\/revisions"}],"wp:featuredmedia":[{"embeddable":true,"href":"https:\/\/www.diarioimagen.net\/index.php?rest_route=\/wp\/v2\/media\/164739"}],"wp:attachment":[{"href":"https:\/\/www.diarioimagen.net\/index.php?rest_route=%2Fwp%2Fv2%2Fmedia&parent=164715"}],"wp:term":[{"taxonomy":"category","embeddable":true,"href":"https:\/\/www.diarioimagen.net\/index.php?rest_route=%2Fwp%2Fv2%2Fcategories&post=164715"},{"taxonomy":"post_tag","embeddable":true,"href":"https:\/\/www.diarioimagen.net\/index.php?rest_route=%2Fwp%2Fv2%2Ftags&post=164715"}],"curies":[{"name":"wp","href":"https:\/\/api.w.org\/{rel}","templated":true}]}}