{"id":164824,"date":"2014-02-27T00:01:33","date_gmt":"2014-02-27T06:01:33","guid":{"rendered":"http:\/\/www.diarioimagen.net\/?p=164824"},"modified":"2014-02-27T22:49:19","modified_gmt":"2014-02-28T04:49:19","slug":"el-mundo-maya-un-proyecto-que-se-adelanto-a-su-tiempo-fernando-marti-director-del-foro-nacional-de-turismo","status":"publish","type":"post","link":"https:\/\/www.diarioimagen.net\/?p=164824","title":{"rendered":"\u201cEl Mundo Maya, un proyecto que se adelant\u00f3 a su tiempo\u201d: Fernando Mart\u00ed, director del Foro Nacional de Turismo"},"content":{"rendered":"<h2>De cinco estrellas<\/h2>\n<h5>Victoria Gonz\u00e1lez Prado<\/h5>\n<p><span><\/p>\n<ul>\n<li><strong><em>El <\/em>Coachella Valley Music &amp; Arts Festival<em> llega en abril para el deleite de sus fan\u00e1ticos<\/em><\/strong><\/li>\n<li><strong><em>OMA invierte con tecnolog\u00eda de punta para garantizar la seguridad operacional<\/em><\/strong><\/li>\n<li><strong><em>Pocos mexicanos hacen un esfuerzo detallado al momento de elegir una tarjeta de cr\u00e9dito<\/em><\/strong><\/li>\n<\/ul>\n<p><b>M\u00e9rida, Yucat\u00e1n<\/b>.- <b>Fernando Mart\u00ed<\/b>, director del Foro Nacional de Turismo asegur\u00f3: \u201cEl Mundo Maya\u00a0 es un proyecto que se adelant\u00f3 a su tiempo; sin embargo, despu\u00e9s de dos d\u00e9cadas de intentar avances, ahora se est\u00e1n dando todos los elementos para su relanzamiento, pero sobre todo, para consolidar acciones concretas que se ver\u00e1n a corto plazo\u201d. <b>Mart\u00ed<\/b> agreg\u00f3 que finaliza el XII Foro Nacional de Turismo con la certeza de la conveniencia de relanzar el programa Mundo Maya, el cual puede ser un motor de crecimiento econ\u00f3mico, social y tur\u00edstico para los cinco estados que comparten esa cultura. \u201cHubo propuestas espec\u00edficas en el tema de conectividad, innovaci\u00f3n de producto, sustentabilidad\u00a0y la necesidad de crear una regi\u00f3n tur\u00edstica, que promocione m\u00e1s que destinos de sol y playa o ciudades coloniales, un concepto integral de cultura, historia, tradici\u00f3n y naturaleza\u201d. Al mismo tiempo, dijo que lo m\u00e1s importante es que por primera vez se observa entendimiento y disponibilidad por parte de la iniciativa privada, autoridades de los tres \u00f3rdenes de gobierno, fideicomisos de promoci\u00f3n y prestadores de servicios tur\u00edsticos en general y se preparan acciones de inversi\u00f3n que permitir\u00e1n la conectividad que se requiere,\u00a0 como el proyecto del Tren Transpeninsular y la creaci\u00f3n de nuevas rutas a\u00e9reas regionales. Otro avance -indic\u00f3- es el que se refiere al proyecto Gran Pen\u00ednsula Maya, que ofrecer\u00e1 infraestructura, conectividad a\u00e9rea y terrestre, adem\u00e1s de promoci\u00f3n puntual por medio de las redes sociales. <b>Mart\u00ed<\/b> se\u00f1al\u00f3 que durante los tres d\u00edas del evento, se logr\u00f3 una afluencia de 3 mil 200 personas en las m\u00e1s de diez mesas panel que se ofrecieron sobre gran diversidad de temas, que ata\u00f1en al \u00e1mbito tur\u00edstico. \u201cEl foro pretende continuar de forma itinerante para compartir con m\u00e1s estados de la regi\u00f3n sureste la discusi\u00f3n de estas reflexiones tur\u00edsticas. Tenemos invitaci\u00f3n de Campeche y Tabasco, para realizar el XIII foro el pr\u00f3ximo a\u00f1o\u201d. Por \u00faltimo, se refiri\u00f3 a Kultur 2014, evento que se llevar\u00e1 a cabo del 9 al 11 de abril en Le\u00f3n, Guanajuato, y que consolida a Guanajuato como un destino de turismo cultural de relevancia en el pa\u00eds.\u00a0En los pr\u00f3ximos d\u00edas hablaremos de algunos temas relevantes tratados durante el foro.<\/p>\n<div id=\"attachment_164941\" style=\"width: 250px\" class=\"wp-caption alignleft\"><a href=\"http:\/\/www.diarioimagen.net\/wp-content\/uploads\/2014\/02\/turismo-2302.jpg\"><img loading=\"lazy\" decoding=\"async\" aria-describedby=\"caption-attachment-164941\" class=\"size-medium wp-image-164941\" alt=\"Coachella Valley Music &amp; Arts Festival.\" src=\"http:\/\/www.diarioimagen.net\/wp-content\/uploads\/2014\/02\/turismo-2302-240x159.jpg\" width=\"240\" height=\"159\" srcset=\"https:\/\/www.diarioimagen.net\/wp-content\/uploads\/2014\/02\/turismo-2302-240x159.jpg 240w, https:\/\/www.diarioimagen.net\/wp-content\/uploads\/2014\/02\/turismo-2302-420x279.jpg 420w, https:\/\/www.diarioimagen.net\/wp-content\/uploads\/2014\/02\/turismo-2302.jpg 700w\" sizes=\"auto, (max-width: 240px) 100vw, 240px\" \/><\/a><p id=\"caption-attachment-164941\" class=\"wp-caption-text\">Coachella Valley Music &amp; Arts Festival.<\/p><\/div>\n<p>\u2730\u2730\u2730\u2730\u2730\u00a0El <i>Coachella Valley Music and Arts Festival<\/i> llega en abril para el deleite de sus fan\u00e1ticos. <i>Coachella,<\/i> como se le llama popularmente, es un festival que se realiza en dos fines de semana, en esta ocasi\u00f3n el primero ser\u00e1 del 11 al 13 de abril y el segundo del 18 al 20 de abril. <i>Muse, Outkast, Foster the People, Arcade Fire, Skrillex <\/i>y alrededor de 150 artistas y bandas de talla internacional engalanar\u00e1n los escenarios; cabe destacar que la banda mexicana de rock, Zo\u00e9,\u00a0 estar\u00e1 presente para alegrar con su m\u00fasica especialmente a los corazones latinos. El <i>Lineup<\/i> completo para la edici\u00f3n 2014 de <i>Coachella <\/i>puede ser consultado en la p\u00e1gina oficial <a href=\"http:\/\/www.coachella.com\/\" target=\"_blank\">http:\/\/www.coachella.com\/<\/a> Entre las novedades este a\u00f1o se destaca <i>The Terrace, <\/i>un restaurante con comida de excelente calidad para los que disfrutan de ingredientes saludables de la regi\u00f3n, una fabulosa tienda de discos y una boutique con una selecci\u00f3n de objetos de arte, ropa y coleccionables que no podr\u00e1s resistir. Las opciones de hospedaje para el festival van desde austeras casas de campa\u00f1a hasta el m\u00e1ximo lujo que s\u00f3lo California ofrece; 85 d\u00f3lares es el precio inicial y \u00e9ste sube conforme a la opci\u00f3n elegida, pudiendo llegar hasta los\u00a0 4 mil 700 d\u00f3lares (casa para cuatro personas y boletos VIP para el festival). Puedes consultar los paquetes disponibles en la p\u00e1gina oficial de Coachella. El festival tiene lugar en Indio, California, un para\u00edso des\u00e9rtico que acompa\u00f1ado de la m\u00fasica y espect\u00e1culos, transportan a los asistentes a un mundo del que nadie quiere salir. La forma de llegar no podr\u00eda ser m\u00e1s f\u00e1cil, pues ya sea por aire o carretera, existen diversas rutas para arribar al lugar, como ejemplo el Aeropuerto Internacional de <i>Palm Springs<\/i> a tan s\u00f3lo 30 minutos de <i>Coachella.<\/i> \u00a1No pierdas oportunidad de disfrutar esta maravillosa experiencia!<\/p>\n<p>\u2730\u2730\u2730\u2730\u2730\u00a0OMA informa que el Aeropuerto Internacional de Chihuahua \u201cGral. Roberto Fierro Villalobos\u201d invirti\u00f3 en la modernizaci\u00f3n de su equipo de seguridad operacional, tras la adquisici\u00f3n de una nueva unidad Oshkosh modelo Global Striker 1500 de tipo aeroportuaria, con lo m\u00e1s avanzado en tecnolog\u00eda de extinci\u00f3n de incendios, cumpliendo con la Normatividad de la Organizaci\u00f3n de la Aviaci\u00f3n Civil Internacional (OACI). OMA es una empresa comprometida en brindar instalaciones seguras y a la vez garantizar a las aerol\u00edneas la seguridad en sus operaciones, por medio de una infraestructura planificada, con crecimiento acorde a la demanda de tr\u00e1fico, equipamiento moderno y personal calificado que re\u00fanen condiciones para atender cualquier contingencia aeron\u00e1utica en la terminal a\u00e9rea. La nueva unidad fue exhibida y puesta a prueba ante autoridades aeron\u00e1uticas, personal de aerol\u00edneas y prestadores de servicios del aeropuerto de Chihuahua, donde se demostraron las principales caracter\u00edsticas del equipo, el cual\u00a0cuenta con un sistema de suspensi\u00f3n independiente de tracci\u00f3n en cada rueda, que le permite tener acceso a terrenos dif\u00edciles. Tiene un motor <i>Deutz <\/i>de cuatro tiempos de 670 HP y una transmisi\u00f3n autom\u00e1tica de siete velocidades, con lo que alcanza una aceleraci\u00f3n de 0 a 80 km\/h en 25 segundos y un tanque de almacenamiento de agua con capacidad de 6 mil litros. Adem\u00e1s cuenta con un sistema de succi\u00f3n para recarga de cualquier fuente de agua disponible, una capacidad de descarga de 7 mil 551 litros\/min., a 225 PSI, con un ca\u00f1\u00f3n superior y de defensa, as\u00ed como un sistema de protecci\u00f3n para soportar las bajas temperaturas que se registran en el estado de Chihuahua durante la temporada de invierno. La adquisici\u00f3n de esta nueva unidad fortalece de manera importante al Cuerpo de Rescate y Extinci\u00f3n de Incendios (CREI) del aeropuerto de Chihuahua que es el tercer aeropuerto de OMA en volumen de tr\u00e1fico, registro 885 mil pasajeros en 2013.<\/p>\n<p>\u2730\u2730\u2730\u2730\u2730\u00a0Las tarjetas de cr\u00e9dito son el producto financiero m\u00e1s importante en el pa\u00eds. Existen m\u00e1s de 150 opciones disponibles en el mercado y se estima que haya m\u00e1s de 27 millones de tarjetas activas. Sin embargo, son pocos los mexicanos que hacen un esfuerzo detallado al momento de elegir una tarjeta y sin haber comparado las opciones que hay en el mercado. Resuelve tu Deuda, la primera reparadora de cr\u00e9dito que se estableci\u00f3 en M\u00e9xico, indica c\u00f3mo identificar opciones que se adecuen a tus necesidades y estilo de vida. <b>Juan Pablo Zorrilla<\/b>, codirector general de Resuelve tu Deuda, explica: \u201cEl principal problema que estamos observando es que los mexicanos obtienen tarjetas por el simple hecho de tener acceso a cr\u00e9dito, pero muchas veces no tienen ni siquiera claro las metas que desean alcanzar con la tarjeta o el uso que le van a dar. \u201dHay tres preguntas clave que puedes hacerte antes de elegir una tarjeta de cr\u00e9dito: \u00bfPara qu\u00e9?\u00a0Hay que definir la raz\u00f3n por la cual quieres la tarjeta. Si no sabes qu\u00e9 uso le vas a dar al pl\u00e1stico, no podr\u00e1s elegir la opci\u00f3n m\u00e1s adecuada. Por ejemplo: Si quieres utilizar la tarjeta como medio de pago para los gastos corrientes del hogar, conviene buscar una tarjeta que cobre las comisiones y costos por transacci\u00f3n m\u00e1s bajos. Si est\u00e1s pensando en adquirir la tarjeta por seguridad, pero no la usar\u00e1s mucho, conviene un pl\u00e1stico que cobre una anualidad muy baja. Pero, si quieres una tarjeta como medio de financiamiento, es preferible buscar la opci\u00f3n con la tasa de inter\u00e9s m\u00e1s baja. Sin embargo, \u00e9sta es la opci\u00f3n menos recomendable, ya que una tarjeta puede ser una de las opciones de cr\u00e9dito m\u00e1s caras.<b> <\/b>\u00bfCu\u00e1nto?\u00a0\u00a0Hay que determinar el nivel de l\u00ednea de cr\u00e9dito que te conviene. Es muy com\u00fan que las personas busquen una l\u00ednea de cr\u00e9dito grande, incluso cuando no necesariamente la necesitan. Es recomendable tener claro tu nivel de ingreso y estar consciente que el pago de tu tarjeta (en conjunto con todos los cr\u00e9ditos que tienes) no exceda el 30% de tus ingresos. \u00bfC\u00f3mo?\u00a0Es importante tener claro que tu tarjeta se debe ajustar a tu estilo de vida, y no viceversa. Para los que viajan mucho, es preferible elegir un pl\u00e1stico que te premie con millas. Si realizas compras numerosas en una tienda en particular, te conviene una tarjeta de esa tienda para poder obtener recompensas, compras a meses sin intereses y hasta descuentos. Para los \u201ctotaleros\u201d, es recomendable una que premie esa responsabilidad como buen pagador con recompensas y regalos. Si quieres tener acceso a cr\u00e9ditos m\u00e1s elevados, procura ser puntual en tu pago y no caigas en sobregiros. Si tienes un mal historial crediticio, te sugerimos pedir una tarjeta garantizada, la cual a pesar de no tener muchos beneficios, te permitir\u00e1 ir demostrando una mayor voluntad y capacidad de pago. \u201cEs importante siempre traer en mente cuando est\u00e1s buscando una tarjeta que te cueste lo menos posible, tomando en cuenta el CAT, y que te otorgue el mayor n\u00famero de beneficios. Recuerda: la tarjeta se debe ajustar a tu estilo de vida, no viceversa\u201d, comenta <b>Juan Pablo Zorrilla<\/b>. Resuelve tu Deuda, la primera reparadora de cr\u00e9dito que se estableci\u00f3 en M\u00e9xico, opera con un innovador modelo de negocio que ayuda a sus clientes a salir de sus deudas mediante sus propios recursos y reincorporarse al sistema crediticio, al tiempo que los asesora sobre la mejor forma de administrar sus finanza personales.<\/p>\n<p><i><em><a href=\"mailto:victoriagprado@gmail.com\" target=\"_blank\">victoriagprado@gmail.com<\/a><\/em><\/i><\/span><\/p>\n","protected":false},"excerpt":{"rendered":"<p><b>Fernando Mart\u00ed<\/b>, director del Foro Nacional de Turismo asegur\u00f3: \u201cEl Mundo Maya  es un proyecto que se adelant\u00f3 a su tiempo; sin embargo, despu\u00e9s de dos d\u00e9cadas de intentar avances, ahora se est\u00e1n dando todos los elementos para su relanzamiento, pero sobre todo, para consolidar acciones concretas que se ver\u00e1n a corto plazo\u201d. <\/p>\n","protected":false},"author":3,"featured_media":164941,"comment_status":"open","ping_status":"open","sticky":false,"template":"","format":"standard","meta":{"_monsterinsights_skip_tracking":false,"_monsterinsights_sitenote_active":false,"_monsterinsights_sitenote_note":"","_monsterinsights_sitenote_category":0,"footnotes":""},"categories":[11],"tags":[107,26111,3214,43674,106,2477],"class_list":["post-164824","post","type-post","status-publish","format-standard","has-post-thumbnail","hentry","category-turismo","tag-de-cinco-estrellas","tag-foro-nacional-de-turismo","tag-merida","tag-opinion","tag-victoria-gonzalez-prado","tag-yucatan"],"_links":{"self":[{"href":"https:\/\/www.diarioimagen.net\/index.php?rest_route=\/wp\/v2\/posts\/164824","targetHints":{"allow":["GET"]}}],"collection":[{"href":"https:\/\/www.diarioimagen.net\/index.php?rest_route=\/wp\/v2\/posts"}],"about":[{"href":"https:\/\/www.diarioimagen.net\/index.php?rest_route=\/wp\/v2\/types\/post"}],"author":[{"embeddable":true,"href":"https:\/\/www.diarioimagen.net\/index.php?rest_route=\/wp\/v2\/users\/3"}],"replies":[{"embeddable":true,"href":"https:\/\/www.diarioimagen.net\/index.php?rest_route=%2Fwp%2Fv2%2Fcomments&post=164824"}],"version-history":[{"count":0,"href":"https:\/\/www.diarioimagen.net\/index.php?rest_route=\/wp\/v2\/posts\/164824\/revisions"}],"wp:featuredmedia":[{"embeddable":true,"href":"https:\/\/www.diarioimagen.net\/index.php?rest_route=\/wp\/v2\/media\/164941"}],"wp:attachment":[{"href":"https:\/\/www.diarioimagen.net\/index.php?rest_route=%2Fwp%2Fv2%2Fmedia&parent=164824"}],"wp:term":[{"taxonomy":"category","embeddable":true,"href":"https:\/\/www.diarioimagen.net\/index.php?rest_route=%2Fwp%2Fv2%2Fcategories&post=164824"},{"taxonomy":"post_tag","embeddable":true,"href":"https:\/\/www.diarioimagen.net\/index.php?rest_route=%2Fwp%2Fv2%2Ftags&post=164824"}],"curies":[{"name":"wp","href":"https:\/\/api.w.org\/{rel}","templated":true}]}}