{"id":164919,"date":"2014-02-27T00:05:37","date_gmt":"2014-02-27T06:05:37","guid":{"rendered":"http:\/\/www.diarioimagen.net\/?p=164919"},"modified":"2014-02-27T03:44:01","modified_gmt":"2014-02-27T09:44:01","slug":"juez-absuelve-a-dos-ex-funcionarios-de-siedo","status":"publish","type":"post","link":"https:\/\/www.diarioimagen.net\/?p=164919","title":{"rendered":"Juez absuelve a dos ex funcionarios de SIEDO"},"content":{"rendered":"<ul>\n<li><strong><em>Testigos protegidos los acusaron<\/em><\/strong><\/li>\n<\/ul>\n<div id=\"attachment_164937\" style=\"width: 215px\" class=\"wp-caption alignleft\"><a href=\"http:\/\/www.diarioimagen.net\/wp-content\/uploads\/2014\/02\/seguridad-inner-2302.jpg\"><img loading=\"lazy\" decoding=\"async\" aria-describedby=\"caption-attachment-164937\" class=\"size-medium wp-image-164937\" alt=\"Miguel Colorado Gonz\u00e1lez es uno de los dos acusados por la administraci\u00f3n de Felipe Calder\u00f3n de tener nexos con los Beltr\u00e1n Leyva, que ayer fue absuelto.\" src=\"http:\/\/www.diarioimagen.net\/wp-content\/uploads\/2014\/02\/seguridad-inner-2302-205x240.jpg\" width=\"205\" height=\"240\" srcset=\"https:\/\/www.diarioimagen.net\/wp-content\/uploads\/2014\/02\/seguridad-inner-2302-205x240.jpg 205w, https:\/\/www.diarioimagen.net\/wp-content\/uploads\/2014\/02\/seguridad-inner-2302-359x420.jpg 359w, https:\/\/www.diarioimagen.net\/wp-content\/uploads\/2014\/02\/seguridad-inner-2302.jpg 500w\" sizes=\"auto, (max-width: 205px) 100vw, 205px\" \/><\/a><p id=\"caption-attachment-164937\" class=\"wp-caption-text\">Miguel Colorado Gonz\u00e1lez es uno de los dos acusados por la administraci\u00f3n de Felipe Calder\u00f3n de tener nexos con los Beltr\u00e1n Leyva, que ayer fue absuelto.<\/p><\/div>\n<p>Dos ex funcionarios de la Subprocuradur\u00eda de Investigaci\u00f3n Especializada en Delincuencia organizada (SIEDO) de la Procuradur\u00eda General de la Rep\u00fablica (PGR), fueron exonerados ayer por un juez al desvirtuarse los dichos de los testigos protegidos que los acusaron durante la operaci\u00f3n \u201cManos Limpias\u201d de la pasada administraci\u00f3n calderonista.<\/p>\n<p>El ex coordinador general t\u00e9cnico, Miguel Colorado Gonz\u00e1lez, y el ex agente federal de investigaciones Antonio Mej\u00eda Robles, fueron absueltos por el Juzgado Segundo de Distrito de Procesos Penales en el estado de Jalisco, detalla una nota informativa del Poder Judicial de la Federaci\u00f3n.<\/p>\n<p>Con base en testimonios de testigos protegidos, ambos fueron acusados de colaborar con la organizaci\u00f3n de los hermanos Beltr\u00e1n Leyva, a quienes supuestamente les informaban de los movimientos del personal operativo policiaco en los lugares donde operaban.<\/p>\n<p>Presuntamente, como retribuci\u00f3n los hermanos Leyva les pagaban fuertes cantidades de dinero que les permitieron realizar diversas operaciones financieras con recursos de procedencia incierta.<\/p>\n<p>Ayer, el Consejo de la Judicatura Federal inform\u00f3 que el juzgado donde se desahog\u00f3 la causa penal 250\/2008-III y su acumulado del Juzgado Tercero de Distrito de Procesos Penales en el Distrito Federal dictaron sentencia absolutoria en favor de los ex funcionarios de la PGR.<\/p>\n<p>&nbsp;<\/p>\n","protected":false},"excerpt":{"rendered":"<p>Dos ex funcionarios de la Subprocuradur\u00eda de Investigaci\u00f3n Especializada en Delincuencia organizada (SIEDO) de la Procuradur\u00eda General de la Rep\u00fablica (PGR), fueron exonerados ayer por un juez al desvirtuarse los dichos de los testigos protegidos que los acusaron durante la operaci\u00f3n \u201cManos Limpias\u201d de la pasada administraci\u00f3n calderonista.<\/p>\n","protected":false},"author":3,"featured_media":164936,"comment_status":"open","ping_status":"open","sticky":false,"template":"","format":"standard","meta":{"_monsterinsights_skip_tracking":false,"_monsterinsights_sitenote_active":false,"_monsterinsights_sitenote_note":"","_monsterinsights_sitenote_category":0,"footnotes":""},"categories":[7],"tags":[232,27887,43677,6980,21010],"class_list":["post-164919","post","type-post","status-publish","format-standard","has-post-thumbnail","hentry","category-seguridad","tag-pgr","tag-procuraduria-general-de-la-republica","tag-seguridad","tag-siedo","tag-testigos-protegidos"],"_links":{"self":[{"href":"https:\/\/www.diarioimagen.net\/index.php?rest_route=\/wp\/v2\/posts\/164919","targetHints":{"allow":["GET"]}}],"collection":[{"href":"https:\/\/www.diarioimagen.net\/index.php?rest_route=\/wp\/v2\/posts"}],"about":[{"href":"https:\/\/www.diarioimagen.net\/index.php?rest_route=\/wp\/v2\/types\/post"}],"author":[{"embeddable":true,"href":"https:\/\/www.diarioimagen.net\/index.php?rest_route=\/wp\/v2\/users\/3"}],"replies":[{"embeddable":true,"href":"https:\/\/www.diarioimagen.net\/index.php?rest_route=%2Fwp%2Fv2%2Fcomments&post=164919"}],"version-history":[{"count":0,"href":"https:\/\/www.diarioimagen.net\/index.php?rest_route=\/wp\/v2\/posts\/164919\/revisions"}],"wp:featuredmedia":[{"embeddable":true,"href":"https:\/\/www.diarioimagen.net\/index.php?rest_route=\/wp\/v2\/media\/164936"}],"wp:attachment":[{"href":"https:\/\/www.diarioimagen.net\/index.php?rest_route=%2Fwp%2Fv2%2Fmedia&parent=164919"}],"wp:term":[{"taxonomy":"category","embeddable":true,"href":"https:\/\/www.diarioimagen.net\/index.php?rest_route=%2Fwp%2Fv2%2Fcategories&post=164919"},{"taxonomy":"post_tag","embeddable":true,"href":"https:\/\/www.diarioimagen.net\/index.php?rest_route=%2Fwp%2Fv2%2Ftags&post=164919"}],"curies":[{"name":"wp","href":"https:\/\/api.w.org\/{rel}","templated":true}]}}