{"id":165016,"date":"2014-02-28T00:13:00","date_gmt":"2014-02-28T06:13:00","guid":{"rendered":"http:\/\/www.diarioimagen.net\/?p=165016"},"modified":"2014-02-28T03:05:15","modified_gmt":"2014-02-28T09:05:15","slug":"mejora-el-desempeno-financiero","status":"publish","type":"post","link":"https:\/\/www.diarioimagen.net\/?p=165016","title":{"rendered":"Mejora el desempe\u00f1o financiero"},"content":{"rendered":"<h2>Arco Norte<\/h2>\n<h5>Jos\u00e9 Luis Monta\u00f1ez Aguilar<\/h5>\n<p>&nbsp;<\/p>\n<div id=\"attachment_165106\" style=\"width: 250px\" class=\"wp-caption alignleft\"><a href=\"http:\/\/www.diarioimagen.net\/wp-content\/uploads\/2014\/02\/arco-2303.jpg\"><img loading=\"lazy\" decoding=\"async\" aria-describedby=\"caption-attachment-165106\" class=\"size-medium wp-image-165106\" alt=\"Eruviel \u00c1vila Villegas, gobernador del Estado de M\u00e9xico.\" src=\"http:\/\/www.diarioimagen.net\/wp-content\/uploads\/2014\/02\/arco-2303-240x135.jpg\" width=\"240\" height=\"135\" srcset=\"https:\/\/www.diarioimagen.net\/wp-content\/uploads\/2014\/02\/arco-2303-240x135.jpg 240w, https:\/\/www.diarioimagen.net\/wp-content\/uploads\/2014\/02\/arco-2303-420x236.jpg 420w, https:\/\/www.diarioimagen.net\/wp-content\/uploads\/2014\/02\/arco-2303-235x132.jpg 235w, https:\/\/www.diarioimagen.net\/wp-content\/uploads\/2014\/02\/arco-2303-202x114.jpg 202w, https:\/\/www.diarioimagen.net\/wp-content\/uploads\/2014\/02\/arco-2303-350x196.jpg 350w, https:\/\/www.diarioimagen.net\/wp-content\/uploads\/2014\/02\/arco-2303-220x123.jpg 220w, https:\/\/www.diarioimagen.net\/wp-content\/uploads\/2014\/02\/arco-2303-237x132.jpg 237w, https:\/\/www.diarioimagen.net\/wp-content\/uploads\/2014\/02\/arco-2303.jpg 480w\" sizes=\"auto, (max-width: 240px) 100vw, 240px\" \/><\/a><p id=\"caption-attachment-165106\" class=\"wp-caption-text\">Eruviel \u00c1vila Villegas, gobernador del Estado de M\u00e9xico.<\/p><\/div>\n<p>Durante la actual administraci\u00f3n, el Estado de M\u00e9xico se coloc\u00f3 como la entidad que registra el mayor avance en su desempe\u00f1o financiero, pues escal\u00f3 cinco posiciones, al pasar del sitio nueve al cuatro, de las 32 entidades federativas, seg\u00fan dio a conocer la consultora financiera A-Regional, al calificar al Edomex con 71.5 puntos de 100 posibles, afirm\u00f3 ayer el gobernador Eruviel \u00c1vila Villegas. \u201cEstos resultados, estos logros, nos dice la consultora, es por el manejo eficiente, responsable y transparente de los recursos p\u00fablicos, y tambi\u00e9n por el incremento sostenido de la recaudaci\u00f3n propia, adem\u00e1s de que tenemos una pol\u00edtica de gasto austera, congruente con la poblaci\u00f3n que tenemos, con un crecimiento muy serio de la inversi\u00f3n p\u00fablica. En el Estado de M\u00e9xico se hace mucha obra p\u00fablica con recursos propios, esto es tambi\u00e9n lo que calific\u00f3 la consultora A-Regional\u201d, puntualiz\u00f3. Destac\u00f3 que gracias al buen manejo de las finanzas se pueden tener m\u00e1s recursos para realizar obras, por lo cual reconoci\u00f3 el desempe\u00f1o de la Secretar\u00eda de Finanzas por haber alcanzado este resultado, y se comprometi\u00f3 a seguir por esta v\u00eda ya que al adoptar una forma eficiente en el manejo de los recursos p\u00fablicos, los beneficios para la poblaci\u00f3n continuar\u00e1n siendo una realidad en el Estado de M\u00e9xico. En gira de trabajo, donde tambi\u00e9n se instalaron m\u00f3dulos de vacunaci\u00f3n, el gobernador destac\u00f3 que la consultora A-Regional goza de un alto prestigio a nivel nacional e internacional, y tambi\u00e9n reconoci\u00f3 el trabajo del entonces gobernador mexiquense, Enrique Pe\u00f1a Nieto, ya que afirm\u00f3 que el \u00e9xito obtenido en dicha medici\u00f3n, es un logro compartido con su antecesor.<\/p>\n<p><em><\/em><em><a href=\"mailto:montanezaguilar@gmail.com\" target=\"_blank\">montanezaguilar@gmail.com<\/a><\/em><\/p>\n","protected":false},"excerpt":{"rendered":"<p><span style=\"color: #005497;\"><strong>Jos\u00e9 Luis Monta\u00f1ez Aguilar<\/strong><\/span><br \/>\n<br \/>\nDurante la actual administraci\u00f3n, el Estado de M\u00e9xico se coloc\u00f3 como la entidad que registra el mayor avance en su desempe\u00f1o financiero, pues escal\u00f3 cinco posiciones, al pasar del sitio nueve al cuatro, de las 32 entidades federativas, seg\u00fan dio a conocer la consultora financiera A-Regional, al calificar al Edomex con 71.5 puntos de 100 posibles, afirm\u00f3 ayer el gobernador Eruviel \u00c1vila Villegas.<\/p>\n","protected":false},"author":3,"featured_media":165106,"comment_status":"open","ping_status":"open","sticky":false,"template":"","format":"standard","meta":{"_monsterinsights_skip_tracking":false,"_monsterinsights_sitenote_active":false,"_monsterinsights_sitenote_note":"","_monsterinsights_sitenote_category":0,"footnotes":""},"categories":[5],"tags":[13284,18,5828,43675,43704,43674],"class_list":["post-165016","post","type-post","status-publish","format-standard","has-post-thumbnail","hentry","category-estado-de-mexico","tag-arco-norte","tag-enrique-pena-nieto","tag-eruviel-avila-villegas","tag-estado-de-mexico","tag-jose-luis-montanez-aguilar","tag-opinion"],"_links":{"self":[{"href":"https:\/\/www.diarioimagen.net\/index.php?rest_route=\/wp\/v2\/posts\/165016","targetHints":{"allow":["GET"]}}],"collection":[{"href":"https:\/\/www.diarioimagen.net\/index.php?rest_route=\/wp\/v2\/posts"}],"about":[{"href":"https:\/\/www.diarioimagen.net\/index.php?rest_route=\/wp\/v2\/types\/post"}],"author":[{"embeddable":true,"href":"https:\/\/www.diarioimagen.net\/index.php?rest_route=\/wp\/v2\/users\/3"}],"replies":[{"embeddable":true,"href":"https:\/\/www.diarioimagen.net\/index.php?rest_route=%2Fwp%2Fv2%2Fcomments&post=165016"}],"version-history":[{"count":0,"href":"https:\/\/www.diarioimagen.net\/index.php?rest_route=\/wp\/v2\/posts\/165016\/revisions"}],"wp:featuredmedia":[{"embeddable":true,"href":"https:\/\/www.diarioimagen.net\/index.php?rest_route=\/wp\/v2\/media\/165106"}],"wp:attachment":[{"href":"https:\/\/www.diarioimagen.net\/index.php?rest_route=%2Fwp%2Fv2%2Fmedia&parent=165016"}],"wp:term":[{"taxonomy":"category","embeddable":true,"href":"https:\/\/www.diarioimagen.net\/index.php?rest_route=%2Fwp%2Fv2%2Fcategories&post=165016"},{"taxonomy":"post_tag","embeddable":true,"href":"https:\/\/www.diarioimagen.net\/index.php?rest_route=%2Fwp%2Fv2%2Ftags&post=165016"}],"curies":[{"name":"wp","href":"https:\/\/api.w.org\/{rel}","templated":true}]}}