{"id":165212,"date":"2014-03-03T00:01:58","date_gmt":"2014-03-03T06:01:58","guid":{"rendered":"http:\/\/www.diarioimagen.net\/?p=165212"},"modified":"2014-03-03T23:48:02","modified_gmt":"2014-03-04T05:48:02","slug":"desde-guadalajara-a-san-antonio-con-volaris-destino-predilecto-de-los-mexicanos","status":"publish","type":"post","link":"https:\/\/www.diarioimagen.net\/?p=165212","title":{"rendered":"Desde Guadalajara a San Antonio con Volaris, destino predilecto de los mexicanos"},"content":{"rendered":"<h2>De cinco estrellas<\/h2>\n<h5>Victoria Gonz\u00e1lez Prado<\/h5>\n<p>&nbsp;<\/p>\n<ul>\n<li><strong><em>Firman alianza <\/em>City Express<em> y la <\/em>AAA<em> para promover turismo y la lucha libre en el pa\u00eds<\/em><\/strong><\/li>\n<li><strong><em>Claudia Ruiz Massieu realizar\u00e1 gira de trabajo por Alemania del 3 al 5 de marzo, para acudir a la ITB 2014<\/em><\/strong><\/li>\n<\/ul>\n<div id=\"attachment_165302\" style=\"width: 430px\" class=\"wp-caption aligncenter\"><a href=\"http:\/\/www.diarioimagen.net\/wp-content\/uploads\/2014\/03\/turismo-2304.jpg\"><img loading=\"lazy\" decoding=\"async\" aria-describedby=\"caption-attachment-165302\" class=\"size-large wp-image-165302\" alt=\"En la recepci\u00f3n del vuelo Guadalajara-San Antonio.\" src=\"http:\/\/www.diarioimagen.net\/wp-content\/uploads\/2014\/03\/turismo-2304-420x236.jpg\" width=\"420\" height=\"236\" srcset=\"https:\/\/www.diarioimagen.net\/wp-content\/uploads\/2014\/03\/turismo-2304-420x236.jpg 420w, https:\/\/www.diarioimagen.net\/wp-content\/uploads\/2014\/03\/turismo-2304-240x135.jpg 240w, https:\/\/www.diarioimagen.net\/wp-content\/uploads\/2014\/03\/turismo-2304-235x132.jpg 235w, https:\/\/www.diarioimagen.net\/wp-content\/uploads\/2014\/03\/turismo-2304-202x114.jpg 202w, https:\/\/www.diarioimagen.net\/wp-content\/uploads\/2014\/03\/turismo-2304-350x196.jpg 350w, https:\/\/www.diarioimagen.net\/wp-content\/uploads\/2014\/03\/turismo-2304-220x123.jpg 220w, https:\/\/www.diarioimagen.net\/wp-content\/uploads\/2014\/03\/turismo-2304-237x132.jpg 237w, https:\/\/www.diarioimagen.net\/wp-content\/uploads\/2014\/03\/turismo-2304.jpg 480w\" sizes=\"auto, (max-width: 420px) 100vw, 420px\" \/><\/a><p id=\"caption-attachment-165302\" class=\"wp-caption-text\">En la recepci\u00f3n del vuelo Guadalajara-San Antonio.<\/p><\/div>\n<p>Fue a mediados de diciembre pasado cuando Volaris inaugur\u00f3 el vuelo Guadalajara-San Antonio y para celebrarlo los pasajeros del vuelo inaugural fueron sorprendidos con rifas a bordo, un grupo de mariachis y la famosa camiseta\u00a0 de Volaris con la leyenda \u201cAy San Antonio al fin se me hizo\u201d. Por supuesto, el avi\u00f3n fue recibido en el Aeropuerto Internacional de San Antonio con el famoso bautizo en el que participaron dos bombas de agua formando un arco para as\u00ed dar la bienvenida al nuevo vuelo con dos frecuencias semanales: martes y s\u00e1bados. A la llegada, autoridades del Aeropuerto Internacional de San Antonio recibieron a <b>Miguel Agui\u00f1iga<\/b>, gerente senior de Ventas para M\u00e9xico y Estados Unidos y, a la tripulaci\u00f3n de Volaris. Luego, en una peque\u00f1a ceremonia entregaron la placa conmemorativa a las autoridades del aeropuerto de San Antonio. Por supuesto, los mariachis, ya en tierra, volvieron a entonar algunas canciones ante la mirada de los pasajeros que esperaban en las salas. A poco m\u00e1s de tres meses de la inauguraci\u00f3n visitamos San Antonio, invitados por Volaris y la Oficina de Turismo de San Antonio y tuvimos oportunidad de hablar con <b>Andr\u00e9s Mu\u00f1oz<\/b>, vicepresidente de Mercadotecnia para la Oficina de Turismo de San Antonio, quien se\u00f1al\u00f3 que durante el 2013 medio mill\u00f3n de personas procedentes de M\u00e9xico arribaron a la ciudad tejana. \u201cPrincipalmente el turismo que llega es de Guadalajara, Monterey, ciudad de M\u00e9xico, Toluca, aunque reconoci\u00f3 que es dif\u00edcil averiguar el origen de los que vuelan de otras ciudades, porque no son de los puntos de partida (aunque su vuelo sea de Guadalajara puede provenir de otras ciudades)\u201d. San Antonio, explic\u00f3, recibe \u00a028 millones de turistas de todo el mundo, es un n\u00famero muy grande para \u00a0cualquier destino, lo dif\u00edcil calcular es de qu\u00e9 ciudades de M\u00e9xico llegan. <b>Andr\u00e9s<\/b> explic\u00f3 que en diciembre y verano la ocupaci\u00f3n hotelera en San Antonio es entre el 80 y 90%. Adem\u00e1s es una ciudad que tiene todo: espect\u00e1culos de primer nivel, hace unas semanas vino la selecci\u00f3n mexicana de futbol -el \u201cTri\u201d a jugar, tenemos eventos de corte internacional, como la F\u00f3rmula 1 en diciembre, infinidad de restaurantes con gastronom\u00eda para todos los gustos, sabores y bolsillos. Hay habitaciones de hotel de todos los precios desde 69, 89 d\u00f3lares hasta 300 d\u00f3lares; Centros comerciales donde se ofrecen art\u00edculos \u00a0para todos los bolsillos y necesidades y \u00a0los eventos deportivos, como los juegos de los <i>\u201cSpurs\u201d<\/i> de San Antonio (NBA).\u00a0 Sea World y el rodeo, que en San Antonio es el parque m\u00e1s grande de los tres que hay en Estados Unidos y el rodeo cerrado, tambi\u00e9n el m\u00e1s grande. \u201cEl rodeo techado tiene parte exterior zona comercial y cada una de las secciones de la una de la tarde a las siete de la noche hay conciertos de m\u00fasica country. Nuestra ciudad ofrece atractivos para todas las edades y San Antonio ha sido seleccionado como destino rom\u00e1ntico n\u00famero uno en t\u00e9rminos culinarios. Fiesta Texas es un parque para j\u00f3venes de 14 a 19 a\u00f1os, en verdad, tenemos algo para todos. Por otra parte, mencion\u00f3 que en promedio los mexicanos que se quedan de seis a siete d\u00edas y somos el destino de <i>shopping\u201d. <\/i>Al referirse al vuelo de Volaris Guadalajara-San Antonio, <b>Andr\u00e9s Mu\u00f1oz<\/b> dijo: \u201dLo mejor que nos puede ocurrir es que haya m\u00e1s vuelos. Hoy en d\u00eda hay dos aerol\u00edneas que viajan de Guadalajara a San Antonio y entre m\u00e1s frecuencias haya y m\u00e1s opciones, quien termina ganando es el consumidor final porque tiene m\u00e1s opciones a mejor precio. Y, por supuesto, desde el punto de vista del destino para nosotros es bienvenido, porque ofrece al p\u00fablico m\u00e1s opciones para viajar\u201d. Al referirse a la reforma fiscal reci\u00e9n aprobada en M\u00e9xico, el funcionario estadunidense dijo: \u201cEsta ciudad texana se beneficiar\u00e1, pues ya era un lugar de compras predilecto de los mexicanos y ahora se convirti\u00f3 en el \u201cpara\u00edso\u201d al ser m\u00e1s barato. Los mexicanos gastan en promedio 4 mil d\u00f3lares en su estancia que es de 6 a 7 d\u00edas. \u201cSan Antonio es un para\u00edso para los mexicanos, las compras son muy buenas y m\u00e1s aun con la reforma tributaria que hay en M\u00e9xico, donde el IVA ha incrementado el \u00a0precio de los productos\u201d. Con la nueva ruta de Volaris de Guadalajara a San Antonio los martes y s\u00e1bados hay m\u00e1s cercan\u00eda de un destino m\u00e1s s\u00f3lido. Por \u00faltimo, record\u00f3 que Guadalajara y San Antonio desde 1979 son ciudades hermanas y este a\u00f1o celebraremos 40 a\u00f1os de esa hermandad\u201d.<\/p>\n<p>\u2730\u2730\u2730\u2730\u2730\u00a0La cadena hotelera<b> <\/b><i>City <\/i>firm\u00f3 con la AAA una alianza que busca impulsar el turismo y la lucha libre en M\u00e9xico. As\u00ed, <i>City Express<\/i> ser\u00e1 el hotel oficial de la AAA. \u201cEstamos entusiasmados por recibir a los luchadores y otros miembros de la liga en nuestros hoteles. Sabemos que \u00e9ste es un deporte espect\u00e1culo reconocido y que representa a la cultura popular de nuestro pa\u00eds\u201d, expres\u00f3 <b>Blanca Herrera<\/b>, directora de Servicios a Franquicias de Hoteles <i>City. <\/i>La cobertura que tiene la cadena en la Rep\u00fablica mexicana, as\u00ed como los servicios que ofrece, fueron los factores determinantes para realizar esta alianza. Por su parte, <b>Marisela Pe\u00f1a<\/b>, presidenta de Lucha Libre AAA, indic\u00f3 que para la Triple A es esencial contar con servicios de hospedaje de calidad y c\u00f3modas instalaciones que favorezcan el descanso de nuestros luchadores, as\u00ed como del equipo que viaja en la caravana. Otro punto importante que consideramos es la ubicaci\u00f3n de los hoteles, porque esto reduce los tiempos de traslado. <i>City Express<\/i> cumple con todos estos requerimientos y por lo tanto es el socio indicado para nuestra gira 2014\u201d. La alianza contempla crear promociones exclusivas, paquetes de hospedaje y experiencias relacionadas con la lucha libre. La cadena hotelera dar\u00e1 tarifa preferencial a los viajeros que mencionen que su motivo de viaje es asistir a las luchas de la AAA; adem\u00e1s ofrecer\u00e1 a sus hu\u00e9spedes transportaci\u00f3n gratuita a las funciones de la lucha libre con la gu\u00eda de un luchador, mientras que la AAA ofrecer\u00e1 lugares preferenciales, convivencias con los luchadores y firmas de aut\u00f3grafos. Estos beneficios ser\u00e1n exclusivos para los hu\u00e9spedes quienes podr\u00e1n vivir una experiencia AAA sin salir del hotel. La gira oficial contempla presentaciones en San Luis Potos\u00ed, M\u00e9rida, Tijuana, Chetumal, ciudad\u00a0 de M\u00e9xico, Monterrey, Puebla, entre otras ciudades donde <i>City Express<\/i> est\u00e1 presente.<\/p>\n<p>\u2730\u2730\u2730\u2730\u2730\u00a0La secretaria de Turismo, <b>Claudia Ruiz Massieu<\/b>, realizar\u00e1 una gira de trabajo por Alemania del 3 al 5 de marzo, para acudir a la <i>Internationale Tourismus-B\u00f6rse Berl\u00edn 2014 <\/i>(<i>ITB<\/i>), la feria m\u00e1s importante de la industria tur\u00edstica a nivel mundial, y donde M\u00e9xico ser\u00e1 el pa\u00eds invitado oficial. Durante la gira, acompa\u00f1ada de la embajadora de M\u00e9xico en Alemania, <b>Patricia\u00a0 Espinosa<\/b>, la titular de la Sectur se reunir\u00e1 con la secretaria de Estado Parlamentario de Turismo, <b>Iris Gleike<\/b>, y con el ministro de Econom\u00eda, Energ\u00eda y vicecanciller, <b>Sigmar Gabriel<\/b>. <b>Ruiz Massieu<\/b> desahogar\u00e1 una agenda tur\u00edstica, pero tambi\u00e9n pol\u00edtica y econ\u00f3mica, por medio de la promoci\u00f3n del turismo como agente captador de inversi\u00f3n. Se entrevistar\u00e1 con parlamentarios alemanes <b>como J\u00fcrgen Klimke<\/b>, presidente del Grupo de M\u00e9xico-Alemania; la diputada <b>Heike Brehmer<\/b>, presidenta de la Comisi\u00f3n de Turismo, y <b>Thomas Karl Neisinger<\/b>, representante delegado de la Regi\u00f3n Latinoamericana y Caribe en el Ministerio Federal de Relaciones Exteriores. La secretaria <b>Ruiz Massieu<\/b> sostendr\u00e1 encuentros con el alcalde-gobernador de Berl\u00edn, <b>Klaus Wowereit<\/b>, y con el presidente de TUI AG (grupo tur\u00edstico l\u00edder en Europa), <b>Friedrich Joussen<\/b>. Tambi\u00e9n con los embajadores de M\u00e9xico en Alemania, Austria, Suiza, Rep\u00fablica Checa, Turqu\u00eda y\u00a0 Rumania, ante quienes presentar\u00e1 la estrategia de promoci\u00f3n de la Marca M\u00e9xico, as\u00ed como de la estrategia de fomento a la inversi\u00f3n. Durante su estancia, inaugurar\u00e1 el pabell\u00f3n de M\u00e9xico en la <i>ITB 2014<\/i>, que concentra a lo mejor de nuestra oferta tur\u00edstica, y busca fortalecer la estrategia de promoci\u00f3n de los destinos en el mercado global. La <i>ITB<\/i> se llevar\u00e1 a cabo del 5 al 8 de marzo de 2014, y presenta toda la gama de la industria tur\u00edstica: pa\u00edses, destinos, operadores tur\u00edsticos, l\u00edneas a\u00e9reas, cadenas hoteleras, empresas de servicios, entre otros. Este evento recibe m\u00e1s de 170 mil visitantes anuales y participan alrededor de 11 mil empresas de m\u00e1s de 180 pa\u00edses. Cada a\u00f1o, los organizadores escogen a un pa\u00eds invitado oficial que centra las actividades de la feria internacional, lo que tiene una importante repercusi\u00f3n mundial. Este a\u00f1o, M\u00e9xico es el invitado como pa\u00eds oficial, lo que constituye una clara se\u00f1al de la importancia de nuestro pa\u00eds para el turismo mundial. En la gira, <b>Claudia Ruiz Massieu<\/b> estar\u00e1 acompa\u00f1ada por los directores generales del Consejo de Promoci\u00f3n Tur\u00edstica de M\u00e9xico (CPTM), <b>Rodolfo L\u00f3pez Negrete<\/b>, y del Fondo Nacional de Fomento al Turismo, (Fonatur), <b>H\u00e9ctor G\u00f3mez Barraza<\/b>.<\/p>\n<p><i><em><a href=\"mailto:victoriagprado@gmail.com\" target=\"_blank\">victoriagprado@gmail.com<\/a><\/em><\/i><\/p>\n","protected":false},"excerpt":{"rendered":"<p>Fue a mediados de diciembre pasado cuando Volaris inaugur\u00f3 el vuelo Guadalajara-San Antonio y para celebrarlo los pasajeros del vuelo inaugural fueron sorprendidos con rifas a bordo, un grupo de mariachis y la famosa camiseta  de Volaris con la leyenda \u201cAy San Antonio al fin se me hizo\u201d. <\/p>\n","protected":false},"author":3,"featured_media":165302,"comment_status":"open","ping_status":"open","sticky":false,"template":"","format":"standard","meta":{"_monsterinsights_skip_tracking":false,"_monsterinsights_sitenote_active":false,"_monsterinsights_sitenote_note":"","_monsterinsights_sitenote_category":0,"footnotes":""},"categories":[11],"tags":[107,43674,43681,106,5516],"class_list":["post-165212","post","type-post","status-publish","format-standard","has-post-thumbnail","hentry","category-turismo","tag-de-cinco-estrellas","tag-opinion","tag-turismo","tag-victoria-gonzalez-prado","tag-volaris"],"_links":{"self":[{"href":"https:\/\/www.diarioimagen.net\/index.php?rest_route=\/wp\/v2\/posts\/165212","targetHints":{"allow":["GET"]}}],"collection":[{"href":"https:\/\/www.diarioimagen.net\/index.php?rest_route=\/wp\/v2\/posts"}],"about":[{"href":"https:\/\/www.diarioimagen.net\/index.php?rest_route=\/wp\/v2\/types\/post"}],"author":[{"embeddable":true,"href":"https:\/\/www.diarioimagen.net\/index.php?rest_route=\/wp\/v2\/users\/3"}],"replies":[{"embeddable":true,"href":"https:\/\/www.diarioimagen.net\/index.php?rest_route=%2Fwp%2Fv2%2Fcomments&post=165212"}],"version-history":[{"count":0,"href":"https:\/\/www.diarioimagen.net\/index.php?rest_route=\/wp\/v2\/posts\/165212\/revisions"}],"wp:featuredmedia":[{"embeddable":true,"href":"https:\/\/www.diarioimagen.net\/index.php?rest_route=\/wp\/v2\/media\/165302"}],"wp:attachment":[{"href":"https:\/\/www.diarioimagen.net\/index.php?rest_route=%2Fwp%2Fv2%2Fmedia&parent=165212"}],"wp:term":[{"taxonomy":"category","embeddable":true,"href":"https:\/\/www.diarioimagen.net\/index.php?rest_route=%2Fwp%2Fv2%2Fcategories&post=165212"},{"taxonomy":"post_tag","embeddable":true,"href":"https:\/\/www.diarioimagen.net\/index.php?rest_route=%2Fwp%2Fv2%2Ftags&post=165212"}],"curies":[{"name":"wp","href":"https:\/\/api.w.org\/{rel}","templated":true}]}}