{"id":165309,"date":"2014-03-03T12:17:48","date_gmt":"2014-03-03T18:17:48","guid":{"rendered":"http:\/\/www.diarioimagen.net\/?p=165309"},"modified":"2014-03-04T02:52:39","modified_gmt":"2014-03-04T08:52:39","slug":"exigen-simpatizantes-de-autodefensas-la-destitucion-del-alcalde-de-apatzingan","status":"publish","type":"post","link":"https:\/\/www.diarioimagen.net\/?p=165309","title":{"rendered":"Exigen simpatizantes de autodefensas la destituci\u00f3n del alcalde de Apatzing\u00e1n"},"content":{"rendered":"<div id=\"attachment_165310\" style=\"width: 250px\" class=\"wp-caption alignleft\"><img loading=\"lazy\" decoding=\"async\" aria-describedby=\"caption-attachment-165310\" class=\"size-medium wp-image-165310\" alt=\"La protesta inici\u00f3 a las nueve horas y una hora despu\u00e9s los manifestantes se alejaron de la alcald\u00eda.\" src=\"http:\/\/www.diarioimagen.net\/wp-content\/uploads\/2014\/03\/AUTODEFENSAS-portal-240x135.jpg\" width=\"240\" height=\"135\" srcset=\"https:\/\/www.diarioimagen.net\/wp-content\/uploads\/2014\/03\/AUTODEFENSAS-portal-240x135.jpg 240w, https:\/\/www.diarioimagen.net\/wp-content\/uploads\/2014\/03\/AUTODEFENSAS-portal-420x236.jpg 420w, https:\/\/www.diarioimagen.net\/wp-content\/uploads\/2014\/03\/AUTODEFENSAS-portal-235x132.jpg 235w, https:\/\/www.diarioimagen.net\/wp-content\/uploads\/2014\/03\/AUTODEFENSAS-portal-202x114.jpg 202w, https:\/\/www.diarioimagen.net\/wp-content\/uploads\/2014\/03\/AUTODEFENSAS-portal-350x196.jpg 350w, https:\/\/www.diarioimagen.net\/wp-content\/uploads\/2014\/03\/AUTODEFENSAS-portal-220x123.jpg 220w, https:\/\/www.diarioimagen.net\/wp-content\/uploads\/2014\/03\/AUTODEFENSAS-portal-237x132.jpg 237w, https:\/\/www.diarioimagen.net\/wp-content\/uploads\/2014\/03\/AUTODEFENSAS-portal.jpg 480w\" sizes=\"auto, (max-width: 240px) 100vw, 240px\" \/><p id=\"caption-attachment-165310\" class=\"wp-caption-text\">La protesta inici\u00f3 a las nueve horas y una hora despu\u00e9s los manifestantes se alejaron de la alcald\u00eda.<\/p><\/div>\n<p>Morelia, Michoac\u00e1n. Unos 300 simpatizantes de los grupos de autodefensa se plantaron frente a palacio municipal de Apatzing\u00e1n para exigir la destituci\u00f3n del alcalde pri\u00edsta Uriel Ch\u00e1vez Mendoza.<\/p>\n<p>Los manifestantes se enfrentaron verbalmente con los funcionarios del ayuntamiento.<\/p>\n<p><span style=\"line-height: 1.5em;\">Los inconformes amenazaron con tomar la alcald\u00eda; no obstante, simpatizantes del alcalde formaron una barrera humana para impedir el paso de los ciudadanos y durante 20 minutos intercambiaron agresiones verbales.<\/span><\/p>\n<p><span style=\"line-height: 1.5em;\">La protesta inici\u00f3 a las nueve horas y una hora despu\u00e9s los manifestantes se alejaron de la alcald\u00eda.<\/span><\/p>\n<p>En tanto, el delegado de la Secretar\u00eda de Desarrollo Econ\u00f3mico (Sedeco), Isidro Ch\u00e1vez Mendoza, defend\u00eda a su hermano Uriel, pidi\u00e9ndole a la poblaci\u00f3n se retiraran de la alcald\u00eda. Mientras, el dirigente del Partido Revolucionario Institucional (PRI), Gustavo Ch\u00e1vez, acus\u00f3 que los inconformes eran perredistas y acarreados.<\/p>\n","protected":false},"excerpt":{"rendered":"<p>Unos 300 simpatizantes de los grupos de autodefensa se plantaron frente a palacio municipal de Apatzing\u00e1n para exigir la destituci\u00f3n del alcalde pri\u00edsta Uriel Ch\u00e1vez Mendoza.<\/p>\n","protected":false},"author":5,"featured_media":165310,"comment_status":"open","ping_status":"open","sticky":false,"template":"","format":"standard","meta":{"_monsterinsights_skip_tracking":false,"_monsterinsights_sitenote_active":false,"_monsterinsights_sitenote_note":"","_monsterinsights_sitenote_category":0,"footnotes":""},"categories":[3],"tags":[13869,27954],"class_list":["post-165309","post","type-post","status-publish","format-standard","has-post-thumbnail","hentry","category-nacional","tag-apatzingan","tag-autodefensas"],"_links":{"self":[{"href":"https:\/\/www.diarioimagen.net\/index.php?rest_route=\/wp\/v2\/posts\/165309","targetHints":{"allow":["GET"]}}],"collection":[{"href":"https:\/\/www.diarioimagen.net\/index.php?rest_route=\/wp\/v2\/posts"}],"about":[{"href":"https:\/\/www.diarioimagen.net\/index.php?rest_route=\/wp\/v2\/types\/post"}],"author":[{"embeddable":true,"href":"https:\/\/www.diarioimagen.net\/index.php?rest_route=\/wp\/v2\/users\/5"}],"replies":[{"embeddable":true,"href":"https:\/\/www.diarioimagen.net\/index.php?rest_route=%2Fwp%2Fv2%2Fcomments&post=165309"}],"version-history":[{"count":0,"href":"https:\/\/www.diarioimagen.net\/index.php?rest_route=\/wp\/v2\/posts\/165309\/revisions"}],"wp:featuredmedia":[{"embeddable":true,"href":"https:\/\/www.diarioimagen.net\/index.php?rest_route=\/wp\/v2\/media\/165310"}],"wp:attachment":[{"href":"https:\/\/www.diarioimagen.net\/index.php?rest_route=%2Fwp%2Fv2%2Fmedia&parent=165309"}],"wp:term":[{"taxonomy":"category","embeddable":true,"href":"https:\/\/www.diarioimagen.net\/index.php?rest_route=%2Fwp%2Fv2%2Fcategories&post=165309"},{"taxonomy":"post_tag","embeddable":true,"href":"https:\/\/www.diarioimagen.net\/index.php?rest_route=%2Fwp%2Fv2%2Ftags&post=165309"}],"curies":[{"name":"wp","href":"https:\/\/api.w.org\/{rel}","templated":true}]}}