{"id":165322,"date":"2014-03-03T23:58:05","date_gmt":"2014-03-04T05:58:05","guid":{"rendered":"http:\/\/www.diarioimagen.net\/?p=165322"},"modified":"2014-03-04T02:52:59","modified_gmt":"2014-03-04T08:52:59","slug":"ahumada-quiere-cobrarle-al-prd-200-millones","status":"publish","type":"post","link":"https:\/\/www.diarioimagen.net\/?p=165322","title":{"rendered":"Ahumada quiere cobrarle al PRD $200 millones"},"content":{"rendered":"<ul>\n<li><em><strong>De eso no hay registro en la contabilidad del partido, responde Silvano Aureoles Conejo<\/strong><\/em><\/li>\n<\/ul>\n<div id=\"attachment_165323\" style=\"width: 250px\" class=\"wp-caption alignleft\"><img loading=\"lazy\" decoding=\"async\" aria-describedby=\"caption-attachment-165323\" class=\"size-medium wp-image-165323 \" alt=\"Carlos Ahumada tambi\u00e9n record\u00f3 que Carlos Salinas de Gortari y Diego Fern\u00e1ndez de Cevallos le dieron 70 millones de pesos por el tema de los videoesc\u00e1ndalos, pero este \u00faltimo neg\u00f3 haber tenido cualquier tipo de trato con el ex presidente. \" src=\"http:\/\/www.diarioimagen.net\/wp-content\/uploads\/2014\/03\/ahumada-portal-240x135.jpg\" width=\"240\" height=\"135\" srcset=\"https:\/\/www.diarioimagen.net\/wp-content\/uploads\/2014\/03\/ahumada-portal-240x135.jpg 240w, https:\/\/www.diarioimagen.net\/wp-content\/uploads\/2014\/03\/ahumada-portal-420x236.jpg 420w, https:\/\/www.diarioimagen.net\/wp-content\/uploads\/2014\/03\/ahumada-portal-235x132.jpg 235w, https:\/\/www.diarioimagen.net\/wp-content\/uploads\/2014\/03\/ahumada-portal-202x114.jpg 202w, https:\/\/www.diarioimagen.net\/wp-content\/uploads\/2014\/03\/ahumada-portal-350x196.jpg 350w, https:\/\/www.diarioimagen.net\/wp-content\/uploads\/2014\/03\/ahumada-portal-220x123.jpg 220w, https:\/\/www.diarioimagen.net\/wp-content\/uploads\/2014\/03\/ahumada-portal-237x132.jpg 237w, https:\/\/www.diarioimagen.net\/wp-content\/uploads\/2014\/03\/ahumada-portal.jpg 480w\" sizes=\"auto, (max-width: 240px) 100vw, 240px\" \/><p id=\"caption-attachment-165323\" class=\"wp-caption-text\">El empresario argentino Carlos Ahumada vive en Buenos Aires y advierte que tiene m\u00e1s videos.<\/p><\/div>\n<p>El empresario Carlos Ahumada, ex preso en M\u00e9xico tras los videoesc\u00e1ndalos, revel\u00f3 que ya emprendi\u00f3 las acciones legales correspondientes en su pa\u00eds para cobrarle al PRD unos 200 millones de pesos, como parte del dinero que invirti\u00f3 en ese instituto pol\u00edtico hace 10 a\u00f1os.<\/p>\n<p>El ex constructor, ahora metido en negocios relacionados con el futbol y la energ\u00eda solar en Argentina, pretende la devoluci\u00f3n de 200 millones de pesos que le prest\u00f3 al partido para saldar sus deudas en parte con Televisa.<\/p>\n<p>Advierte incluso que tiene documentos que prueban la existencia de esa deuda, adem\u00e1s de videos y \u201cmuchas cosas m\u00e1s\u201d.<\/p>\n<p>Al respecto, perredistas rechazaron la deuda y dijeron que en sus registro contables no hay ning\u00fan indicio de dicho pr\u00e9stamo. El coordinador de los diputados del PRD, Silvano Aureoles, expuso que no existe en la contabilidad del organismo una deuda monetaria con Ahumada.<\/p>\n<p>Agreg\u00f3 que todo los asuntos de esta naturaleza siempre son aprobados en los \u00f3rganos de direcci\u00f3n y el presidente nacional no puede contratar deudas a t\u00edtulo personal sin que sean conocidos por la dirigencia.<\/p>\n<p>Carlos Ahumada tambi\u00e9n record\u00f3 que Carlos Salinas de Gortari y Diego Fern\u00e1ndez de Cevallos le dieron 70 millones de pesos por el tema de los videoesc\u00e1ndalos, pero este \u00faltimo neg\u00f3 haber tenido cualquier tipo de trato con el ex presidente.<\/p>\n<p>Fern\u00e1ndez asegur\u00f3 que si el empresario y Salinas tuvieron algo que ver, s\u00f3lo fue entre ellos, \u201dConmigo no lo trat\u00f3. Fue ilo que Ahumada declar\u00f3 p\u00fablicamente cuando estuvo en la Habana, detenido por el gobierno de Fidel Castro, fue tan sencillo c\u00f3mo esto: \u2018si t\u00fa pones esos videos en manos de las autoridades y hablas con la verdad yo te apoyo (Diego a Ahumada) en lo que pueda\u201d.<\/p>\n<p>Dijo que las \u00fanicas dos condiciones para brindarle su apoyo fue que pusiera en manos de las autoridades los videos y que hablar\u00e1 con la verdad, adem\u00e1s record\u00f3 que fue hace dos a\u00f1os cuando se lo encontr\u00f3 en un restaurante en Buenos Aries, Argentina y quedaron formales de reunirse cuando visitara M\u00e9xico.<b><\/b><\/p>\n","protected":false},"excerpt":{"rendered":"<p>El empresario Carlos Ahumada, ex preso en M\u00e9xico tras los videoesc\u00e1ndalos, revel\u00f3 que ya emprendi\u00f3 las acciones legales correspondientes en su pa\u00eds para cobrarle al PRD unos 200 millones de pesos, como parte del dinero que invirti\u00f3 en ese instituto pol\u00edtico hace 10 a\u00f1os.<\/p>\n","protected":false},"author":5,"featured_media":165323,"comment_status":"open","ping_status":"open","sticky":false,"template":"","format":"standard","meta":{"_monsterinsights_skip_tracking":false,"_monsterinsights_sitenote_active":false,"_monsterinsights_sitenote_note":"","_monsterinsights_sitenote_category":0,"footnotes":""},"categories":[17,3],"tags":[121,808,1214,211,7195],"class_list":["post-165322","post","type-post","status-publish","format-standard","has-post-thumbnail","hentry","category-especiales","category-nacional","tag-argentina","tag-buenos-aires","tag-partido-de-la-revolucion-democratica","tag-prd","tag-silvano-aureoles"],"_links":{"self":[{"href":"https:\/\/www.diarioimagen.net\/index.php?rest_route=\/wp\/v2\/posts\/165322","targetHints":{"allow":["GET"]}}],"collection":[{"href":"https:\/\/www.diarioimagen.net\/index.php?rest_route=\/wp\/v2\/posts"}],"about":[{"href":"https:\/\/www.diarioimagen.net\/index.php?rest_route=\/wp\/v2\/types\/post"}],"author":[{"embeddable":true,"href":"https:\/\/www.diarioimagen.net\/index.php?rest_route=\/wp\/v2\/users\/5"}],"replies":[{"embeddable":true,"href":"https:\/\/www.diarioimagen.net\/index.php?rest_route=%2Fwp%2Fv2%2Fcomments&post=165322"}],"version-history":[{"count":0,"href":"https:\/\/www.diarioimagen.net\/index.php?rest_route=\/wp\/v2\/posts\/165322\/revisions"}],"wp:featuredmedia":[{"embeddable":true,"href":"https:\/\/www.diarioimagen.net\/index.php?rest_route=\/wp\/v2\/media\/165323"}],"wp:attachment":[{"href":"https:\/\/www.diarioimagen.net\/index.php?rest_route=%2Fwp%2Fv2%2Fmedia&parent=165322"}],"wp:term":[{"taxonomy":"category","embeddable":true,"href":"https:\/\/www.diarioimagen.net\/index.php?rest_route=%2Fwp%2Fv2%2Fcategories&post=165322"},{"taxonomy":"post_tag","embeddable":true,"href":"https:\/\/www.diarioimagen.net\/index.php?rest_route=%2Fwp%2Fv2%2Ftags&post=165322"}],"curies":[{"name":"wp","href":"https:\/\/api.w.org\/{rel}","templated":true}]}}