{"id":165516,"date":"2014-03-05T00:13:06","date_gmt":"2014-03-05T06:13:06","guid":{"rendered":"http:\/\/www.diarioimagen.net\/?p=165516"},"modified":"2014-03-05T03:53:01","modified_gmt":"2014-03-05T09:53:01","slug":"educacion-prioridad-en-el-edomex","status":"publish","type":"post","link":"https:\/\/www.diarioimagen.net\/?p=165516","title":{"rendered":"Educaci\u00f3n, prioridad en el Edomex"},"content":{"rendered":"<h2>Arco Norte<\/h2>\n<h5>Jos\u00e9 Luis Monta\u00f1ez Aguilar<\/h5>\n<p>&nbsp;<\/p>\n<div id=\"attachment_165600\" style=\"width: 250px\" class=\"wp-caption alignleft\"><a href=\"http:\/\/www.diarioimagen.net\/wp-content\/uploads\/2014\/03\/arco-2306.jpg\"><img loading=\"lazy\" decoding=\"async\" aria-describedby=\"caption-attachment-165600\" class=\"size-medium wp-image-165600\" alt=\"El diputado federal, Jes\u00fas Tolentino Rom\u00e1n Bojorquez entreg\u00f3 materiales did\u00e1cticos a los Centros de Atenci\u00f3n M\u00faltiple, los cuales forman parte de las 10 Acciones por la Educaci\u00f3n, que encabez\u00f3 el gobernador Eruviel \u00c1vila Villegas en este municipio. Durante este evento, en el que tambi\u00e9n estuvo presente el alcalde Tel\u00e9sforo Garc\u00eda Carre\u00f3n, el titular del Ejecutivo estatal inaugur\u00f3 las nuevas instalaciones del Tecnol\u00f3gico de Estudios Superiores.\" src=\"http:\/\/www.diarioimagen.net\/wp-content\/uploads\/2014\/03\/arco-2306-240x135.jpg\" width=\"240\" height=\"135\" srcset=\"https:\/\/www.diarioimagen.net\/wp-content\/uploads\/2014\/03\/arco-2306-240x135.jpg 240w, https:\/\/www.diarioimagen.net\/wp-content\/uploads\/2014\/03\/arco-2306-420x236.jpg 420w, https:\/\/www.diarioimagen.net\/wp-content\/uploads\/2014\/03\/arco-2306-235x132.jpg 235w, https:\/\/www.diarioimagen.net\/wp-content\/uploads\/2014\/03\/arco-2306-202x114.jpg 202w, https:\/\/www.diarioimagen.net\/wp-content\/uploads\/2014\/03\/arco-2306-350x196.jpg 350w, https:\/\/www.diarioimagen.net\/wp-content\/uploads\/2014\/03\/arco-2306-220x123.jpg 220w, https:\/\/www.diarioimagen.net\/wp-content\/uploads\/2014\/03\/arco-2306-237x132.jpg 237w, https:\/\/www.diarioimagen.net\/wp-content\/uploads\/2014\/03\/arco-2306.jpg 480w\" sizes=\"auto, (max-width: 240px) 100vw, 240px\" \/><\/a><p id=\"caption-attachment-165600\" class=\"wp-caption-text\">El diputado federal, Jes\u00fas Tolentino Rom\u00e1n Bojorquez entreg\u00f3 materiales did\u00e1cticos a los Centros de Atenci\u00f3n M\u00faltiple, los cuales forman parte de las 10 Acciones por la Educaci\u00f3n, que encabez\u00f3 el gobernador Eruviel \u00c1vila Villegas en este municipio.<\/p><\/div>\n<p>La educaci\u00f3n, como premisa del gobierno del Estado de M\u00e9xico recibe un nuevo impulso en Chimalhuac\u00e1n, donde el gobernador Eruviel \u00c1vila Villegas entreg\u00f3 95 millones de pesos del Programa General de Obra del GEM, con el que se realizar\u00e1n 41 acciones de infraestructura educativa en este municipio, e inaugur\u00f3 las nuevas instalaciones del Tecnol\u00f3gico de Estudios Superiores de Chimalhuac\u00e1n, en las que se invirtieron 44 millones de pesos. \u201cEs muy importante tener las escuelas de nuestros hijos en muy buenas condiciones, porque siempre he dicho que las escuelas son su segunda casa, hay que darles mantenimiento permanentemente. Estamos entregando, en este caso, vales de materiales, tambi\u00e9n el Programa de Obra del Gobierno del Estado, equivalente a 95 millones de pesos en diferentes acciones que el ayuntamiento, los diputados, las escuelas y las sociedades de padres de familia, han gestionado ante el gobierno estatal.\u00a0\u201cHoy, refrendo mi compromiso con las autoridades municipales, con los diputados, con el pueblo de Chimalhuac\u00e1n y del Oriente del Estado de M\u00e9xico, de seguir trabajando por el bien de la educaci\u00f3n, la salud, el deporte, la recreaci\u00f3n, la infraestructura, en temas de seguridad que son muy importantes\u201d, expres\u00f3. Al entregar apoyos como parte de las \u201c10 Acciones por la Educaci\u00f3n\u201d Eruviel \u00c1vila se\u00f1al\u00f3 que la mejor herencia que los padres pueden dejar a sus hijos, es apoyarlos en su formaci\u00f3n acad\u00e9mica, por lo que el gobierno del Estado de M\u00e9xico trabaja para implementar programas que les permitan escribir y caracterizar su propia historia \u00e9xito en sus vidas.<\/p>\n<p><em><\/em><em><a href=\"mailto:montanezaguilar@gmail.com\" target=\"_blank\">montanezaguilar@gmail.com<\/a><\/em><\/p>\n","protected":false},"excerpt":{"rendered":"<p><span style=\"color: #005497;\"><strong>Jos\u00e9 Luis Monta\u00f1ez Aguilar<\/strong><\/span><br \/>\n<br \/>\nLa educaci\u00f3n, como premisa del gobierno del Estado de M\u00e9xico recibe un nuevo impulso en Chimalhuac\u00e1n, donde el gobernador Eruviel \u00c1vila Villegas entreg\u00f3 95 millones de pesos del Programa General de Obra del GEM, con el que se realizar\u00e1n 41 acciones de infraestructura educativa en este municipio, e inaugur\u00f3 las nuevas instalaciones del Tecnol\u00f3gico de Estudios Superiores de Chimalhuac\u00e1n, en las que se invirtieron 44 millones de pesos.<\/p>\n","protected":false},"author":3,"featured_media":165600,"comment_status":"open","ping_status":"open","sticky":false,"template":"","format":"standard","meta":{"_monsterinsights_skip_tracking":false,"_monsterinsights_sitenote_active":false,"_monsterinsights_sitenote_note":"","_monsterinsights_sitenote_category":0,"footnotes":""},"categories":[5],"tags":[13284,8623,5828,43704,43674],"class_list":["post-165516","post","type-post","status-publish","format-standard","has-post-thumbnail","hentry","category-estado-de-mexico","tag-arco-norte","tag-chimalhuacan","tag-eruviel-avila-villegas","tag-jose-luis-montanez-aguilar","tag-opinion"],"_links":{"self":[{"href":"https:\/\/www.diarioimagen.net\/index.php?rest_route=\/wp\/v2\/posts\/165516","targetHints":{"allow":["GET"]}}],"collection":[{"href":"https:\/\/www.diarioimagen.net\/index.php?rest_route=\/wp\/v2\/posts"}],"about":[{"href":"https:\/\/www.diarioimagen.net\/index.php?rest_route=\/wp\/v2\/types\/post"}],"author":[{"embeddable":true,"href":"https:\/\/www.diarioimagen.net\/index.php?rest_route=\/wp\/v2\/users\/3"}],"replies":[{"embeddable":true,"href":"https:\/\/www.diarioimagen.net\/index.php?rest_route=%2Fwp%2Fv2%2Fcomments&post=165516"}],"version-history":[{"count":0,"href":"https:\/\/www.diarioimagen.net\/index.php?rest_route=\/wp\/v2\/posts\/165516\/revisions"}],"wp:featuredmedia":[{"embeddable":true,"href":"https:\/\/www.diarioimagen.net\/index.php?rest_route=\/wp\/v2\/media\/165600"}],"wp:attachment":[{"href":"https:\/\/www.diarioimagen.net\/index.php?rest_route=%2Fwp%2Fv2%2Fmedia&parent=165516"}],"wp:term":[{"taxonomy":"category","embeddable":true,"href":"https:\/\/www.diarioimagen.net\/index.php?rest_route=%2Fwp%2Fv2%2Fcategories&post=165516"},{"taxonomy":"post_tag","embeddable":true,"href":"https:\/\/www.diarioimagen.net\/index.php?rest_route=%2Fwp%2Fv2%2Ftags&post=165516"}],"curies":[{"name":"wp","href":"https:\/\/api.w.org\/{rel}","templated":true}]}}