{"id":165560,"date":"2014-03-05T00:02:09","date_gmt":"2014-03-05T06:02:09","guid":{"rendered":"http:\/\/www.diarioimagen.net\/?p=165560"},"modified":"2014-03-06T06:39:15","modified_gmt":"2014-03-06T12:39:15","slug":"celebran-magistratura-de-rosalba-guerrero-rodriguez","status":"publish","type":"post","link":"https:\/\/www.diarioimagen.net\/?p=165560","title":{"rendered":"Celebran magistratura de Rosalba Guerrero Rodr\u00edguez"},"content":{"rendered":"<ul>\n<li><strong><em>En el Museo de Memoria y Tolerancia se dieron cita compa\u00f1eros, amigos\u00a0 y familiares, quienes le reconocieron a la ex titular del Juzgado 52 Civil del TSJDF su m\u00e9rito, empe\u00f1o, lucha, constancia, disciplina y dedicaci\u00f3n<\/em><\/strong><\/li>\n<\/ul>\n<h6>Gloria Carpio<\/h6>\n<div id=\"attachment_165591\" style=\"width: 250px\" class=\"wp-caption alignleft\"><a href=\"http:\/\/www.diarioimagen.net\/wp-content\/uploads\/2014\/03\/magistrados-2306.jpg\"><img loading=\"lazy\" decoding=\"async\" aria-describedby=\"caption-attachment-165591\" class=\"size-medium wp-image-165591\" alt=\"Magistrados, jueces y abogados reconocieron en Rosalba Guerrero Rodr\u00edguez su honorabilidad, responsabilidad y un impecable profesionalismo. \/ Foto: Arturo Arellano.\" src=\"http:\/\/www.diarioimagen.net\/wp-content\/uploads\/2014\/03\/magistrados-2306-240x135.jpg\" width=\"240\" height=\"135\" srcset=\"https:\/\/www.diarioimagen.net\/wp-content\/uploads\/2014\/03\/magistrados-2306-240x135.jpg 240w, https:\/\/www.diarioimagen.net\/wp-content\/uploads\/2014\/03\/magistrados-2306-420x236.jpg 420w, https:\/\/www.diarioimagen.net\/wp-content\/uploads\/2014\/03\/magistrados-2306-235x132.jpg 235w, https:\/\/www.diarioimagen.net\/wp-content\/uploads\/2014\/03\/magistrados-2306-202x114.jpg 202w, https:\/\/www.diarioimagen.net\/wp-content\/uploads\/2014\/03\/magistrados-2306-350x196.jpg 350w, https:\/\/www.diarioimagen.net\/wp-content\/uploads\/2014\/03\/magistrados-2306-220x123.jpg 220w, https:\/\/www.diarioimagen.net\/wp-content\/uploads\/2014\/03\/magistrados-2306-237x132.jpg 237w, https:\/\/www.diarioimagen.net\/wp-content\/uploads\/2014\/03\/magistrados-2306.jpg 480w\" sizes=\"auto, (max-width: 240px) 100vw, 240px\" \/><\/a><p id=\"caption-attachment-165591\" class=\"wp-caption-text\">Magistrados, jueces y abogados reconocieron en Rosalba Guerrero Rodr\u00edguez su honorabilidad, responsabilidad y un impecable profesionalismo. \/ Foto: Arturo Arellano.<\/p><\/div>\n<p>Luego que la Asamblea Legislativa del Distrito Federal aprobara los nombramientos de ocho magistrados del Tribunal Superior de Justicia del Distrito Federal (TSJDF) y de que \u00e9stos rindieran la protesta de ley, vino una avalancha de reconocimientos a quienes fueron distinguidos con esos cargos, entre los cuales destacan cuatro mujeres y cuatro hombres.<\/p>\n<p>Pero fue tal la convocatoria en el medio judicial acerca de los ocho magistrados, que cada uno de ellos organiz\u00f3 recepciones en distintas partes de la ciudad de diferente magnitud, pues en ellas quer\u00edan estar jueces, magistrados, familiares y sobre todo personas que han trabajado en distintos momentos con los hoy dignatarios judiciales.<\/p>\n<p>Entre las celebraciones, <b>DIARIOIMAGEN<\/b> estuvo presente en el coctel que se ofreci\u00f3 a la magistrada Rosalba Guerrero Rodr\u00edguez,\u00a0 quien desde febrero de 2007 estuvo a cargo del Juzgado Quincuag\u00e9simo Segundo de lo Civil del Tribunal Superior de Justicia del Distrito Federal.<\/p>\n<p>Y fue en el Museo de Memoria y la Tolerancia de Plaza Ju\u00e1rez, donde se ofreci\u00f3 un convivio para felicitar a la abogada Rosalba Guerrero, a quien se le reconoci\u00f3 su m\u00e9rito, empe\u00f1o, lucha, constancia, disciplina y dedicaci\u00f3n.<\/p>\n<p>El Museo de Memoria y Tolerancia, dedicado a difundir las garant\u00edas individuales, pr\u00e1cticamente result\u00f3 emblem\u00e1tico, sobre todo porque la magistrada Rosalba Guerrero es una mujer tenaz, que desde abajo, con su estudio, esfuerzo, constancia y a\u00f1os de estudio, ha logrado cada ascenso en su carrera profesional.<\/p>\n<p>Rosalba Guerrero Rodr\u00edguez ha sido tres veces secretaria de acuerdos, proyectista, conciliadora, litigante; servidora p\u00fablica en la Secci\u00f3n de Contratos; jefa de la Oficina de Anticipos y Garant\u00edas a Contratos de Obra P\u00fablica de la SHCP.<\/p>\n<p>Amante de todas las materias de Derecho, desde abril de 1989 ingres\u00f3 al Tribunal Superior de Justicia del Distrito Federal, ocupando la plaza de jefa de Departamento en la Oficina Central de Consignaciones, y de enero de 1993, como Secretaria de Acuerdos del Juzgado 35 de Arrendamiento Inmobiliario, y de noviembre de 2004, Secretaria de Acuerdos del Juzgado 33 Civil y de ah\u00ed ya al Juzgado 11 de Arrendamiento como titular y desde el 2007 en el Juzgado 52 de lo Civil, hasta unos d\u00edas antes que fuera nombrada magistrada.<\/p>\n<p>Rosalba Guerrero es egresada de la ENEP Arag\u00f3n y desde su instituci\u00f3n tom\u00f3 la especialidad judicial de civil-mercantil. Es actualmente M\u00e1ster Internacional en Derecho Civil y Familiar, luego de haber cursado esa asignatura en la Universidad Aut\u00f3noma de Barcelona.<\/p>\n<p>Y en el festejo que se organiz\u00f3 para felicitarla, los asistentes coincidieron que Rosalba ha sumado amigos en todos los lugares que ha pisado y en ninguna parte los ha restado y a eso se debi\u00f3 su poder de convocatoria, donde ser\u00eda imposible enumerar a las personalidades que se dieron cita.<\/p>\n<p>Y es que en una sociedad donde se ha perdido la confianza en los servidores p\u00fablicos y en especial en los \u00f3rganos de justicia, es imperativo que sepamos la labor que desempe\u00f1an nuestras autoridades, ya que muchos de nuestros servidores p\u00fablicos, como su se\u00f1or\u00eda Rosalba Guerrero, devuelven la esperanza a la ciudadan\u00eda de que el estado de Derecho puede imperar con impartidores justos y honestos.<\/p>\n<p>&nbsp;<\/p>\n","protected":false},"excerpt":{"rendered":"<p>Luego que la Asamblea Legislativa del Distrito Federal aprobara los nombramientos de ocho magistrados del Tribunal Superior de Justicia del Distrito Federal (TSJDF) y de que \u00e9stos rindieran la protesta de ley, vino una avalancha de reconocimientos a quienes fueron distinguidos con esos cargos, entre los cuales destacan cuatro mujeres y cuatro hombres.<\/p>\n","protected":false},"author":3,"featured_media":165591,"comment_status":"open","ping_status":"open","sticky":false,"template":"","format":"standard","meta":{"_monsterinsights_skip_tracking":false,"_monsterinsights_sitenote_active":false,"_monsterinsights_sitenote_note":"","_monsterinsights_sitenote_category":0,"footnotes":""},"categories":[17,6],"tags":[212,204,60,2942],"class_list":["post-165560","post","type-post","status-publish","format-standard","has-post-thumbnail","hentry","category-especiales","category-cd-de-mexico","tag-asamblea-legislativa-del-distrito-federal","tag-ciudad-de-mexico","tag-gloria-carpio","tag-tribunal-superior-de-justicia-del-distrito-federal"],"_links":{"self":[{"href":"https:\/\/www.diarioimagen.net\/index.php?rest_route=\/wp\/v2\/posts\/165560","targetHints":{"allow":["GET"]}}],"collection":[{"href":"https:\/\/www.diarioimagen.net\/index.php?rest_route=\/wp\/v2\/posts"}],"about":[{"href":"https:\/\/www.diarioimagen.net\/index.php?rest_route=\/wp\/v2\/types\/post"}],"author":[{"embeddable":true,"href":"https:\/\/www.diarioimagen.net\/index.php?rest_route=\/wp\/v2\/users\/3"}],"replies":[{"embeddable":true,"href":"https:\/\/www.diarioimagen.net\/index.php?rest_route=%2Fwp%2Fv2%2Fcomments&post=165560"}],"version-history":[{"count":0,"href":"https:\/\/www.diarioimagen.net\/index.php?rest_route=\/wp\/v2\/posts\/165560\/revisions"}],"wp:featuredmedia":[{"embeddable":true,"href":"https:\/\/www.diarioimagen.net\/index.php?rest_route=\/wp\/v2\/media\/165591"}],"wp:attachment":[{"href":"https:\/\/www.diarioimagen.net\/index.php?rest_route=%2Fwp%2Fv2%2Fmedia&parent=165560"}],"wp:term":[{"taxonomy":"category","embeddable":true,"href":"https:\/\/www.diarioimagen.net\/index.php?rest_route=%2Fwp%2Fv2%2Fcategories&post=165560"},{"taxonomy":"post_tag","embeddable":true,"href":"https:\/\/www.diarioimagen.net\/index.php?rest_route=%2Fwp%2Fv2%2Ftags&post=165560"}],"curies":[{"name":"wp","href":"https:\/\/api.w.org\/{rel}","templated":true}]}}