{"id":165686,"date":"2014-03-06T00:01:47","date_gmt":"2014-03-06T06:01:47","guid":{"rendered":"http:\/\/www.diarioimagen.net\/?p=165686"},"modified":"2014-03-06T23:20:52","modified_gmt":"2014-03-07T05:20:52","slug":"edgar-kano-presento-un-delicioso-menu-de-temporada-para-el-restaurante-reforma-500","status":"publish","type":"post","link":"https:\/\/www.diarioimagen.net\/?p=165686","title":{"rendered":"Edgar Kano present\u00f3 un delicioso men\u00fa de temporada para el Restaurante Reforma 500"},"content":{"rendered":"<h2>De cinco estrellas<\/h2>\n<h5>Victoria Gonz\u00e1lez Prado<\/h5>\n<p>&nbsp;<\/p>\n<ul>\n<li><em><strong>\u00a0Aerom\u00e9xico y Delta inauguran TechOps, el centro de mantenimiento m\u00e1s grande de Latinoam\u00e9rica<\/strong><\/em><\/li>\n<li><em><strong>Grupo Hotelero Santa Fe opera el hotel Krystal, de 492 habitaciones, ubicado en el Paseo de la Reforma<\/strong><\/em><\/li>\n<li><em><strong>Tips para viajar en un autob\u00fas durante el embarazo<\/strong><\/em><\/li>\n<\/ul>\n<div id=\"attachment_165778\" style=\"width: 250px\" class=\"wp-caption alignleft\"><a href=\"http:\/\/www.diarioimagen.net\/wp-content\/uploads\/2014\/03\/turismo-2307.jpg\"><img loading=\"lazy\" decoding=\"async\" aria-describedby=\"caption-attachment-165778\" class=\"size-medium wp-image-165778\" alt=\"Manuel Leal, Edgar Kano y Victoria Campos.\" src=\"http:\/\/www.diarioimagen.net\/wp-content\/uploads\/2014\/03\/turismo-2307-240x135.jpg\" width=\"240\" height=\"135\" srcset=\"https:\/\/www.diarioimagen.net\/wp-content\/uploads\/2014\/03\/turismo-2307-240x135.jpg 240w, https:\/\/www.diarioimagen.net\/wp-content\/uploads\/2014\/03\/turismo-2307-420x236.jpg 420w, https:\/\/www.diarioimagen.net\/wp-content\/uploads\/2014\/03\/turismo-2307-235x132.jpg 235w, https:\/\/www.diarioimagen.net\/wp-content\/uploads\/2014\/03\/turismo-2307-202x114.jpg 202w, https:\/\/www.diarioimagen.net\/wp-content\/uploads\/2014\/03\/turismo-2307-350x196.jpg 350w, https:\/\/www.diarioimagen.net\/wp-content\/uploads\/2014\/03\/turismo-2307-220x123.jpg 220w, https:\/\/www.diarioimagen.net\/wp-content\/uploads\/2014\/03\/turismo-2307-237x132.jpg 237w, https:\/\/www.diarioimagen.net\/wp-content\/uploads\/2014\/03\/turismo-2307.jpg 480w\" sizes=\"auto, (max-width: 240px) 100vw, 240px\" \/><\/a><p id=\"caption-attachment-165778\" class=\"wp-caption-text\">Manuel Leal, Edgar Kano y Victoria Campos.<\/p><\/div>\n<p>Edgar Kano, chef ejecutivo del hotel <i>Four Seasons M\u00e9xico,<\/i> con el prop\u00f3sito de dar a conocer el nuevo men\u00fa, que s\u00f3lo estar\u00e1 disponible tres meses en el restaurante Reforma 500, nos invit\u00f3 a conocer los nuevos platillos que, como siempre est\u00e1n a la vanguardia en el mundo de la gastronom\u00eda internacional. Acorde a la\u00a0 imagen de lujo que ofrece el hotel, Edgar prepara los platillos con calidad en los alimentos, buen sabor y presentaci\u00f3n, adem\u00e1s de estar a la altura de lo que los clientes de <i>Four Seasons<\/i> en todo el mundo y en espec\u00edfico de M\u00e9xico buscan. Son platillos elaborados con ingredientes base de la comida internacional, como el salm\u00f3n o el pato, pero reinventados bajo una perspectiva sutilmente mexicana, al emplear sabores como el aguacate y el chile. \u201cEn Reforma 500 tratamos de hacer del momento de la comida, una experiencia memorable. Sabemos que todo comensal es importante y conocemos del valor de las recomendaciones de boca en boca.\u00a0Por ello, buscamos tambi\u00e9n mantenernos a la vanguardia e implementar de forma constante innovaciones en nuestra carta, capaces de sorprender a nuestros hu\u00e9spedes y comensales\u201d, se\u00f1al\u00f3 Kano. Cabe destacar que el chef prefiere aprovechar los alimentos de temporada como inspiraci\u00f3n para crear los nuevos platillos y fomentar al mismo tiempo la utilizaci\u00f3n de ingredientes locales, por esta raz\u00f3n el men\u00fa tiene una duraci\u00f3n de tres meses. Por \u00faltimo, asegur\u00f3 que cada d\u00eda comprueba el liderazgo de M\u00e9xico en el sector de turismo gastron\u00f3mico, no s\u00f3lo por la riqueza y diversidad de su oferta culinaria, tambi\u00e9n por la amabilidad y calidez de su gente, lo que se comprueba con el entusiasmo de los integrantes de su equipo de trabajo, elementos que se reflejan en los alimentos presentados y que los clientes perciben. Los nuevos platillos que se integran a la carta de Reforma 500, incluyen: D\u00fao de Causa de salm\u00f3n chileno marinado acompa\u00f1ado de papa, aj\u00ed amarillo, aguacate y emulsi\u00f3n de cilantro; Tocineta de cerdo braseada Charsiu, bollo al vapor, escabeche de vegetales y esencia de chile de \u00e1rbol. Salm\u00f3n con cubierta de amaranto en salsa de chorizo; Magret de pato rostizado acompa\u00f1ado de quinoa y reducci\u00f3n de guayaba<i>.<\/i> Y de postres<i> <\/i>qu\u00e9 le puedo decir, todos, sin duda, son para dar gusto al paladar<i>.<\/i> Cabe destacar que los anfitriones de la presentaci\u00f3n del men\u00fa, adem\u00e1s del chef ejecutivo <b>Edgar Kano<\/b> fueron: <b>Ricardo Acevedo<\/b>, director general; <b>Manuel Leal<\/b>, Hotel Manager; <b>Victoria Campos<\/b>, directora de Ventas y Marketing y <b>Joel Martin<\/b>, gerente de Centros de Consumo, todos ellos del <i>Four Seasons<\/i> Ciudad de M\u00e9xico<i>.<\/i><\/p>\n<p>\u2730\u2730\u2730\u2730\u2730\u00a0<i>Delta Air Lines<\/i> y Aerom\u00e9xico inauguraron su Centro de Mantenimiento, Reparaci\u00f3n y Revisi\u00f3n de Aeronaves (MRO): <i>TechOps <\/i>M\u00e9xico, en las inmediaciones del Aeropuerto Intercontinental de Quer\u00e9taro. La ceremonia estuvo encabezada por el presidente <b>Enrique Pe\u00f1a Nieto<\/b>. Para la construcci\u00f3n de estas nuevas instalaciones, a un costado del Parque Aeroespacial de Quer\u00e9taro, ambas aerol\u00edneas invirtieron 55 millones de d\u00f3lares en partes iguales y tambi\u00e9n cont\u00f3 con diversos apoyos por parte del gobierno de Quer\u00e9taro. Por su tama\u00f1o es la base de mantenimiento de aeronaves m\u00e1s grande de Am\u00e9rica Latina, con una superficie total de m\u00e1s de 100 mil m<sup>2<\/sup>. Los tres hangares que lo integran tendr\u00e1n capacidad para atender hasta nueve aeronaves de manera simult\u00e1nea con tecnolog\u00eda de vanguardia y los m\u00e1s altos est\u00e1ndares de calidad y seguridad. Este proyecto representa una de las inversiones en infraestructura aeron\u00e1utica m\u00e1s importantes en su tipo y agrega valor al\u00a0<i>cl\u00faster<\/i>\u00a0aeron\u00e1utico que desde hace varios a\u00f1os se ha venido desarrollando en Quer\u00e9taro. El personal est\u00e1 siendo preparado y actualizado en las aulas de la Universidad Aeron\u00e1utica de Quer\u00e9taro, con quien <i>TechOps <\/i>M\u00e9xico tiene un acuerdo de colaboraci\u00f3n que prepara a los egresados para incorporarse al mercado laboral. Son las instalaciones m\u00e1s modernas, la base de mantenimiento est\u00e1 equipada con avanzados sistemas de energ\u00eda renovable y no contaminante que permite reducir hasta la tercera parte de la energ\u00eda tradicional, sistema de cosecha de agua de lluvia, reciclaje de materiales, entre otros mecanismos amigables con el medio ambiente. <b>Eduardo Tricio<\/b>, presidente del Consejo de Administraci\u00f3n de Grupo Aerom\u00e9xico, dijo: <i>\u201cTechOps<\/i> M\u00e9xico, es una muestra de la confianza que inversionistas nacionales y extranjeros tenemos en nuestro pa\u00eds\u201d. Hoy es un d\u00eda muy importante para la industria a\u00e9rea en M\u00e9xico, que con estas instalaciones se coloca a la vanguardia a nivel mundial y se convierte en un referente de las oportunidades empresariales que existen en nuestra naci\u00f3n\u201d. <b>Gil West<\/b>, vicepresidente ejecutivo y gerente general de Operaciones de <i>Delta Air Lines<\/i> indic\u00f3: \u201c<i>TechOps <\/i>M\u00e9xico es reflejo de la fuerte alianza que existe entre ambas aerol\u00edneas y un signo muy positivo en una relaci\u00f3n de m\u00e1s de una d\u00e9cada que ha sido mutuamente beneficiosa. Tenemos un excelente equipo de t\u00e9cnicos certificados para cumplir con las normas de la FAA y comprometidos en ofrecer el mejor mantenimiento, en un centro sustentable\u201d. En la ceremonia estuvieron presentes el gobernador de Quer\u00e9taro, <b>Jos\u00e9 Calzada Rovirosa<\/b>; el director general de Grupo Aerom\u00e9xico, <b>Andr\u00e9s Conesa<\/b>; el director comercial de <i>Delta Airl Lines<\/i> en M\u00e9xico, <b>Carlos E. Hern\u00e1ndez<\/b> y, el director general de <i>TechOps <\/i>M\u00e9xico, <b>Miguel \u00c1ngel Uribe<\/b>. Con la puesta en marcha de <i>TechOps <\/i>M\u00e9xico, Aerom\u00e9xico y Delta dan otro gran paso para consolidar su alianza comercial acordada en 2011 y refrendan su compromiso por seguir ofreciendo un servicio de calidad a sus clientes.<b> <\/b><\/p>\n<p>\u2730\u2730\u2730\u2730\u2730\u00a0Grupo Hotelero Santa Fe anuncia que desde diciembre pasado opera el hotel <i>Krystal Grand<\/i> (antes Meli\u00e1) de 492 habitaciones ubicado en el Paseo de la Reforma Uno, en el coraz\u00f3n de esta gran ciudad de M\u00e9xico, a corta distancia de oficinas gubernamentales, financieras y convirti\u00e9ndose en el sitio ideal para el viajero de negocios o de ocio. El Aeropuerto Internacional de Ciudad de M\u00e9xico est\u00e1 a escasos 20 minutos de distancia. Santa Fe Grupo Hotelero es propietario de la marca de hoteles <i>Krystal,<\/i> la cual est\u00e1\u00a0 posicionada desde hace mas de 30 a\u00f1os en las principales playas de la Rep\u00fablica: Ixtapa, Canc\u00fan, Vallarta y recientemente Acapulco, bajo la marca <i>Krystal Beach.<\/i> Por lo que consideramos que este es un momento ideal y el escaparate perfecto para lanzar nuestra nueva marca de hoteles urbanos 5 estrellas Krystal Grand. \u201cEl hotel en Reforma es punta de lanza para el crecimiento de la marca en el segmento de negocios y se est\u00e1 remodelando y adecuado a las exigencias del viajero de hoy\u201d, coment\u00f3 <b>Francisco Zinser Cieslik<\/b>. CEO de Santa Fe Grupo Hotelero. <i>Krystal Grand<\/i> Reforma Uno ofrece 492 lujosas habitaciones 38 suites, tres restaurantes y bares y todas las facilidades para realizar grupos y convenciones o eventos sociales con una capacidad m\u00e1xima de hasta 2 mil 200 personas con casi 3 mil m\u00b2 de \u00e1rea de salones (19 salones). Con esta operaci\u00f3n Grupo Hotelero Santa Fe ampl\u00eda su portafolio de hoteles a 3 mil 327\u00a0 habitaciones en los principales destinos de playa y ciudades de M\u00e9xico con 11 hoteles.<b> <\/b><\/p>\n<p>\u2730\u2730\u2730\u2730\u2730\u00a0Cuando una mujer est\u00e1 embarazada, mucho se habla de los riesgos que puede tener el realizar un viaje terrestre. Sin embargo, viajar en un autob\u00fas durante el embarazo no es riesgoso si lo haces en una l\u00ednea que\u00a0 est\u00e9 pendiente de tus necesidades. Grupo Estrella Blanca trae para ti algunos <i>tips<\/i> y recomendaciones que debes tomar si vas\u00a0 a viajar en autob\u00fas durante el embarazo. Si tu embarazo va por el segundo trimestre y tienes la necesidad de realizar un viaje, es un buen tiempo para hacerlo, pues justo la posibilidad de perder a un beb\u00e9 es baja y el parto est\u00e1 a\u00fan lejano, por lo que no hay\u00a0 riesgo de dar a luz durante el trayecto de tu viaje. Lo anterior debes tomarlo en cuenta si no has presentado\u00a0 complicaciones durante tu embarazo. Visita a tu m\u00e9dico, \u00e9l sabe a la perfecci\u00f3n las condiciones y el desarrollo de tu embarazo, \u00e9l podr\u00e1 ayudarte a decidir si viajar es opci\u00f3n. Procura viajar acompa\u00f1ada, si no es as\u00ed, no dudes en acercarte al operador de la unidad o a los asistentes de viaje de la misma. Mantente en contacto con la persona que ver\u00e1s en tu destino. Procura que tu equipaje sea ligero. Evita cargar una maleta pesada que te haga realizar esfuerzos. Usa ropa c\u00f3moda, de preferencia pants. No olvides alimentarte bien antes de subir al autob\u00fas y durante el recorrido; si tu viaje es largo, no olvides\u00a0 prevenirte con comida y agua. Si consideras que tu asiento no es el mejor, pide al asistente un cambio por uno pegado al pasillo o al ba\u00f1o, esto te permitir\u00e1 levantarte a caminar o ir al ba\u00f1o cada que lo requieras. Evita estar todo el tiempo sentada, mueve las piernas un poco, camina por el pasillo del autob\u00fas. Si llegas a sentir alg\u00fan malestar superior durante el viaje hazlo del conocimiento de los responsables de la\u00a0 unidad, ellos tienen el deber de auxiliarte y apoyarte.<\/p>\n<p><i><\/i><i><em><a href=\"mailto:victoriagprado@gmail.com\" target=\"_blank\">victoriagprado@gmail.com<\/a><\/em><\/i><\/p>\n","protected":false},"excerpt":{"rendered":"<p>Edgar Kano, chef ejecutivo del hotel <i>Four Seasons M\u00e9xico,<\/i> con el prop\u00f3sito de dar a conocer el nuevo men\u00fa, que s\u00f3lo estar\u00e1 disponible tres meses en el restaurante Reforma 500, nos invit\u00f3 a conocer los nuevos platillos que, como siempre est\u00e1n a la vanguardia en el mundo de la gastronom\u00eda internacional.<\/p>\n","protected":false},"author":3,"featured_media":165778,"comment_status":"open","ping_status":"open","sticky":false,"template":"","format":"standard","meta":{"_monsterinsights_skip_tracking":false,"_monsterinsights_sitenote_active":false,"_monsterinsights_sitenote_note":"","_monsterinsights_sitenote_category":0,"footnotes":""},"categories":[11],"tags":[107,1246,43681,106],"class_list":["post-165686","post","type-post","status-publish","format-standard","has-post-thumbnail","hentry","category-turismo","tag-de-cinco-estrellas","tag-reforma","tag-turismo","tag-victoria-gonzalez-prado"],"_links":{"self":[{"href":"https:\/\/www.diarioimagen.net\/index.php?rest_route=\/wp\/v2\/posts\/165686","targetHints":{"allow":["GET"]}}],"collection":[{"href":"https:\/\/www.diarioimagen.net\/index.php?rest_route=\/wp\/v2\/posts"}],"about":[{"href":"https:\/\/www.diarioimagen.net\/index.php?rest_route=\/wp\/v2\/types\/post"}],"author":[{"embeddable":true,"href":"https:\/\/www.diarioimagen.net\/index.php?rest_route=\/wp\/v2\/users\/3"}],"replies":[{"embeddable":true,"href":"https:\/\/www.diarioimagen.net\/index.php?rest_route=%2Fwp%2Fv2%2Fcomments&post=165686"}],"version-history":[{"count":0,"href":"https:\/\/www.diarioimagen.net\/index.php?rest_route=\/wp\/v2\/posts\/165686\/revisions"}],"wp:featuredmedia":[{"embeddable":true,"href":"https:\/\/www.diarioimagen.net\/index.php?rest_route=\/wp\/v2\/media\/165778"}],"wp:attachment":[{"href":"https:\/\/www.diarioimagen.net\/index.php?rest_route=%2Fwp%2Fv2%2Fmedia&parent=165686"}],"wp:term":[{"taxonomy":"category","embeddable":true,"href":"https:\/\/www.diarioimagen.net\/index.php?rest_route=%2Fwp%2Fv2%2Fcategories&post=165686"},{"taxonomy":"post_tag","embeddable":true,"href":"https:\/\/www.diarioimagen.net\/index.php?rest_route=%2Fwp%2Fv2%2Ftags&post=165686"}],"curies":[{"name":"wp","href":"https:\/\/api.w.org\/{rel}","templated":true}]}}