{"id":165823,"date":"2014-03-06T23:02:36","date_gmt":"2014-03-07T05:02:36","guid":{"rendered":"http:\/\/www.diarioimagen.net\/?p=165823"},"modified":"2014-03-07T06:36:47","modified_gmt":"2014-03-07T12:36:47","slug":"denuncia-vs-3-panistas-por-fuga-de-el-chapo-en-2001","status":"publish","type":"post","link":"https:\/\/www.diarioimagen.net\/?p=165823","title":{"rendered":"Denuncia contra tres panistas por fuga de <em>El Chapo<\/em> en 2001"},"content":{"rendered":"<ul>\n<li><strong><em>El Colegio de Abogados<\/em><\/strong><\/li>\n<\/ul>\n<div id=\"attachment_165824\" style=\"width: 250px\" class=\"wp-caption alignleft\"><img loading=\"lazy\" decoding=\"async\" aria-describedby=\"caption-attachment-165824\" class=\"size-medium wp-image-165824 \" alt=\"El Colegio Nacional de Abogados Penalistas presume que se les podr\u00edan fincar cargos por su presunta responsabilidad en los delitos de evasi\u00f3n de reo, cohecho y delincuencia organizada; \u201cconforme avancen las investigaciones seguramente aparecer\u00e1n los nombres de otros personajes\u201d.\" src=\"http:\/\/www.diarioimagen.net\/wp-content\/uploads\/2014\/03\/chapo-portal1-240x135.jpg\" width=\"240\" height=\"135\" srcset=\"https:\/\/www.diarioimagen.net\/wp-content\/uploads\/2014\/03\/chapo-portal1-240x135.jpg 240w, https:\/\/www.diarioimagen.net\/wp-content\/uploads\/2014\/03\/chapo-portal1-420x236.jpg 420w, https:\/\/www.diarioimagen.net\/wp-content\/uploads\/2014\/03\/chapo-portal1-235x132.jpg 235w, https:\/\/www.diarioimagen.net\/wp-content\/uploads\/2014\/03\/chapo-portal1-202x114.jpg 202w, https:\/\/www.diarioimagen.net\/wp-content\/uploads\/2014\/03\/chapo-portal1-350x196.jpg 350w, https:\/\/www.diarioimagen.net\/wp-content\/uploads\/2014\/03\/chapo-portal1-220x123.jpg 220w, https:\/\/www.diarioimagen.net\/wp-content\/uploads\/2014\/03\/chapo-portal1-237x132.jpg 237w, https:\/\/www.diarioimagen.net\/wp-content\/uploads\/2014\/03\/chapo-portal1.jpg 480w\" sizes=\"auto, (max-width: 240px) 100vw, 240px\" \/><p id=\"caption-attachment-165824\" class=\"wp-caption-text\">El Colegio de Abogados Penalistas, que encabeza Jorge Reyes Peralta, inform\u00f3 que desde el 2001 demand\u00f3 una investigaci\u00f3n sobre la fuga de Joaqu\u00edn Guzm\u00e1n Loera.<\/p><\/div>\n<p>El Colegio Nacional de Abogados Penalistas present\u00f3 una denuncia penal en la Procuradur\u00eda General de la Rep\u00fablica en contra de los panistas Miguel \u00c1ngel Y\u00fanez Linares, Jorge Tello Pe\u00f3n y Enrique P\u00e9rez Rodr\u00edguez a quienes responsabiliza de la fuga de Joaqu\u00edn \u201cEl Chapo\u201d Guzm\u00e1n Loera, del penal de Puente Grande, en 2001.<\/p>\n<p>El penalista Jorge Reyes Peralta presidente del Colegio, indic\u00f3 que se present\u00f3 ante la PGR una denuncia de hechos en la que se pide investigar a qui\u00e9nes estuvieron involucrados en dicha fuga.<\/p>\n<p>En conferencia de prensa, expuso que entre las pruebas que deber\u00e1 desahogar la PGR, destacan diversas documentales y testimoniales que implica a esos ex funcionarios p\u00fablicos. Explic\u00f3 que luego de analizar los 175 tomos que integran la causa penal que se inici\u00f3 por la evasi\u00f3n de \u201cEl Chapo\u201d Guzm\u00e1n, han detectado en los hechos presunta responsabilidad de Miguel \u00c1ngel Yunes Linares y Enrique P\u00e9rez Rodr\u00edguez.<\/p>\n<p>Precis\u00f3 que el Ministerio P\u00fablico Federal deber\u00e1 ejercitar acci\u00f3n penal en contra de los imputados por evasi\u00f3n de reos, delincuencia organizada y cohecho, mismos que seg\u00fan el penalista, no prescribe.<\/p>\n<p>Reyes Peralta precis\u00f3 que cuando ocurri\u00f3 la fuga, estas personas se desempe\u00f1aban como coordinador general de asesores y director general de Prevenci\u00f3n y Readaptaci\u00f3n Social de la Secretar\u00eda de Gobernaci\u00f3n, respectivamente.<\/p>\n<p>Para el abogado es necesario que el Ministerio P\u00fablico de la Federaci\u00f3n investigue a Yunes Linares y a P\u00e9rez Rodr\u00edguez, pues poseen fortunas y es preciso conocer de d\u00f3nde obtuvieron ese dinero.<\/p>\n<p>Dijo que el Colegio Nacional de Abogados Penalistas presume que se les podr\u00edan fincar cargos por su presunta responsabilidad en los delitos de evasi\u00f3n de reo, cohecho y delincuencia organizada; \u201cconforme avancen las investigaciones seguramente aparecer\u00e1n los nombres de otros personajes\u201d.<\/p>\n","protected":false},"excerpt":{"rendered":"<p>El Colegio Nacional de Abogados Penalistas present\u00f3 una denuncia penal en la Procuradur\u00eda General de la Rep\u00fablica en contra de los panistas Miguel \u00c1ngel Y\u00fanez Linares, Jorge Tello Pe\u00f3n y Enrique P\u00e9rez Rodr\u00edguez a quienes responsabiliza de la fuga de Joaqu\u00edn \u201cEl Chapo\u201d Guzm\u00e1n Loera, del penal de Puente Grande, en 2001.<\/p>\n","protected":false},"author":5,"featured_media":165824,"comment_status":"open","ping_status":"open","sticky":false,"template":"","format":"standard","meta":{"_monsterinsights_skip_tracking":false,"_monsterinsights_sitenote_active":false,"_monsterinsights_sitenote_note":"","_monsterinsights_sitenote_category":0,"footnotes":""},"categories":[17,3],"tags":[43673,43677],"class_list":["post-165823","post","type-post","status-publish","format-standard","has-post-thumbnail","hentry","category-especiales","category-nacional","tag-nacional","tag-seguridad"],"_links":{"self":[{"href":"https:\/\/www.diarioimagen.net\/index.php?rest_route=\/wp\/v2\/posts\/165823","targetHints":{"allow":["GET"]}}],"collection":[{"href":"https:\/\/www.diarioimagen.net\/index.php?rest_route=\/wp\/v2\/posts"}],"about":[{"href":"https:\/\/www.diarioimagen.net\/index.php?rest_route=\/wp\/v2\/types\/post"}],"author":[{"embeddable":true,"href":"https:\/\/www.diarioimagen.net\/index.php?rest_route=\/wp\/v2\/users\/5"}],"replies":[{"embeddable":true,"href":"https:\/\/www.diarioimagen.net\/index.php?rest_route=%2Fwp%2Fv2%2Fcomments&post=165823"}],"version-history":[{"count":0,"href":"https:\/\/www.diarioimagen.net\/index.php?rest_route=\/wp\/v2\/posts\/165823\/revisions"}],"wp:featuredmedia":[{"embeddable":true,"href":"https:\/\/www.diarioimagen.net\/index.php?rest_route=\/wp\/v2\/media\/165824"}],"wp:attachment":[{"href":"https:\/\/www.diarioimagen.net\/index.php?rest_route=%2Fwp%2Fv2%2Fmedia&parent=165823"}],"wp:term":[{"taxonomy":"category","embeddable":true,"href":"https:\/\/www.diarioimagen.net\/index.php?rest_route=%2Fwp%2Fv2%2Fcategories&post=165823"},{"taxonomy":"post_tag","embeddable":true,"href":"https:\/\/www.diarioimagen.net\/index.php?rest_route=%2Fwp%2Fv2%2Ftags&post=165823"}],"curies":[{"name":"wp","href":"https:\/\/api.w.org\/{rel}","templated":true}]}}