{"id":165859,"date":"2014-03-07T00:07:07","date_gmt":"2014-03-07T06:07:07","guid":{"rendered":"http:\/\/www.diarioimagen.net\/?p=165859"},"modified":"2014-03-07T22:18:30","modified_gmt":"2014-03-08T04:18:30","slug":"politica-de-vivienda-sin-cambios-anuncia-epn","status":"publish","type":"post","link":"https:\/\/www.diarioimagen.net\/?p=165859","title":{"rendered":"Pol\u00edtica de vivienda, sin cambios, anuncia EPN"},"content":{"rendered":"<ul>\n<li><strong><em>La inversi\u00f3n destinada a este sector durante el presente a\u00f1o aumentar\u00e1 a 301 mil millones de pesos<\/em><\/strong><\/li>\n<\/ul>\n<h6>Jos\u00e9 Luis Monta\u00f1ez<\/h6>\n<p>&nbsp;<\/p>\n<div id=\"attachment_165931\" style=\"width: 250px\" class=\"wp-caption alignleft\"><a href=\"http:\/\/www.diarioimagen.net\/wp-content\/uploads\/2014\/03\/epn-2308.jpg\"><img loading=\"lazy\" decoding=\"async\" aria-describedby=\"caption-attachment-165931\" class=\"size-medium wp-image-165931\" alt=\"El presidente Enrique Pe\u00f1a Nieto anunci\u00f3 que la vivienda es un sector estrat\u00e9gico para el crecimiento econ\u00f3mico y el desarrollo social del pa\u00eds.\" src=\"http:\/\/www.diarioimagen.net\/wp-content\/uploads\/2014\/03\/epn-2308-240x135.jpg\" width=\"240\" height=\"135\" srcset=\"https:\/\/www.diarioimagen.net\/wp-content\/uploads\/2014\/03\/epn-2308-240x135.jpg 240w, https:\/\/www.diarioimagen.net\/wp-content\/uploads\/2014\/03\/epn-2308-420x236.jpg 420w, https:\/\/www.diarioimagen.net\/wp-content\/uploads\/2014\/03\/epn-2308-235x132.jpg 235w, https:\/\/www.diarioimagen.net\/wp-content\/uploads\/2014\/03\/epn-2308-202x114.jpg 202w, https:\/\/www.diarioimagen.net\/wp-content\/uploads\/2014\/03\/epn-2308-350x196.jpg 350w, https:\/\/www.diarioimagen.net\/wp-content\/uploads\/2014\/03\/epn-2308-220x123.jpg 220w, https:\/\/www.diarioimagen.net\/wp-content\/uploads\/2014\/03\/epn-2308-237x132.jpg 237w, https:\/\/www.diarioimagen.net\/wp-content\/uploads\/2014\/03\/epn-2308.jpg 480w\" sizes=\"auto, (max-width: 240px) 100vw, 240px\" \/><\/a><p id=\"caption-attachment-165931\" class=\"wp-caption-text\">El presidente Enrique Pe\u00f1a Nieto anunci\u00f3 que la vivienda es un sector estrat\u00e9gico para el crecimiento econ\u00f3mico y el desarrollo social del pa\u00eds.<\/p><\/div>\n<p>El presidente Enrique Pe\u00f1a Nieto anunci\u00f3 que para dar continuidad a la Pol\u00edtica Nacional de Vivienda y brindar plena certeza a los distintos actores del sector, \u201clas reglas vigentes en 2014 seguir\u00e1n siendo las mismas durante toda la administraci\u00f3n. En ello tienen el compromiso del Presidente de la Rep\u00fablica, para que estas reglas se mantengan hasta 2018\u201d.<\/p>\n<p>Asimismo, el Presidente anunci\u00f3 que gir\u00f3 instrucciones al titular de la Sedatu para ampliar la cobertura de los subsidios para la vivienda, con lo que ahora, los trabajadores que ganen hasta cinco salarios m\u00ednimos podr\u00e1n ser beneficiarios de los subsidios de vivienda.<\/p>\n<p>Al encabezar la ceremonia de entrega del Premio Nacional de Vivienda 2013, el primer mandatario dijo, ante representantes de los distintos actores que participan en el sector, que tambi\u00e9n \u201cpermanecer\u00e1 sin cambios el esquema fiscal para esta din\u00e1mica industria y para todos los sectores productivos de nuestro pa\u00eds\u201d.<\/p>\n<p>Se\u00f1al\u00f3 que la vivienda es un sector estrat\u00e9gico para el crecimiento econ\u00f3mico y el desarrollo social de M\u00e9xico. \u201cEs una actividad que detona inversiones, genera empleos, fortalece el mercado interno, y sobre todo, mejora la calidad de vida de las familias mexicanas\u201d.<\/p>\n<p>Inform\u00f3 que este a\u00f1o la inversi\u00f3n destinada a cr\u00e9ditos hipotecarios individuales aumentar\u00e1 de 255 mil a 301 mil millones de pesos, monto 18 por ciento superior a la que se tuvo en el 2013.<\/p>\n<p>Asimismo, dio a conocer que ha girado instrucciones al titular de la Secretar\u00eda de Desarrollo Agrario, Territorial y Urbano (Sedatu), \u201cpara convertir a la Comisi\u00f3n para la Regularizaci\u00f3n de la Tenencia de la Tierra, CORETT, en el Instituto Nacional del Suelo Sustentable\u201d.<\/p>\n<p>Con este instituto, agreg\u00f3, \u201cimpulsaremos la creaci\u00f3n de reservas territoriales; la oferta de suelo, a trav\u00e9s de proyectos de lotes para vivienda para grupos sociales de bajos ingresos y acciones para la regularizaci\u00f3n de la tenencia de la tierra de las viviendas. De esta manera, M\u00e9xico contar\u00e1 con m\u00e1s suelo \u00fatil para seguir construyendo vivienda bien ubicada\u201d.<\/p>\n<p>El Ejecutivo federal se\u00f1al\u00f3 que es importante ampliar la cobertura de los subsidios para la vivienda, pues hasta ahora s\u00f3lo tienen acceso a este apoyo los trabajadores que ganan menos de 2.5 salarios m\u00ednimos. \u201cPor eso he instruido al titular de la Sedatu a realizar las acciones necesarias para ampliar el universo de beneficiarios y que puedan recibir este subsidio quienes ganan menos de 5 salarios m\u00ednimos\u201d, precis\u00f3.<\/p>\n<p>Destac\u00f3 que el trabajo y compromiso de todos en el sector vivienda comienza a rendir frutos, \u201cy a pesar de lo complicado que fue el a\u00f1o pasado, al cierre de 2013 se registraron algunos indicadores que reflejan este proceso de adaptaci\u00f3n:<\/p>\n<p>El a\u00f1o pasado, el n\u00famero de cr\u00e9ditos hipotecarios otorgados por la banca comercial creci\u00f3 m\u00e1s de 10 por ciento.<\/p>\n<p>En el segundo semestre, el cr\u00e9dito puente para edificaci\u00f3n residencial tambi\u00e9n aument\u00f3 10 por ciento en relaci\u00f3n con el mismo semestre de 2012.<\/p>\n<p>En diciembre de 2013 se incorporaron m\u00e1s de 43 mil 800 viviendas en el Registro \u00danico de Vivienda, la mayor cifra mensual desde 2011.<\/p>\n<p>En el \u00faltimo trimestre de 2013, se otorgaron 2 mil 900 millones de pesos en subsidios, el monto m\u00e1s alto para un trimestre desde hace m\u00e1s de siete a\u00f1os\u201d.<\/p>\n<p>El jefe de la naci\u00f3n indic\u00f3 que \u201chacia adelante, en el a\u00f1o 2014, estamos decididos a acelerar la reactivaci\u00f3n del sector de la vivienda. Desde enero, el gobierno de la Rep\u00fablica impulsa diversas acciones para respaldar su repunte, con el apoyo de todos los sectores involucrados\u201d.<\/p>\n<p>Agreg\u00f3 que prueba de ello es la firma de los Convenios de Coordinaci\u00f3n, realizada ayer, \u201cpara hacer rea\u00adlidad los Programas Estatales de Vivienda 2014\u201d. Los Convenios de Vivienda con Entidades Federativas fueron signados por el titular de la Sedatu, Jorge Carlos Ram\u00edrez Mar\u00edn, y el gobernador de Aguascalientes y presidente de la Conferencia Nacional de Gobernadores (Conago), Carlos Lozano de la Torre.<\/p>\n<p>Explic\u00f3 que estos Convenios de Coordinaci\u00f3n representar\u00e1n una inversi\u00f3n superior a los 14 mil 600 millones de pesos, y permitir\u00e1n realizar 148 mil acciones de vivienda en las entidades federativas.<\/p>\n<p>Asimismo, el Presidentedio a conocer distintas medidas para impulsar el estrat\u00e9gico sector de la vivienda en este a\u00f1o:<\/p>\n<p>Primera: Se fortalecer\u00e1 el cr\u00e9dito para la vivienda. El INFONAVIT, el FOVISSSTE, el FONHAPO y la Comisi\u00f3n Nacional de Vivienda incrementar\u00e1n el financiamiento en el pa\u00eds.<\/p>\n<p>Segunda: Habr\u00e1 mayores subsidios para la vivienda. El monto para subsidios crecer\u00e1 50 por ciento, al pasar de 8 mil a 12 mil millones de pesos.<\/p>\n<p>Tercera: Se crear\u00e1n nuevos programas e instrumentos de financiamiento hipotecario. Habr\u00e1 cr\u00e9ditos para trabajadores estatales y municipales; se impulsar\u00e1n los cofinanciamientos INFONAVIT-FOVISSSTE, para la adquisici\u00f3n de vivienda de inter\u00e9s medio y residencial; se facilitar\u00e1 el acceso a una segunda hipoteca; habr\u00e1 financiamiento y subsidio para vivienda en renta; se otorgar\u00e1n pr\u00e9stamos para remodelaci\u00f3n y ampliaci\u00f3n de espacios habitacionales, sustituyendo la garant\u00eda de la subcuenta de vivienda por una garant\u00eda a cargo de la Comisi\u00f3n Nacional de Vivienda; y se seguir\u00e1n apoyando desarrollos habitacionales certificados, entre otras acciones.<\/p>\n<p>&nbsp;<\/p>\n","protected":false},"excerpt":{"rendered":"<p><span style=\"color: #005497;\"><strong>Jos\u00e9 Luis Monta\u00f1ez<\/strong><\/span><br \/>\n<br \/>\nEl presidente Enrique Pe\u00f1a Nieto anunci\u00f3 que para dar continuidad a la Pol\u00edtica Nacional de Vivienda y brindar plena certeza a los distintos actores del sector, \u201clas reglas vigentes en 2014 seguir\u00e1n siendo las mismas durante toda la administraci\u00f3n. En ello tienen el compromiso del Presidente de la Rep\u00fablica, para que estas reglas se mantengan hasta 2018\u201d.<\/p>\n","protected":false},"author":3,"featured_media":165931,"comment_status":"open","ping_status":"open","sticky":false,"template":"","format":"standard","meta":{"_monsterinsights_skip_tracking":false,"_monsterinsights_sitenote_active":false,"_monsterinsights_sitenote_note":"","_monsterinsights_sitenote_category":0,"footnotes":""},"categories":[17,3],"tags":[4277,18,43673,2075,19195],"class_list":["post-165859","post","type-post","status-publish","format-standard","has-post-thumbnail","hentry","category-especiales","category-nacional","tag-conago","tag-enrique-pena-nieto","tag-nacional","tag-presidente-de-la-republica","tag-vivienda"],"_links":{"self":[{"href":"https:\/\/www.diarioimagen.net\/index.php?rest_route=\/wp\/v2\/posts\/165859","targetHints":{"allow":["GET"]}}],"collection":[{"href":"https:\/\/www.diarioimagen.net\/index.php?rest_route=\/wp\/v2\/posts"}],"about":[{"href":"https:\/\/www.diarioimagen.net\/index.php?rest_route=\/wp\/v2\/types\/post"}],"author":[{"embeddable":true,"href":"https:\/\/www.diarioimagen.net\/index.php?rest_route=\/wp\/v2\/users\/3"}],"replies":[{"embeddable":true,"href":"https:\/\/www.diarioimagen.net\/index.php?rest_route=%2Fwp%2Fv2%2Fcomments&post=165859"}],"version-history":[{"count":0,"href":"https:\/\/www.diarioimagen.net\/index.php?rest_route=\/wp\/v2\/posts\/165859\/revisions"}],"wp:featuredmedia":[{"embeddable":true,"href":"https:\/\/www.diarioimagen.net\/index.php?rest_route=\/wp\/v2\/media\/165931"}],"wp:attachment":[{"href":"https:\/\/www.diarioimagen.net\/index.php?rest_route=%2Fwp%2Fv2%2Fmedia&parent=165859"}],"wp:term":[{"taxonomy":"category","embeddable":true,"href":"https:\/\/www.diarioimagen.net\/index.php?rest_route=%2Fwp%2Fv2%2Fcategories&post=165859"},{"taxonomy":"post_tag","embeddable":true,"href":"https:\/\/www.diarioimagen.net\/index.php?rest_route=%2Fwp%2Fv2%2Ftags&post=165859"}],"curies":[{"name":"wp","href":"https:\/\/api.w.org\/{rel}","templated":true}]}}