{"id":165967,"date":"2014-03-07T21:12:41","date_gmt":"2014-03-08T03:12:41","guid":{"rendered":"http:\/\/www.diarioimagen.net\/?p=165967"},"modified":"2014-03-10T04:51:53","modified_gmt":"2014-03-10T10:51:53","slug":"creo-en-la-mujer-y-en-el-espiritu-combativo-de-lucha-de-las-mexicanas-enrique-pena-nieto","status":"publish","type":"post","link":"https:\/\/www.diarioimagen.net\/?p=165967","title":{"rendered":"Creo en la mujer y en el esp\u00edritu combativo de lucha de las mexicanas: Enrique Pe\u00f1a Nieto"},"content":{"rendered":"<ul>\n<li><em><strong>El Gobierno de la Rep\u00fablica trabaja por una nueva cultura de la sociedad mexicana hacia la mujer, afirm\u00f3.<\/strong><\/em><\/li>\n<\/ul>\n<ul>\n<li><em><strong>En el marco de la conmemoraci\u00f3n del D\u00eda Internacional de la Mujer, inaugur\u00f3 un Centro de Justicia para las Mujeres.<\/strong><\/em><\/li>\n<\/ul>\n<p>&nbsp;<\/p>\n<div id=\"attachment_165968\" style=\"width: 250px\" class=\"wp-caption alignleft\"><a href=\"http:\/\/www.diarioimagen.net\/wp-content\/uploads\/2014\/03\/epn-internacional.jpg\"><img loading=\"lazy\" decoding=\"async\" aria-describedby=\"caption-attachment-165968\" class=\"size-medium wp-image-165968\" alt=\"\u201cCreo en la mujer, creo en el car\u00e1cter de la mujer, en la decisi\u00f3n de las mujeres, en la firmeza de las mujeres y en el esp\u00edritu combativo de lucha que distingue a la mujer mexicana\u201d, asegur\u00f3 el Presidente Enrique Pe\u00f1a Nieto durante la inauguraci\u00f3n en esta entidad del Centro de Justicia para las Mujeres.\" src=\"http:\/\/www.diarioimagen.net\/wp-content\/uploads\/2014\/03\/epn-internacional-240x135.jpg\" width=\"240\" height=\"135\" srcset=\"https:\/\/www.diarioimagen.net\/wp-content\/uploads\/2014\/03\/epn-internacional-240x135.jpg 240w, https:\/\/www.diarioimagen.net\/wp-content\/uploads\/2014\/03\/epn-internacional-420x236.jpg 420w, https:\/\/www.diarioimagen.net\/wp-content\/uploads\/2014\/03\/epn-internacional-235x132.jpg 235w, https:\/\/www.diarioimagen.net\/wp-content\/uploads\/2014\/03\/epn-internacional-202x114.jpg 202w, https:\/\/www.diarioimagen.net\/wp-content\/uploads\/2014\/03\/epn-internacional-350x196.jpg 350w, https:\/\/www.diarioimagen.net\/wp-content\/uploads\/2014\/03\/epn-internacional-220x123.jpg 220w, https:\/\/www.diarioimagen.net\/wp-content\/uploads\/2014\/03\/epn-internacional-237x132.jpg 237w, https:\/\/www.diarioimagen.net\/wp-content\/uploads\/2014\/03\/epn-internacional.jpg 480w\" sizes=\"auto, (max-width: 240px) 100vw, 240px\" \/><\/a><p id=\"caption-attachment-165968\" class=\"wp-caption-text\">\u201cCreo en la mujer, creo en el car\u00e1cter de la mujer, en la decisi\u00f3n de las mujeres, en la firmeza de las mujeres y en el esp\u00edritu combativo de lucha que distingue a la mujer mexicana\u201d, asegur\u00f3 el Presidente Enrique Pe\u00f1a Nieto durante la inauguraci\u00f3n en esta entidad del Centro de Justicia para las Mujeres.<\/p><\/div>\n<p>El presidente de la Rep\u00fablica, Enrique Pe\u00f1a Nieto, dijo hoy: \u201ccreo en la mujer, creo en el car\u00e1cter de la mujer, en la decisi\u00f3n de las mujeres, en la firmeza de las mujeres y en el esp\u00edritu combativo de lucha que distingue a la mujer mexicana\u201d.<\/p>\n<p>Al inaugurar un Centro de Justicia para las Mujeres, en el marco de la conmemoraci\u00f3n del D\u00eda Internacional de la Mujer a celebrarse ma\u00f1ana, y acompa\u00f1ado de su esposa, la se\u00f1ora Ang\u00e9lica Rivera de Pe\u00f1a, agreg\u00f3 que el Gobierno de la Rep\u00fablica trabaja para formar una nueva cultura de la sociedad mexicana hacia la mujer y en acciones y programas que realmente le ayuden y le beneficien.<\/p>\n<p>Detall\u00f3 que lograr lo anterior \u201ces para el Gobierno de la Rep\u00fablica un compromiso ineludible\u201d y record\u00f3 que una de las primeras decisiones tomadas dentro del Plan Nacional de Desarrollo fue prever la transversalidad de g\u00e9nero; \u201ces decir, que toda las dependencias del Gobierno de la Rep\u00fablica prevean dentro de sus programas, acciones espec\u00edficas orientadas a ayudar y apoyar a la mujer, en todos los \u00e1mbitos del Gobierno de la Rep\u00fablica, \u00e9sta es la transversalidad de g\u00e9nero que tiene hoy la pol\u00edtica que sigue este Gobierno\u201d.<\/p>\n<p>En un di\u00e1logo interactivo con m\u00e1s de 600 mujeres, representantes de la sociedad civil, en el cual tambi\u00e9n particip\u00f3 la se\u00f1ora Rivera de Pe\u00f1a, enfatiz\u00f3 que el celebrar el D\u00eda Internacional de la Mujer, \u201ces ocasi\u00f3n de recordarnos a todas y a todos, muy especialmente a quienes tenemos responsabilidad p\u00fablica, el deber, el compromiso y la responsabilidad para trabajar desde nuestro espacio de actuaci\u00f3n, por modesto que sea, en esta orientaci\u00f3n y perspectiva de g\u00e9nero pensando en las mujeres de hoy\u201d.<\/p>\n<p>El Primer Mandatario reconoci\u00f3 a las mujeres \u201cpor su esp\u00edritu combativo de lucha, por ser incansables luchadoras para generar condiciones de bienestar para sus familias, que al hacerlo contribuyen a que tengamos todos un mejor pa\u00eds\u201d. Afirm\u00f3 que con empe\u00f1o y dedicaci\u00f3n, en espacios modestos las m\u00e1s de las veces y en total anonimato \u201cdan lo mejor de s\u00ed para que en su hogar y en su familia haya condiciones de bienestar\u201d.<\/p>\n<p>Hizo menci\u00f3n por ello, de Elvia Carrillo Puerto, luchadora yucateca, cuyo nombre dijo, \u201cest\u00e1 inscrito en la historia de este pa\u00eds\u201d y cuyo ejemplo se multiplica en todas las mujeres de M\u00e9xico. \u201cA ellas les reconocemos y les celebramos en este D\u00eda Internacional de la Mujer\u201d.<\/p>\n<p>Luego de recibir diversos testimonios, el Titular del Ejecutivo Federal expres\u00f3 que se lleva como compromiso la tarea de dar atenci\u00f3n a varias de las inquietudes que ah\u00ed se plantearon, como el apoyo a proyectos productivos y la tecnificaci\u00f3n de 30 mil hect\u00e1reas. Inform\u00f3 \u201cque ya son ocho mil hect\u00e1reas que se han tecnificado el a\u00f1o pasado, para hacer esas tierras mucho m\u00e1s productivas e introducir sistemas de riego y mecanizaci\u00f3n\u201d.<\/p>\n<p>Asimismo, toc\u00f3 el tema de la vivienda que tiene la orientaci\u00f3n de asegurar que m\u00e1s familias mexicanas tengan mejores hogares \u201cy en eso estamos trabajando, ampliando el cr\u00e9dito, mejorando las condiciones, ajustando las reglas\u201d, apunt\u00f3.<\/p>\n<p>El Presidente Pe\u00f1a Nieto llam\u00f3 la atenci\u00f3n del formato interactivo que est\u00e1 llevando a cabo en los eventos, y se\u00f1al\u00f3 que busca \u201cescuchar sus voces, sus planteamientos, lo que est\u00e1 recogiendo, aprendiendo y teniendo en beneficios de las varias acciones que el Gobierno de la Rep\u00fablica lleva a cabo\u201d, as\u00ed como recoger inquietudes adicionales que permitan \u201cnormar, moderar, y sobre todo enriquecer las acciones y las pol\u00edticas que el Gobierno deba de seguir para dar una mayor atenci\u00f3n a la poblaci\u00f3n de todo el pa\u00eds\u201d.<\/p>\n<p>Indic\u00f3 que con el de hoy, son ya once Centros de Justicia para las Mujeres, y est\u00e1n especializados en el \u00e1mbito de la Procuradur\u00eda de Justicia y en dar atenci\u00f3n especial a la mujer. Cuentan con una Fiscal\u00eda especializada con personas que est\u00e1n preparadas y capacitadas para darles una atenci\u00f3n esmerada, psicol\u00f3gica y de servicio social.<\/p>\n<p>A\u00f1adi\u00f3 que el programa se ampliar\u00e1 a dos entidades m\u00e1s, Guerrero y Michoac\u00e1n, y precis\u00f3 que se ampliar\u00e1n los programas de atenci\u00f3n en otros \u00e1mbitos como la salud, educaci\u00f3n, preparaci\u00f3n para habilidades y el desarrollo de capacidades profesionales que las mujeres pueden tener.<\/p>\n<p>En su intervenci\u00f3n, la se\u00f1ora Ang\u00e9lica Rivera de Pe\u00f1a enfatiz\u00f3 que el apoyo que el Presidente de la Rep\u00fablica da a las mujeres, es sin duda porque cree en ellas: \u201c\u00c9l cree en nosotras y sabe lo que somos capaces de hacer\u201d.<\/p>\n<p>En el evento, el Presidente Pe\u00f1a Nieto devel\u00f3 la placa inaugural del Centro de Justicia acompa\u00f1ado del gobernador del Estado de Yucat\u00e1n, Rolando Zapata Bello, y las esposas de ambos. Posteriormente recorri\u00f3 sus instalaciones.<\/p>\n","protected":false},"excerpt":{"rendered":"<p>El presidente de la Rep\u00fablica, Enrique Pe\u00f1a Nieto, dijo hoy: \u201ccreo en la mujer, creo en el car\u00e1cter de la mujer, en la decisi\u00f3n de las mujeres, en la firmeza de las mujeres y en el esp\u00edritu combativo de lucha que distingue a la mujer mexicana\u201d.<\/p>\n","protected":false},"author":1,"featured_media":165968,"comment_status":"open","ping_status":"open","sticky":false,"template":"","format":"standard","meta":{"_monsterinsights_skip_tracking":false,"_monsterinsights_sitenote_active":false,"_monsterinsights_sitenote_note":"","_monsterinsights_sitenote_category":0,"footnotes":""},"categories":[17,3],"tags":[3313,18,43673],"class_list":["post-165967","post","type-post","status-publish","format-standard","has-post-thumbnail","hentry","category-especiales","category-nacional","tag-dia-internacional-de-la-mujer","tag-enrique-pena-nieto","tag-nacional"],"_links":{"self":[{"href":"https:\/\/www.diarioimagen.net\/index.php?rest_route=\/wp\/v2\/posts\/165967","targetHints":{"allow":["GET"]}}],"collection":[{"href":"https:\/\/www.diarioimagen.net\/index.php?rest_route=\/wp\/v2\/posts"}],"about":[{"href":"https:\/\/www.diarioimagen.net\/index.php?rest_route=\/wp\/v2\/types\/post"}],"author":[{"embeddable":true,"href":"https:\/\/www.diarioimagen.net\/index.php?rest_route=\/wp\/v2\/users\/1"}],"replies":[{"embeddable":true,"href":"https:\/\/www.diarioimagen.net\/index.php?rest_route=%2Fwp%2Fv2%2Fcomments&post=165967"}],"version-history":[{"count":0,"href":"https:\/\/www.diarioimagen.net\/index.php?rest_route=\/wp\/v2\/posts\/165967\/revisions"}],"wp:featuredmedia":[{"embeddable":true,"href":"https:\/\/www.diarioimagen.net\/index.php?rest_route=\/wp\/v2\/media\/165968"}],"wp:attachment":[{"href":"https:\/\/www.diarioimagen.net\/index.php?rest_route=%2Fwp%2Fv2%2Fmedia&parent=165967"}],"wp:term":[{"taxonomy":"category","embeddable":true,"href":"https:\/\/www.diarioimagen.net\/index.php?rest_route=%2Fwp%2Fv2%2Fcategories&post=165967"},{"taxonomy":"post_tag","embeddable":true,"href":"https:\/\/www.diarioimagen.net\/index.php?rest_route=%2Fwp%2Fv2%2Ftags&post=165967"}],"curies":[{"name":"wp","href":"https:\/\/api.w.org\/{rel}","templated":true}]}}