{"id":165991,"date":"2014-03-09T12:40:52","date_gmt":"2014-03-09T18:40:52","guid":{"rendered":"http:\/\/www.diarioimagen.net\/?p=165991"},"modified":"2014-03-10T04:52:17","modified_gmt":"2014-03-10T10:52:17","slug":"gobierno-federal-asegura-a-tres-personas-y-seis-avionetas-en-sinaloa","status":"publish","type":"post","link":"https:\/\/www.diarioimagen.net\/?p=165991","title":{"rendered":"Gobierno federal asegura a tres personas y seis avionetas en Sinaloa"},"content":{"rendered":"<ul>\n<li><em><strong>El aseguramiento se llev\u00f3 a cabo entre las sindicaturas de El Dorado y Costa Rica, en el municipio de Culiac\u00e1n<\/strong><\/em><\/li>\n<\/ul>\n<p>&nbsp;<\/p>\n<div id=\"attachment_165993\" style=\"width: 250px\" class=\"wp-caption alignleft\"><img loading=\"lazy\" decoding=\"async\" aria-describedby=\"caption-attachment-165993\" class=\"size-medium wp-image-165993\" alt=\"En lo que respecta a las avionetas y veh\u00edculos, se le dio vista al representante social citado adscrito a SEIDO en la entidad.\" src=\"http:\/\/www.diarioimagen.net\/wp-content\/uploads\/2014\/03\/ASEGURA-portal1-240x135.jpg\" width=\"240\" height=\"135\" srcset=\"https:\/\/www.diarioimagen.net\/wp-content\/uploads\/2014\/03\/ASEGURA-portal1-240x135.jpg 240w, https:\/\/www.diarioimagen.net\/wp-content\/uploads\/2014\/03\/ASEGURA-portal1-420x236.jpg 420w, https:\/\/www.diarioimagen.net\/wp-content\/uploads\/2014\/03\/ASEGURA-portal1-235x132.jpg 235w, https:\/\/www.diarioimagen.net\/wp-content\/uploads\/2014\/03\/ASEGURA-portal1-202x114.jpg 202w, https:\/\/www.diarioimagen.net\/wp-content\/uploads\/2014\/03\/ASEGURA-portal1-350x196.jpg 350w, https:\/\/www.diarioimagen.net\/wp-content\/uploads\/2014\/03\/ASEGURA-portal1-220x123.jpg 220w, https:\/\/www.diarioimagen.net\/wp-content\/uploads\/2014\/03\/ASEGURA-portal1-237x132.jpg 237w, https:\/\/www.diarioimagen.net\/wp-content\/uploads\/2014\/03\/ASEGURA-portal1.jpg 480w\" sizes=\"auto, (max-width: 240px) 100vw, 240px\" \/><p id=\"caption-attachment-165993\" class=\"wp-caption-text\">En lo que respecta a las avionetas y veh\u00edculos, se le dio vista al representante social citado adscrito a SEIDO en la entidad.<\/p><\/div>\n<p><span style=\"line-height: 1.5em;\">En una acci\u00f3n coordinada de fuerzas federales en el estado de Sinaloa, fueron aseguradas tres personas y un rancho en el que se localizaron seis avionetas, armamento y veh\u00edculos, \u00a0dos paquetes y diversas dosis de presunta droga.<\/span><\/p>\n<p><span style=\"line-height: 1.5em;\">Este aseguramiento se realiz\u00f3 entre las sindicaturas de El Dorado y Costa Rica, en el municipio de Culiac\u00e1n, cuando personal de la Armada de M\u00e9xico realizaba un patrullaje terrestre y encontr\u00f3 a una persona que portaba un arma larga con la que amag\u00f3 a elementos de Infanter\u00eda de Marina, y en su intento de huida se introdujo a un inmueble en el que alert\u00f3 a otras dos personas armadas que estaban en el interior.<\/span><\/p>\n<p><span style=\"line-height: 1.5em;\">En esta acci\u00f3n se localizaron dos paquetes de supuesta coca\u00edna, as\u00ed como 100 dosis de mariguana y 100 dosis de la presunta droga conocida como piedra; adem\u00e1s de dos armas largas, un tubo lanzagranadas y cuatro cargadores para armas de fuego con 118 cartuchos \u00fatiles.<\/span><\/p>\n<p><span style=\"line-height: 1.5em;\">Por lo anterior, fueron aseguradas tres personas quienes se identificaron como H\u00e9ctor Mendoza Garc\u00eda, Yovani Lara Flores y Ram\u00f3n Iglesias B., como probables responsables de hechos il\u00edcitos.<\/span><\/p>\n<p><span style=\"line-height: 1.5em;\">En el interior del rancho tambi\u00e9n fueron localizadas seis avionetas y cuatro veh\u00edculos.<\/span><\/p>\n<p><span style=\"line-height: 1.5em;\">Las personas, armamento y la presunta droga fueron trasladados a la Ciudad de M\u00e9xico para su puesta a disposici\u00f3n ante el Agente del Ministerio P\u00fablico de la Federaci\u00f3n, adscrito a la Subprocuradur\u00eda Especializada en Investigaci\u00f3n de Delincuencia Organizada (SEIDO).<\/span><\/p>\n","protected":false},"excerpt":{"rendered":"<p>En una acci\u00f3n coordinada de fuerzas federales en el estado de Sinaloa, fueron aseguradas tres personas y un rancho en el que se localizaron seis avionetas, armamento y veh\u00edculos,  dos paquetes y diversas dosis de presunta droga.<\/p>\n","protected":false},"author":5,"featured_media":165993,"comment_status":"open","ping_status":"open","sticky":false,"template":"","format":"standard","meta":{"_monsterinsights_skip_tracking":false,"_monsterinsights_sitenote_active":false,"_monsterinsights_sitenote_note":"","_monsterinsights_sitenote_category":0,"footnotes":""},"categories":[17,7],"tags":[6532],"class_list":["post-165991","post","type-post","status-publish","format-standard","has-post-thumbnail","hentry","category-especiales","category-seguridad","tag-armada-de-mexico"],"_links":{"self":[{"href":"https:\/\/www.diarioimagen.net\/index.php?rest_route=\/wp\/v2\/posts\/165991","targetHints":{"allow":["GET"]}}],"collection":[{"href":"https:\/\/www.diarioimagen.net\/index.php?rest_route=\/wp\/v2\/posts"}],"about":[{"href":"https:\/\/www.diarioimagen.net\/index.php?rest_route=\/wp\/v2\/types\/post"}],"author":[{"embeddable":true,"href":"https:\/\/www.diarioimagen.net\/index.php?rest_route=\/wp\/v2\/users\/5"}],"replies":[{"embeddable":true,"href":"https:\/\/www.diarioimagen.net\/index.php?rest_route=%2Fwp%2Fv2%2Fcomments&post=165991"}],"version-history":[{"count":0,"href":"https:\/\/www.diarioimagen.net\/index.php?rest_route=\/wp\/v2\/posts\/165991\/revisions"}],"wp:featuredmedia":[{"embeddable":true,"href":"https:\/\/www.diarioimagen.net\/index.php?rest_route=\/wp\/v2\/media\/165993"}],"wp:attachment":[{"href":"https:\/\/www.diarioimagen.net\/index.php?rest_route=%2Fwp%2Fv2%2Fmedia&parent=165991"}],"wp:term":[{"taxonomy":"category","embeddable":true,"href":"https:\/\/www.diarioimagen.net\/index.php?rest_route=%2Fwp%2Fv2%2Fcategories&post=165991"},{"taxonomy":"post_tag","embeddable":true,"href":"https:\/\/www.diarioimagen.net\/index.php?rest_route=%2Fwp%2Fv2%2Ftags&post=165991"}],"curies":[{"name":"wp","href":"https:\/\/api.w.org\/{rel}","templated":true}]}}