{"id":166005,"date":"2014-03-10T00:05:26","date_gmt":"2014-03-10T06:05:26","guid":{"rendered":"http:\/\/www.diarioimagen.net\/?p=166005"},"modified":"2014-03-11T04:30:48","modified_gmt":"2014-03-11T10:30:48","slug":"gobierno-federal-informara-a-las-1900-hrs-sobre-supuesta-muerte-de-el-chayo","status":"publish","type":"post","link":"https:\/\/www.diarioimagen.net\/?p=166005","title":{"rendered":"Nazario Moreno <i>El Chayo<\/i> fue abatido por fuerzas federales"},"content":{"rendered":"<ul>\n<li><em><strong>La administraci\u00f3n de Felipe Calder\u00f3n lo hab\u00eda declarado muerto, sin encontrar su cad\u00e1ver<\/strong><\/em><\/li>\n<\/ul>\n<div id=\"attachment_166006\" style=\"width: 250px\" class=\"wp-caption alignleft\"><img loading=\"lazy\" decoding=\"async\" aria-describedby=\"caption-attachment-166006\" class=\"size-medium wp-image-166006 \" alt=\"Al verse perseguido, \u00e9ste dispar\u00f3 contra las fuerzas federales, mismas que repelieron la agresi\u00f3n y Nazario Moreno fue abatido.\" src=\"http:\/\/www.diarioimagen.net\/wp-content\/uploads\/2014\/03\/chayo_0PORTAL-240x135.jpg\" width=\"240\" height=\"135\" srcset=\"https:\/\/www.diarioimagen.net\/wp-content\/uploads\/2014\/03\/chayo_0PORTAL-240x135.jpg 240w, https:\/\/www.diarioimagen.net\/wp-content\/uploads\/2014\/03\/chayo_0PORTAL-420x236.jpg 420w, https:\/\/www.diarioimagen.net\/wp-content\/uploads\/2014\/03\/chayo_0PORTAL-235x132.jpg 235w, https:\/\/www.diarioimagen.net\/wp-content\/uploads\/2014\/03\/chayo_0PORTAL-202x114.jpg 202w, https:\/\/www.diarioimagen.net\/wp-content\/uploads\/2014\/03\/chayo_0PORTAL-350x196.jpg 350w, https:\/\/www.diarioimagen.net\/wp-content\/uploads\/2014\/03\/chayo_0PORTAL-220x123.jpg 220w, https:\/\/www.diarioimagen.net\/wp-content\/uploads\/2014\/03\/chayo_0PORTAL-237x132.jpg 237w, https:\/\/www.diarioimagen.net\/wp-content\/uploads\/2014\/03\/chayo_0PORTAL.jpg 480w\" sizes=\"auto, (max-width: 240px) 100vw, 240px\" \/><p id=\"caption-attachment-166006\" class=\"wp-caption-text\">Nazario Moreno finalmente fue identificado por los servicios periciales de la PGR; su cartilla militar fue cotejada con sus huellas digitales.<\/p><\/div>\n<p>El secretario ejecutivo del Sistema Nacional de Seguridad P\u00fablica, Alejandro Rubido Garc\u00eda, confirm\u00f3 que el hombre que falleci\u00f3 durante el enfrentamiento entre personal de la Secretar\u00eda de Marina y un grupo de delincuentes en Michoac\u00e1n, es Nazario Moreno Gonz\u00e1lez <i>El Chayo<\/i>.<\/p>\n<p>En conferencia de prensa, Rubido Garc\u00eda precis\u00f3 que luego recibir reportes de la ciudadan\u00eda, as\u00ed como de autoridades locales y denuncias an\u00f3nimas, se inici\u00f3 una averiguaci\u00f3n y se constat\u00f3 que <i>El Chayo<\/i> segu\u00eda vivo y continuaba cometiendo extorsi\u00f3n, secuestro y delitos contra la salud, entre otras actividades il\u00edcitas.<\/p>\n<p>El personaje era fundador y uno de los tres principales l\u00edderes de <i>La Familia Michoacana<\/i>, hoy <i>Los Caballeros Templarios<\/i>.<\/p>\n<p>La Procuradur\u00eda General de la Rep\u00fablica confirm\u00f3 la muerte de Nazario Moreno luego de comparar positivamente sus huellas dactilares con las registradas en su cartilla militar.<\/p>\n<p>Rubido Garc\u00eda, acompa\u00f1ado por el comisionado para la Seguridad y Desarrollo Integral de Michoac\u00e1n, Alfredo Castillo, explic\u00f3 que se dise\u00f1\u00f3 una estrategia para su captura, por lo que en las primeras horas de ayer, elementos de la Secretar\u00eda de Marina lo ubicaron a 13 kil\u00f3metros del municipio de Tumbiscat\u00edo.<\/p>\n<p>Al verse perseguido, \u00e9ste dispar\u00f3 contra las fuerzas federales, mismas que repelieron la agresi\u00f3n y Nazario Moreno fue abatido.<\/p>\n<p>En diciembre de 2010, durante la administraci\u00f3n de Felipe Calder\u00f3n, <i>El Chayo<\/i> hab\u00eda sido declarado muerto, pero su cad\u00e1ver no fue encontrado.<\/p>\n<p>Desde el inicio del operativo federal en Michoac\u00e1n se tuvo conocimiento de que no s\u00f3lo estaba vivo sino de que era responsable de diversos actos delictivos como secuestro, extorsi\u00f3n y narcotr\u00e1fico.<\/p>\n<p>El pasado 7 de febrero, durante un patrullaje, se asegur\u00f3 a una persona armada, quien manifest\u00f3 pertenecer al c\u00e1rtel de Nazario Moreno; posteriormente, el 7 de marzo se asegur\u00f3 un autom\u00f3vil presuntamente perteneciente a <i>El Chayo,<\/i> por lo que se logr\u00f3 dar con su ubicaci\u00f3n en Tierra Caliente.<\/p>\n","protected":false},"excerpt":{"rendered":"<p>El secretario ejecutivo del Sistema Nacional de Seguridad P\u00fablica, Alejandro Rubido Garc\u00eda, confirm\u00f3 que el hombre que falleci\u00f3 durante el enfrentamiento entre personal de la Secretar\u00eda de Marina y un grupo de delincuentes en Michoac\u00e1n, es Nazario Moreno Gonz\u00e1lez <i>El Chayo<\/i>.<\/p>\n","protected":false},"author":5,"featured_media":166006,"comment_status":"open","ping_status":"open","sticky":false,"template":"","format":"standard","meta":{"_monsterinsights_skip_tracking":false,"_monsterinsights_sitenote_active":false,"_monsterinsights_sitenote_note":"","_monsterinsights_sitenote_category":0,"footnotes":""},"categories":[17,3],"tags":[9978,1661,19111,43673,43677,4767],"class_list":["post-166005","post","type-post","status-publish","format-standard","has-post-thumbnail","hentry","category-especiales","category-nacional","tag-el-chayo","tag-la-familia-michoacana","tag-los-caballeros-templarios","tag-nacional","tag-seguridad","tag-sistema-nacional-de-seguridad-publica"],"_links":{"self":[{"href":"https:\/\/www.diarioimagen.net\/index.php?rest_route=\/wp\/v2\/posts\/166005","targetHints":{"allow":["GET"]}}],"collection":[{"href":"https:\/\/www.diarioimagen.net\/index.php?rest_route=\/wp\/v2\/posts"}],"about":[{"href":"https:\/\/www.diarioimagen.net\/index.php?rest_route=\/wp\/v2\/types\/post"}],"author":[{"embeddable":true,"href":"https:\/\/www.diarioimagen.net\/index.php?rest_route=\/wp\/v2\/users\/5"}],"replies":[{"embeddable":true,"href":"https:\/\/www.diarioimagen.net\/index.php?rest_route=%2Fwp%2Fv2%2Fcomments&post=166005"}],"version-history":[{"count":0,"href":"https:\/\/www.diarioimagen.net\/index.php?rest_route=\/wp\/v2\/posts\/166005\/revisions"}],"wp:featuredmedia":[{"embeddable":true,"href":"https:\/\/www.diarioimagen.net\/index.php?rest_route=\/wp\/v2\/media\/166006"}],"wp:attachment":[{"href":"https:\/\/www.diarioimagen.net\/index.php?rest_route=%2Fwp%2Fv2%2Fmedia&parent=166005"}],"wp:term":[{"taxonomy":"category","embeddable":true,"href":"https:\/\/www.diarioimagen.net\/index.php?rest_route=%2Fwp%2Fv2%2Fcategories&post=166005"},{"taxonomy":"post_tag","embeddable":true,"href":"https:\/\/www.diarioimagen.net\/index.php?rest_route=%2Fwp%2Fv2%2Ftags&post=166005"}],"curies":[{"name":"wp","href":"https:\/\/api.w.org\/{rel}","templated":true}]}}