{"id":166008,"date":"2014-03-09T23:59:59","date_gmt":"2014-03-10T05:59:59","guid":{"rendered":"http:\/\/www.diarioimagen.net\/?p=166008"},"modified":"2014-03-10T04:52:51","modified_gmt":"2014-03-10T10:52:51","slug":"el-lunario-sera-testigo-de-los-ritmos-sensuales-que-provoca-el-sax-de-leo-paryna","status":"publish","type":"post","link":"https:\/\/www.diarioimagen.net\/?p=166008","title":{"rendered":"El Lunario ser\u00e1 testigo de los ritmos sensuales que provoca el sax de Leo Paryna"},"content":{"rendered":"<ul>\n<li><i>\u00a0<strong>La noche del s\u00e1bado 15 de marzo ser\u00e1 inolvidable cuando el p\u00fablico se deje seducir con\u00a0 chill out, un poco de lounge y un toque de bossa nova<\/strong><\/i><\/li>\n<\/ul>\n<div id=\"attachment_166009\" style=\"width: 250px\" class=\"wp-caption alignleft\"><img loading=\"lazy\" decoding=\"async\" aria-describedby=\"caption-attachment-166009\" class=\"size-medium wp-image-166009\" alt=\"Los artistas invitados que tendr\u00e1 Leo Paryna en el Lunario son Tren a Marte y Mario Guti\u00e9rrez (guitarrista y creador de Los \u00c1ngeles Negros).\" src=\"http:\/\/www.diarioimagen.net\/wp-content\/uploads\/2014\/03\/leo-paryna-portal-240x135.jpg\" width=\"240\" height=\"135\" srcset=\"https:\/\/www.diarioimagen.net\/wp-content\/uploads\/2014\/03\/leo-paryna-portal-240x135.jpg 240w, https:\/\/www.diarioimagen.net\/wp-content\/uploads\/2014\/03\/leo-paryna-portal-420x236.jpg 420w, https:\/\/www.diarioimagen.net\/wp-content\/uploads\/2014\/03\/leo-paryna-portal-235x132.jpg 235w, https:\/\/www.diarioimagen.net\/wp-content\/uploads\/2014\/03\/leo-paryna-portal-202x114.jpg 202w, https:\/\/www.diarioimagen.net\/wp-content\/uploads\/2014\/03\/leo-paryna-portal-350x196.jpg 350w, https:\/\/www.diarioimagen.net\/wp-content\/uploads\/2014\/03\/leo-paryna-portal-220x123.jpg 220w, https:\/\/www.diarioimagen.net\/wp-content\/uploads\/2014\/03\/leo-paryna-portal-237x132.jpg 237w, https:\/\/www.diarioimagen.net\/wp-content\/uploads\/2014\/03\/leo-paryna-portal.jpg 480w\" sizes=\"auto, (max-width: 240px) 100vw, 240px\" \/><p id=\"caption-attachment-166009\" class=\"wp-caption-text\">Los artistas invitados que tendr\u00e1 Leo Paryna en el Lunario son Tren a Marte y Mario Guti\u00e9rrez (guitarrista y creador de Los \u00c1ngeles Negros).<\/p><\/div>\n<p>Este s\u00e1bado 15 de marzo, llega el saxofonista Leo Paryna al Lunario del Auditorio Nacional para presentar su disco <i>Todo Paryna<\/i>, el cual ha tenido gran \u00e9xito en ventas desde su lanzamiento.<\/p>\n<p>Esa noche, el Lunario ser\u00e1 testigo de los ritmos sensuales que provoca el sax de Leo Paryna, tales como: <i>chill out<\/i>, un poco de <i>lounge<\/i> y un toque de <i>bossa nova<\/i>; que dejar\u00e1n al p\u00fablico con un deleite de pasi\u00f3n y sensualidad.<\/p>\n<p>En este show, se podr\u00e1n escuchar temas in\u00e9ditos de su propia autor\u00eda tales como: <i>Sensitive Eyes<\/i> y <i>Bar In The Night<\/i> (con ritmos electr\u00f3nicos), as\u00ed como los temas <i>Da Haus Bit<\/i>, <i>Malaga Sax,<\/i> <i>Siempre Hoy, Bossax<\/i> y algunos cl\u00e1sicos de la m\u00fasica mexicana como: <i>Contigo aprend\u00ed<\/i> (Armando Manzanero), <i>B\u00e9same mucho<\/i> (Consuelo Vel\u00e1zquez), <i>Sabor a m\u00ed<\/i> (\u00c1lvaro Carrillo), <i>Solamente una vez<\/i> (Agustin Lara), <i>La Barca<\/i>, entre otros.<\/p>\n<p>Muchas sorpresas se pueden esperar de este gran saxofonista, que atraer\u00e1 a este maravilloso recinto con la m\u00fasica m\u00e1s sensual del momento.<\/p>\n<p>Los artistas invitados que tendr\u00e1 Leo Paryna en el Lunario son Tren a Marte y Mario Guti\u00e9rrez (guitarrista y creador de Los \u00c1ngeles Negros).<\/p>\n<p><i>Todo Paryna<\/i> es un \u00e1lbum que incluye grandes \u00e9xitos, as\u00ed como dos temas in\u00e9ditos de la autor\u00eda de Paryna, <i>Sensitive Eyes <\/i>y <i>Bar in the Night<\/i>. El \u00e1lbum contiene temas de ritmos electr\u00f3nicos como <i>Da Haus Bit, M\u00e1laga Sax, Siempre hoy<\/i> y <i>Bossax<\/i>, as\u00ed como temas de los grandes compositores mexicanos.<\/p>\n<p>Leo Paryna, artista argentino de nacimiento y nacionalizado mexicano, se apasion\u00f3 por la m\u00fasica desde muy peque\u00f1o. Descubri\u00f3 el saxof\u00f3n a los 9 a\u00f1os y desde entonces, ha sido su inseparable compa\u00f1ero. A los 13 a\u00f1os, Paryna empez\u00f3 a tocar en vivo, disfrutando del escenario y desenvolvi\u00e9ndose en \u00e9l con gran facilidad. Leo Paryna se ha destacado por su singular estilo de m\u00fasica <i>chillout-lounge<\/i>, que se combina con el <i>bossa- nova<\/i> y con algunos ritmos flamencos; todo esto, por supuesto acompa\u00f1ado de su saxof\u00f3n, lo cual le da un toque de sensualidad a cada uno de sus temas.<\/p>\n","protected":false},"excerpt":{"rendered":"<p>ste s\u00e1bado 15 de marzo, llega el saxofonista Leo Paryna al Lunario del Auditorio Nacional para presentar su disco Todo Paryna, el cual ha tenido gran \u00e9xito en ventas desde su lanzamiento.<\/p>\n","protected":false},"author":5,"featured_media":166009,"comment_status":"open","ping_status":"open","sticky":false,"template":"","format":"standard","meta":{"_monsterinsights_skip_tracking":false,"_monsterinsights_sitenote_active":false,"_monsterinsights_sitenote_note":"","_monsterinsights_sitenote_category":0,"footnotes":""},"categories":[17,12],"tags":[30970],"class_list":["post-166008","post","type-post","status-publish","format-standard","has-post-thumbnail","hentry","category-especiales","category-espectaculos","tag-el-lunario"],"_links":{"self":[{"href":"https:\/\/www.diarioimagen.net\/index.php?rest_route=\/wp\/v2\/posts\/166008","targetHints":{"allow":["GET"]}}],"collection":[{"href":"https:\/\/www.diarioimagen.net\/index.php?rest_route=\/wp\/v2\/posts"}],"about":[{"href":"https:\/\/www.diarioimagen.net\/index.php?rest_route=\/wp\/v2\/types\/post"}],"author":[{"embeddable":true,"href":"https:\/\/www.diarioimagen.net\/index.php?rest_route=\/wp\/v2\/users\/5"}],"replies":[{"embeddable":true,"href":"https:\/\/www.diarioimagen.net\/index.php?rest_route=%2Fwp%2Fv2%2Fcomments&post=166008"}],"version-history":[{"count":0,"href":"https:\/\/www.diarioimagen.net\/index.php?rest_route=\/wp\/v2\/posts\/166008\/revisions"}],"wp:featuredmedia":[{"embeddable":true,"href":"https:\/\/www.diarioimagen.net\/index.php?rest_route=\/wp\/v2\/media\/166009"}],"wp:attachment":[{"href":"https:\/\/www.diarioimagen.net\/index.php?rest_route=%2Fwp%2Fv2%2Fmedia&parent=166008"}],"wp:term":[{"taxonomy":"category","embeddable":true,"href":"https:\/\/www.diarioimagen.net\/index.php?rest_route=%2Fwp%2Fv2%2Fcategories&post=166008"},{"taxonomy":"post_tag","embeddable":true,"href":"https:\/\/www.diarioimagen.net\/index.php?rest_route=%2Fwp%2Fv2%2Ftags&post=166008"}],"curies":[{"name":"wp","href":"https:\/\/api.w.org\/{rel}","templated":true}]}}