{"id":166213,"date":"2014-03-11T00:06:21","date_gmt":"2014-03-11T06:06:21","guid":{"rendered":"http:\/\/www.diarioimagen.net\/?p=166213"},"modified":"2014-03-12T03:20:14","modified_gmt":"2014-03-12T09:20:14","slug":"eruviel-avila-anuncia-reforzamiento-de-vigilancia-en-oriente-del-edomex","status":"publish","type":"post","link":"https:\/\/www.diarioimagen.net\/?p=166213","title":{"rendered":"Eruviel \u00c1vila anuncia reforzamiento de vigilancia en Oriente del Edomex"},"content":{"rendered":"<ul>\n<li><strong><em>Reconoce al gobierno de la Rep\u00fablica por el trabajo coordinado que permiti\u00f3 abatir al l\u00edder de un grupo delictivo de Michoac\u00e1n<\/em><\/strong><\/li>\n<\/ul>\n<div id=\"attachment_166268\" style=\"width: 250px\" class=\"wp-caption alignleft\"><a href=\"http:\/\/www.diarioimagen.net\/wp-content\/uploads\/2014\/03\/eruviel-2310.jpg\"><img loading=\"lazy\" decoding=\"async\" aria-describedby=\"caption-attachment-166268\" class=\"size-medium wp-image-166268\" alt=\"El gobernador Eruviel Avila Villegas particip\u00f3 en la entrega de reconocimientos a alumnos de excelencia de la Universidad An\u00e1huac, donde destac\u00f3 la importancia de mantener la coordinaci\u00f3n entre los diferentes niveles de gobierno para tener buenos resultados en el combate a la inseguridad y al crimen organizado.\" src=\"http:\/\/www.diarioimagen.net\/wp-content\/uploads\/2014\/03\/eruviel-2310-240x135.jpg\" width=\"240\" height=\"135\" srcset=\"https:\/\/www.diarioimagen.net\/wp-content\/uploads\/2014\/03\/eruviel-2310-240x135.jpg 240w, https:\/\/www.diarioimagen.net\/wp-content\/uploads\/2014\/03\/eruviel-2310-420x236.jpg 420w, https:\/\/www.diarioimagen.net\/wp-content\/uploads\/2014\/03\/eruviel-2310-235x132.jpg 235w, https:\/\/www.diarioimagen.net\/wp-content\/uploads\/2014\/03\/eruviel-2310-202x114.jpg 202w, https:\/\/www.diarioimagen.net\/wp-content\/uploads\/2014\/03\/eruviel-2310-350x196.jpg 350w, https:\/\/www.diarioimagen.net\/wp-content\/uploads\/2014\/03\/eruviel-2310-220x123.jpg 220w, https:\/\/www.diarioimagen.net\/wp-content\/uploads\/2014\/03\/eruviel-2310-237x132.jpg 237w, https:\/\/www.diarioimagen.net\/wp-content\/uploads\/2014\/03\/eruviel-2310.jpg 480w\" sizes=\"auto, (max-width: 240px) 100vw, 240px\" \/><\/a><p id=\"caption-attachment-166268\" class=\"wp-caption-text\">El gobernador Eruviel Avila Villegas particip\u00f3 en la entrega de reconocimientos a alumnos de excelencia de la Universidad An\u00e1huac, donde destac\u00f3 la importancia de mantener la coordinaci\u00f3n entre los diferentes niveles de gobierno para tener buenos resultados en el combate a la inseguridad y al crimen organizado.<\/p><\/div>\n<p><strong>Huixquilucan, Estado de M\u00e9xico<\/strong>.- El gobernador Eruviel \u00c1vila Villegas anunci\u00f3 el reforzamiento de acciones de seguridad en el Oriente del Estado de M\u00e9xico, de manera especial en el municipio de La Paz, en donde se redoblar\u00e1 la presencia polic\u00edaca y se reubicar\u00e1n las Bases de Operaci\u00f3n Mixta (BOM), integradas por el Ej\u00e9rcito Mexicano, la Secretar\u00eda de Marina, as\u00ed como elementos de las polic\u00edas federal, estatal y municipal.<\/p>\n<p>Esto, al reconocer al gobierno de la Rep\u00fablica por el trabajo coordinado entre diversas autoridades, que llev\u00f3 al abatimiento de Nazario Moreno \u201cEl Chayo\u201d,\u00a0 integrante de un grupo delictivo que afectaba no s\u00f3lo al Estado de Michoac\u00e1n, sino a la entidad mexiquense y al centro del pa\u00eds.<\/p>\n<p>\u201cCelebramos esta acci\u00f3n por parte de las fuerzas armadas, porque se trata de una banda delictiva que afectaba no solamente a Michoac\u00e1n,\u00a0 sino tambi\u00e9n al Estado de M\u00e9xico y al centro del pa\u00eds. Por eso nuestro reconocimiento al gobierno federal, a la valent\u00eda de las fuerzas armadas, al trabajo de inteligencia y de coordinaci\u00f3n que se ha llevado a cabo. De hecho hoy quiero participarles que estamos redoblando esfuerzos por lo que refiere al Oriente del Estado de M\u00e9xico, especialmente el municipio de La Paz, en donde habremos de reubicar las Bases de Operaci\u00f3n Mixta, que se integran por el Ej\u00e9rcito Mexicano, por la Polic\u00eda Federal, por la Polic\u00eda Estatal; habremos de implementar un curso intensivo a elementos de la Polic\u00eda Municipal, especialmente de La Paz, estaremos reforzando con elementos de seguridad del estado, con 300 elementos para empezar en este municipio\u201d, expres\u00f3.<\/p>\n<p>Detall\u00f3 tambi\u00e9n que se ofrecer\u00e1 un curso intensivo a los polic\u00edas que integran la corporaci\u00f3n municipal e hizo un llamado a las autoridades municipales de toda la entidad, para acelerar el proceso de depuraci\u00f3n de sus cuerpos polic\u00edacos y, conforme lo marca la ley, los elementos que no sean confiables y que no han aprobado ex\u00e1menes de control de confianza, dejen de ser parte de estas corporaciones, ya que el tema de seguridad es un trabajo en equipo que requiere la colaboraci\u00f3n de todos los \u00f3rdenes de gobierno.<\/p>\n<p>As\u00ed lo inform\u00f3 al t\u00e9rmino de su participaci\u00f3n en la entrega de reconocimientos a alumnos de excelencia de la Universidad An\u00e1huac, en donde enfatiz\u00f3 la importancia de mantener la coordinaci\u00f3n entre los diferentes niveles de gobierno y redoblar esfuerzos para combatir a la delincuencia y se\u00f1al\u00f3 que en el Estado de M\u00e9xico, las autoridades de todos los niveles no bajar\u00e1n la guardia en esta materia.<\/p>\n<p>Como parte de la estrategia integral de seguridad, donde los 125 municipios mexiquenses son importantes, se\u00f1al\u00f3 que se focalizar\u00e1n los esfuerzos para reforzar la seguridad, por lo que acciones como la anunciada, se llevar\u00e1n a cabo en las zonas donde se requiera la implementaci\u00f3n de m\u00e1s labores por parte de las autoridades.<b><\/b><\/p>\n<p>&nbsp;<\/p>\n","protected":false},"excerpt":{"rendered":"<p>El gobernador Eruviel \u00c1vila Villegas anunci\u00f3 el reforzamiento de acciones de seguridad en el Oriente del Estado de M\u00e9xico, de manera especial en el municipio de La Paz, en donde se redoblar\u00e1 la presencia polic\u00edaca y se reubicar\u00e1n las Bases de Operaci\u00f3n Mixta (BOM), integradas por el Ej\u00e9rcito Mexicano, la Secretar\u00eda de Marina, as\u00ed como elementos de las polic\u00edas federal, estatal y municipal.<\/p>\n","protected":false},"author":3,"featured_media":166268,"comment_status":"open","ping_status":"open","sticky":false,"template":"","format":"standard","meta":{"_monsterinsights_skip_tracking":false,"_monsterinsights_sitenote_active":false,"_monsterinsights_sitenote_note":"","_monsterinsights_sitenote_category":0,"footnotes":""},"categories":[17,5],"tags":[3573,5828,43675,1097,2324,6499],"class_list":["post-166213","post","type-post","status-publish","format-standard","has-post-thumbnail","hentry","category-especiales","category-estado-de-mexico","tag-ejercito-mexicano","tag-eruviel-avila-villegas","tag-estado-de-mexico","tag-huixquilucan","tag-la-paz","tag-secretaria-de-marina"],"_links":{"self":[{"href":"https:\/\/www.diarioimagen.net\/index.php?rest_route=\/wp\/v2\/posts\/166213","targetHints":{"allow":["GET"]}}],"collection":[{"href":"https:\/\/www.diarioimagen.net\/index.php?rest_route=\/wp\/v2\/posts"}],"about":[{"href":"https:\/\/www.diarioimagen.net\/index.php?rest_route=\/wp\/v2\/types\/post"}],"author":[{"embeddable":true,"href":"https:\/\/www.diarioimagen.net\/index.php?rest_route=\/wp\/v2\/users\/3"}],"replies":[{"embeddable":true,"href":"https:\/\/www.diarioimagen.net\/index.php?rest_route=%2Fwp%2Fv2%2Fcomments&post=166213"}],"version-history":[{"count":0,"href":"https:\/\/www.diarioimagen.net\/index.php?rest_route=\/wp\/v2\/posts\/166213\/revisions"}],"wp:featuredmedia":[{"embeddable":true,"href":"https:\/\/www.diarioimagen.net\/index.php?rest_route=\/wp\/v2\/media\/166268"}],"wp:attachment":[{"href":"https:\/\/www.diarioimagen.net\/index.php?rest_route=%2Fwp%2Fv2%2Fmedia&parent=166213"}],"wp:term":[{"taxonomy":"category","embeddable":true,"href":"https:\/\/www.diarioimagen.net\/index.php?rest_route=%2Fwp%2Fv2%2Fcategories&post=166213"},{"taxonomy":"post_tag","embeddable":true,"href":"https:\/\/www.diarioimagen.net\/index.php?rest_route=%2Fwp%2Fv2%2Ftags&post=166213"}],"curies":[{"name":"wp","href":"https:\/\/api.w.org\/{rel}","templated":true}]}}