{"id":166215,"date":"2014-03-11T00:13:15","date_gmt":"2014-03-11T06:13:15","guid":{"rendered":"http:\/\/www.diarioimagen.net\/?p=166215"},"modified":"2014-03-11T04:38:28","modified_gmt":"2014-03-11T10:38:28","slug":"seguridad-el-compromiso-a-cumplir","status":"publish","type":"post","link":"https:\/\/www.diarioimagen.net\/?p=166215","title":{"rendered":"Seguridad, el compromiso a cumplir"},"content":{"rendered":"<h2>Arco Norte<\/h2>\n<h5>Jos\u00e9 Luis Monta\u00f1ez Aguilar<\/h5>\n<p><span><\/p>\n<div id=\"attachment_166270\" style=\"width: 250px\" class=\"wp-caption alignleft\"><a href=\"http:\/\/www.diarioimagen.net\/wp-content\/uploads\/2014\/03\/arco-2310.jpg\"><img loading=\"lazy\" decoding=\"async\" aria-describedby=\"caption-attachment-166270\" class=\"size-medium wp-image-166270\" alt=\"Eruviel \u00c1vila Villegas, gobernador mexiquense.\" src=\"http:\/\/www.diarioimagen.net\/wp-content\/uploads\/2014\/03\/arco-2310-240x135.jpg\" width=\"240\" height=\"135\" srcset=\"https:\/\/www.diarioimagen.net\/wp-content\/uploads\/2014\/03\/arco-2310-240x135.jpg 240w, https:\/\/www.diarioimagen.net\/wp-content\/uploads\/2014\/03\/arco-2310-420x236.jpg 420w, https:\/\/www.diarioimagen.net\/wp-content\/uploads\/2014\/03\/arco-2310-235x132.jpg 235w, https:\/\/www.diarioimagen.net\/wp-content\/uploads\/2014\/03\/arco-2310-202x114.jpg 202w, https:\/\/www.diarioimagen.net\/wp-content\/uploads\/2014\/03\/arco-2310-350x196.jpg 350w, https:\/\/www.diarioimagen.net\/wp-content\/uploads\/2014\/03\/arco-2310-220x123.jpg 220w, https:\/\/www.diarioimagen.net\/wp-content\/uploads\/2014\/03\/arco-2310-237x132.jpg 237w, https:\/\/www.diarioimagen.net\/wp-content\/uploads\/2014\/03\/arco-2310.jpg 480w\" sizes=\"auto, (max-width: 240px) 100vw, 240px\" \/><\/a><p id=\"caption-attachment-166270\" class=\"wp-caption-text\">Eruviel \u00c1vila Villegas, gobernador mexiquense.<\/p><\/div>\n<p>Al reconocer el trabajo del gobierno de la Rep\u00fablica por el trabajo coordinado que permiti\u00f3 el abatimiento de Nazario Moreno, l\u00edder del grupo delictivo \u201cLos Caballeros Templarios\u201d que con sus acciones afectaba a Michoac\u00e1n y al Estado de M\u00e9xico, Eruviel \u00c1vila Villegas anunci\u00f3 el reforzamiento de acciones de seguridad en el Oriente de la entidad, de manera especial en el municipio de La Paz, en donde se reubicar\u00e1 una de Base de Operaciones Mixta (BOM), integrada por elementos del Ej\u00e9rcito, Armada de M\u00e9xico y polic\u00edas federales, estatales y municipales. Sobre el abatimiento del l\u00edder templario, dijo: \u201cCelebramos esta acci\u00f3n por parte de las fuerzas armadas, porque se trata de una banda delictiva que afectaba no solamente a Michoac\u00e1n, sino tambi\u00e9n al Estado de M\u00e9xico y al centro del pa\u00eds. Por eso nuestro reconocimiento al gobierno federal, a la valent\u00eda de las fuerzas armadas, al trabajo de inteligencia y de coordinaci\u00f3n que se ha llevado a cabo. De hecho, hoy quiero participarles que estamos redoblando esfuerzos por lo que refiere al Oriente del Estado de M\u00e9xico, especialmente el municipio de La Paz, en donde habremos de reubicar las Bases de Operaci\u00f3n Mixta; habremos de implementar un curso intensivo a elementos de la Polic\u00eda Municipal, estaremos reforzando la seguridad con 300 elementos para empezar\u201d, expres\u00f3. Detall\u00f3 tambi\u00e9n que se ofrecer\u00e1 un curso intensivo a los polic\u00edas que integran la corporaci\u00f3n municipal e hizo un llamado a las autoridades municipales de toda la entidad, para acelerar el proceso de depuraci\u00f3n de sus cuerpos polic\u00edacos y, conforme lo marca la ley, los elementos que no sean confiables y que no han aprobado ex\u00e1menes de control de confianza, dejen de ser parte de estas corporaciones.<\/p>\n<p><em><\/em><em><a href=\"mailto:montanezaguilar@gmail.com\" target=\"_blank\">montanezaguilar@gmail.com<\/a><\/em><\/span><\/p>\n","protected":false},"excerpt":{"rendered":"<p><span style=\"color: #005497;\"><strong>Jos\u00e9 Luis Monta\u00f1ez Aguilar<\/strong><\/span><br \/>\n<br \/>\nAl reconocer el trabajo del gobierno de la Rep\u00fablica por el trabajo coordinado que permiti\u00f3 el abatimiento de Nazario Moreno, l\u00edder del grupo delictivo \u201cLos Caballeros Templarios\u201d que con sus acciones afectaba a Michoac\u00e1n y al Estado de M\u00e9xico, Eruviel \u00c1vila Villegas anunci\u00f3 el reforzamiento de acciones de seguridad en el Oriente de la entidad, de manera especial en el municipio de La Paz, en donde se reubicar\u00e1 una de Base de Operaciones Mixta (BOM), integrada por elementos del Ej\u00e9rcito, Armada de M\u00e9xico y polic\u00edas federales, estatales y municipales.<\/p>\n","protected":false},"author":3,"featured_media":166270,"comment_status":"open","ping_status":"open","sticky":false,"template":"","format":"standard","meta":{"_monsterinsights_skip_tracking":false,"_monsterinsights_sitenote_active":false,"_monsterinsights_sitenote_note":"","_monsterinsights_sitenote_category":0,"footnotes":""},"categories":[5],"tags":[13284,43704,19111,803,43674],"class_list":["post-166215","post","type-post","status-publish","format-standard","has-post-thumbnail","hentry","category-estado-de-mexico","tag-arco-norte","tag-jose-luis-montanez-aguilar","tag-los-caballeros-templarios","tag-michoacan","tag-opinion"],"_links":{"self":[{"href":"https:\/\/www.diarioimagen.net\/index.php?rest_route=\/wp\/v2\/posts\/166215","targetHints":{"allow":["GET"]}}],"collection":[{"href":"https:\/\/www.diarioimagen.net\/index.php?rest_route=\/wp\/v2\/posts"}],"about":[{"href":"https:\/\/www.diarioimagen.net\/index.php?rest_route=\/wp\/v2\/types\/post"}],"author":[{"embeddable":true,"href":"https:\/\/www.diarioimagen.net\/index.php?rest_route=\/wp\/v2\/users\/3"}],"replies":[{"embeddable":true,"href":"https:\/\/www.diarioimagen.net\/index.php?rest_route=%2Fwp%2Fv2%2Fcomments&post=166215"}],"version-history":[{"count":0,"href":"https:\/\/www.diarioimagen.net\/index.php?rest_route=\/wp\/v2\/posts\/166215\/revisions"}],"wp:featuredmedia":[{"embeddable":true,"href":"https:\/\/www.diarioimagen.net\/index.php?rest_route=\/wp\/v2\/media\/166270"}],"wp:attachment":[{"href":"https:\/\/www.diarioimagen.net\/index.php?rest_route=%2Fwp%2Fv2%2Fmedia&parent=166215"}],"wp:term":[{"taxonomy":"category","embeddable":true,"href":"https:\/\/www.diarioimagen.net\/index.php?rest_route=%2Fwp%2Fv2%2Fcategories&post=166215"},{"taxonomy":"post_tag","embeddable":true,"href":"https:\/\/www.diarioimagen.net\/index.php?rest_route=%2Fwp%2Fv2%2Ftags&post=166215"}],"curies":[{"name":"wp","href":"https:\/\/api.w.org\/{rel}","templated":true}]}}