{"id":166232,"date":"2014-03-11T00:04:54","date_gmt":"2014-03-11T06:04:54","guid":{"rendered":"http:\/\/www.diarioimagen.net\/?p=166232"},"modified":"2014-03-11T04:18:17","modified_gmt":"2014-03-11T10:18:17","slug":"cochinero-panista","status":"publish","type":"post","link":"https:\/\/www.diarioimagen.net\/?p=166232","title":{"rendered":"Cochinero panista"},"content":{"rendered":"<h2>Punto por punto<\/h2>\n<h5>Augusto Corro<\/h5>\n<p><span><br \/>\nEl Partido Acci\u00f3n Nacional (PAN) perdi\u00f3 su esencia ideol\u00f3gica y ahora es una organizaci\u00f3n pol\u00edtica sin trascendencia.<\/span><\/p>\n<p>Lo anterior se desprende de las declaraciones de uno de los ilustres panistas que renunci\u00f3 al partido.<\/p>\n<p>Nos referimos a Fernando Elizondo Barrag\u00e1n quien fue gobernador blanquiazul de Nuevo Le\u00f3n y miembro del gabinetazo en la administraci\u00f3n de Fox.<\/p>\n<p>En una carta enviada a Gustavo Madero, hace varios d\u00edas, el actual presidente panista, el neolon\u00e9s, sin pelos en la lengua, explica los motivos de su renuncia al partido blanquiazul.\u00a0 La salida de Elizondo se debi\u00f3 \u201cal alud de evidencias\u201d de pr\u00e1cticas que tradicionalmente el albiazul combat\u00eda, como la corrupci\u00f3n, la opacidad, el acarreo, la afiliaci\u00f3n masiva, la compra y coacci\u00f3n del voto interno y externo, el uso de recursos p\u00fablicos como bot\u00edn, la subordinaci\u00f3n del bien com\u00fan al beneficio personal o de grupo, la mentira y el cinismo como estrategias\u201d.<\/p>\n<p>La declaraci\u00f3n del ex gobernador puso el dedo en la llaga. Quienes se encargaron de dirigir al partido en los \u00faltimos a\u00f1os no tuvieron el inter\u00e9s de cuidar las formas y el PAN se empez\u00f3 a llenar de vicios que criticaba en otros partidos.<\/p>\n<p>As\u00ed, con la claridad de lo que ha sucedido en el partido blanquiazul ya se entiende porque el PAN perdi\u00f3 las elecciones presidenciales recientes.<\/p>\n<p>En otra parte del texto de su renuncia, Elizondo comenta que \u201cesa fe, que tuvo s\u00f3lido sustento en todo lo que el PAN logr\u00f3 en el pasado, hoy se ha agotado ante el alud de evidencias y experiencias que demuestran que el partido ha adoptado como propias muchas de las pr\u00e1cticas que siempre combati\u00f3\u201d.<\/p>\n<p>Mientras tanto en el PAN contin\u00faa la lucha por ganar la presidencia del partido. En el caso de Gustavo Madero se trata de la reelecci\u00f3n que tiene ya en la bolsa.<\/p>\n<p>Josefina V\u00e1zquez Mota, uno de sus adversarios importantes, opt\u00f3 por apoyarlo. Lo que se conoc\u00eda como el TUCOM, (Todos Unidos Contra Madero) perdi\u00f3 fuerza ante la actitud de la ex candidata presidencial de apoyar al actual dirigente.<\/p>\n<p>La oposici\u00f3n del senador Ernesto Cordero y del ex gobernador de Guanajuato, Juan Manuel Oliva no ser\u00e1 suficiente para evitar la continuaci\u00f3n de Madero en la presidencia panista. La recuperaci\u00f3n o refundaci\u00f3n del mencionado partido ser\u00e1 lenta y dif\u00edcil, luego de conocer la realidad en que se desenvuelve el partido, seg\u00fan las declaraciones de Elizondo.<\/p>\n<p>Los dos sexenios de administraci\u00f3n panista se encargaron de darle la puntilla al partido. Fox y Calder\u00f3n desaprovecharon la oportunidad de fortalecer a Acci\u00f3n Nacional.<\/p>\n<p>En el presente, Calder\u00f3n busca influir en el partido, pero m\u00e1s de un panista ya no quiere saber nada del michoacano que sumi\u00f3 a M\u00e9xico en una guerra fallida con m\u00e1s de ochenta mil muertos y desaparecidos.<\/p>\n<p align=\"center\"><b>EN EL PRD<\/b><\/p>\n<p>En el Partido de la Revoluci\u00f3n Democr\u00e1tica (PRD) la lucha por el poder se hace m\u00e1s r\u00edspida.<\/p>\n<p>El ex jefe de gobierno, Marcelo Ebrard Casaubon, no pierde la oportunidad de lanzar sus dardos contra \u201cLos Chuchos\u201d, que manejan al PRD.\u00a0 Antier, Ebrard advirti\u00f3 que de seguir \u201cLos Chuchos\u201d al frente del PRD este partido va directo al desastre electoral.<\/p>\n<p>Explic\u00f3 que de continuar la dirigencia perredista habr\u00eda una sangr\u00eda de votos \u201ctremenda\u201d, \u201cvamos a perder muchas posiciones como pas\u00f3 en 2013.\u00a0 Se perdi\u00f3 Quintana Roo; en Veracruz se perdi\u00f3 medio mill\u00f3n de votos; en Tlaxcala de haber sido el partido n\u00famero uno pasamos al tres, esas con las evidencias. Cuando los partidos pierden votos, deben cambiar\u201d. El PRD debe encabezar una \u201cverdadera oposici\u00f3n a fin de ser un contrapeso real del gobierno federal, consider\u00f3 Ebrard.<\/p>\n<p>As\u00ed pues, la lucha pol\u00edtica en el interior del partido amarillo se da sin tregua alguna, en tiempos pr\u00f3ximos a la elecci\u00f3n del nuevo presidente del PRD. La confrontaci\u00f3n continuar\u00e1, porque Ebrard ve en el PRD\u00a0 como una de sus plataformas para lanzar sus proyectos pol\u00edticos.<\/p>\n<p><em><a href=\"mailto:aco2742@hotmail.com\" target=\"_blank\">aco2742@hotmail.com<\/a><\/em><\/p>\n","protected":false},"excerpt":{"rendered":"<p><span style=\"color: #005497;\"><strong>Augusto Corro<\/strong><\/span><\/p>\n","protected":false},"author":3,"featured_media":0,"comment_status":"open","ping_status":"open","sticky":false,"template":"","format":"standard","meta":{"_monsterinsights_skip_tracking":false,"_monsterinsights_sitenote_active":false,"_monsterinsights_sitenote_note":"","_monsterinsights_sitenote_category":0,"footnotes":""},"categories":[157],"tags":[43686,43674,91,982,211,11515],"class_list":["post-166232","post","type-post","status-publish","format-standard","hentry","category-augusto-corro","tag-augusto-corro","tag-opinion","tag-pan","tag-partido-accion-nacional","tag-prd","tag-punto-por-punto"],"_links":{"self":[{"href":"https:\/\/www.diarioimagen.net\/index.php?rest_route=\/wp\/v2\/posts\/166232","targetHints":{"allow":["GET"]}}],"collection":[{"href":"https:\/\/www.diarioimagen.net\/index.php?rest_route=\/wp\/v2\/posts"}],"about":[{"href":"https:\/\/www.diarioimagen.net\/index.php?rest_route=\/wp\/v2\/types\/post"}],"author":[{"embeddable":true,"href":"https:\/\/www.diarioimagen.net\/index.php?rest_route=\/wp\/v2\/users\/3"}],"replies":[{"embeddable":true,"href":"https:\/\/www.diarioimagen.net\/index.php?rest_route=%2Fwp%2Fv2%2Fcomments&post=166232"}],"version-history":[{"count":0,"href":"https:\/\/www.diarioimagen.net\/index.php?rest_route=\/wp\/v2\/posts\/166232\/revisions"}],"wp:attachment":[{"href":"https:\/\/www.diarioimagen.net\/index.php?rest_route=%2Fwp%2Fv2%2Fmedia&parent=166232"}],"wp:term":[{"taxonomy":"category","embeddable":true,"href":"https:\/\/www.diarioimagen.net\/index.php?rest_route=%2Fwp%2Fv2%2Fcategories&post=166232"},{"taxonomy":"post_tag","embeddable":true,"href":"https:\/\/www.diarioimagen.net\/index.php?rest_route=%2Fwp%2Fv2%2Ftags&post=166232"}],"curies":[{"name":"wp","href":"https:\/\/api.w.org\/{rel}","templated":true}]}}