{"id":166250,"date":"2014-03-11T00:09:54","date_gmt":"2014-03-11T06:09:54","guid":{"rendered":"http:\/\/www.diarioimagen.net\/?p=166250"},"modified":"2014-03-11T04:15:21","modified_gmt":"2014-03-11T10:15:21","slug":"aumento-20-2-superavit-del-sector-automotriz-en-2013","status":"publish","type":"post","link":"https:\/\/www.diarioimagen.net\/?p=166250","title":{"rendered":"Aument\u00f3 20.2% super\u00e1vit del sector automotriz en 2013"},"content":{"rendered":"<ul>\n<li><strong><em>Lleg\u00f3 a 38,774 millones de d\u00f3lares<\/em><\/strong><\/li>\n<\/ul>\n<div id=\"attachment_166299\" style=\"width: 250px\" class=\"wp-caption alignleft\"><a href=\"http:\/\/www.diarioimagen.net\/wp-content\/uploads\/2014\/03\/SUPERAVIT-2310.jpg\"><img loading=\"lazy\" decoding=\"async\" aria-describedby=\"caption-attachment-166299\" class=\"size-medium wp-image-166299\" alt=\"El sector automotriz mexicano registr\u00f3 en 2013 un super\u00e1vit de 20.2 por ciento superior a lo registrado en 2012.\" src=\"http:\/\/www.diarioimagen.net\/wp-content\/uploads\/2014\/03\/SUPERAVIT-2310-240x135.jpg\" width=\"240\" height=\"135\" srcset=\"https:\/\/www.diarioimagen.net\/wp-content\/uploads\/2014\/03\/SUPERAVIT-2310-240x135.jpg 240w, https:\/\/www.diarioimagen.net\/wp-content\/uploads\/2014\/03\/SUPERAVIT-2310-420x236.jpg 420w, https:\/\/www.diarioimagen.net\/wp-content\/uploads\/2014\/03\/SUPERAVIT-2310-235x132.jpg 235w, https:\/\/www.diarioimagen.net\/wp-content\/uploads\/2014\/03\/SUPERAVIT-2310-202x114.jpg 202w, https:\/\/www.diarioimagen.net\/wp-content\/uploads\/2014\/03\/SUPERAVIT-2310-350x196.jpg 350w, https:\/\/www.diarioimagen.net\/wp-content\/uploads\/2014\/03\/SUPERAVIT-2310-220x123.jpg 220w, https:\/\/www.diarioimagen.net\/wp-content\/uploads\/2014\/03\/SUPERAVIT-2310-237x132.jpg 237w, https:\/\/www.diarioimagen.net\/wp-content\/uploads\/2014\/03\/SUPERAVIT-2310.jpg 480w\" sizes=\"auto, (max-width: 240px) 100vw, 240px\" \/><\/a><p id=\"caption-attachment-166299\" class=\"wp-caption-text\">El sector automotriz mexicano registr\u00f3 en 2013 un super\u00e1vit de 20.2 por ciento superior a lo registrado en 2012.<\/p><\/div>\n<p>En 2013, el saldo de la balanza comercial del sector automotriz logr\u00f3 un r\u00e9cord hist\u00f3rico al registrar un super\u00e1vit de 38 mil 774 millones de d\u00f3lares, lo que represent\u00f3 un aumento de 20.2 por ciento respecto al saldo de 2012, expuso la Asociaci\u00f3n Mexicana de la Industria Automotriz (AMIA).<\/p>\n<p>El presidente de la Asociaci\u00f3n, Eduardo Sol\u00eds, confirm\u00f3 que con dicha cifra el sector se consolid\u00f3 como el principal generador de divisas para el pa\u00eds, luego de que en los \u00faltimos 20 a\u00f1os el crecimiento fue superior al 620 por ciento.<\/p>\n<p>Destac\u00f3 que sin la participaci\u00f3n del sector automotriz en la balanza comercial, M\u00e9xico tendr\u00eda un d\u00e9ficit superior a los 39 mil millones de d\u00f3lares, en lugar de los mil 22 millones que report\u00f3 en 2013.<\/p>\n<p>De esta forma, el saldo de 2013 es el m\u00e1s elevado desde 1993, por arriba de 2012, cuando la balanza fue de 32 mil 244 millones de pesos.<\/p>\n<p>En 2013, las exportaciones del sector automotriz representaron 1.7 veces las exportaciones de petr\u00f3leo crudo, debido principalmente al crecimiento de 20.2 por ciento de la rama automotriz frente al descenso de las exportaciones de petr\u00f3leo crudo en 8.5 por ciento en ese a\u00f1o, comparado con el a\u00f1o previo.<\/p>\n<p>&nbsp;<\/p>\n","protected":false},"excerpt":{"rendered":"<p>En 2013, el saldo de la balanza comercial del sector automotriz logr\u00f3 un r\u00e9cord hist\u00f3rico al registrar un super\u00e1vit de 38 mil 774 millones de d\u00f3lares, lo que represent\u00f3 un aumento de 20.2 por ciento respecto al saldo de 2012, expuso la Asociaci\u00f3n Mexicana de la Industria Automotriz (AMIA).<\/p>\n","protected":false},"author":3,"featured_media":166299,"comment_status":"open","ping_status":"open","sticky":false,"template":"","format":"standard","meta":{"_monsterinsights_skip_tracking":false,"_monsterinsights_sitenote_active":false,"_monsterinsights_sitenote_note":"","_monsterinsights_sitenote_category":0,"footnotes":""},"categories":[3],"tags":[14922,27802,14496,43673,31103],"class_list":["post-166250","post","type-post","status-publish","format-standard","has-post-thumbnail","hentry","category-nacional","tag-amia","tag-asociacion-mexicana-de-la-industria-automotriz","tag-automotriz","tag-nacional","tag-superavit"],"_links":{"self":[{"href":"https:\/\/www.diarioimagen.net\/index.php?rest_route=\/wp\/v2\/posts\/166250","targetHints":{"allow":["GET"]}}],"collection":[{"href":"https:\/\/www.diarioimagen.net\/index.php?rest_route=\/wp\/v2\/posts"}],"about":[{"href":"https:\/\/www.diarioimagen.net\/index.php?rest_route=\/wp\/v2\/types\/post"}],"author":[{"embeddable":true,"href":"https:\/\/www.diarioimagen.net\/index.php?rest_route=\/wp\/v2\/users\/3"}],"replies":[{"embeddable":true,"href":"https:\/\/www.diarioimagen.net\/index.php?rest_route=%2Fwp%2Fv2%2Fcomments&post=166250"}],"version-history":[{"count":0,"href":"https:\/\/www.diarioimagen.net\/index.php?rest_route=\/wp\/v2\/posts\/166250\/revisions"}],"wp:featuredmedia":[{"embeddable":true,"href":"https:\/\/www.diarioimagen.net\/index.php?rest_route=\/wp\/v2\/media\/166299"}],"wp:attachment":[{"href":"https:\/\/www.diarioimagen.net\/index.php?rest_route=%2Fwp%2Fv2%2Fmedia&parent=166250"}],"wp:term":[{"taxonomy":"category","embeddable":true,"href":"https:\/\/www.diarioimagen.net\/index.php?rest_route=%2Fwp%2Fv2%2Fcategories&post=166250"},{"taxonomy":"post_tag","embeddable":true,"href":"https:\/\/www.diarioimagen.net\/index.php?rest_route=%2Fwp%2Fv2%2Ftags&post=166250"}],"curies":[{"name":"wp","href":"https:\/\/api.w.org\/{rel}","templated":true}]}}