{"id":166283,"date":"2014-03-11T00:04:54","date_gmt":"2014-03-11T06:04:54","guid":{"rendered":"http:\/\/www.diarioimagen.net\/?p=166283"},"modified":"2014-03-11T04:25:14","modified_gmt":"2014-03-11T10:25:14","slug":"hallan-tres-cadaveres-en-municipios-mexiquenses","status":"publish","type":"post","link":"https:\/\/www.diarioimagen.net\/?p=166283","title":{"rendered":"Hallan tres cad\u00e1veres en municipios mexiquenses"},"content":{"rendered":"<ul>\n<li><strong><em>Uno fue decapitado<\/em><\/strong><\/li>\n<\/ul>\n<div id=\"attachment_166317\" style=\"width: 250px\" class=\"wp-caption alignleft\"><a href=\"http:\/\/www.diarioimagen.net\/wp-content\/uploads\/2014\/03\/seguridad-2310.jpg\"><img loading=\"lazy\" decoding=\"async\" aria-describedby=\"caption-attachment-166317\" class=\"size-medium wp-image-166317\" alt=\"Este cad\u00e1ver envuelto en s\u00e1banas fue encontrado en Valle de Chalco, mientras otros dos cuerpos fueron hallados en Ixtapaluca y en Cuautitl\u00e1n Izcalli.\" src=\"http:\/\/www.diarioimagen.net\/wp-content\/uploads\/2014\/03\/seguridad-2310-240x135.jpg\" width=\"240\" height=\"135\" srcset=\"https:\/\/www.diarioimagen.net\/wp-content\/uploads\/2014\/03\/seguridad-2310-240x135.jpg 240w, https:\/\/www.diarioimagen.net\/wp-content\/uploads\/2014\/03\/seguridad-2310-420x236.jpg 420w, https:\/\/www.diarioimagen.net\/wp-content\/uploads\/2014\/03\/seguridad-2310-235x132.jpg 235w, https:\/\/www.diarioimagen.net\/wp-content\/uploads\/2014\/03\/seguridad-2310-202x114.jpg 202w, https:\/\/www.diarioimagen.net\/wp-content\/uploads\/2014\/03\/seguridad-2310-350x196.jpg 350w, https:\/\/www.diarioimagen.net\/wp-content\/uploads\/2014\/03\/seguridad-2310-220x123.jpg 220w, https:\/\/www.diarioimagen.net\/wp-content\/uploads\/2014\/03\/seguridad-2310-237x132.jpg 237w, https:\/\/www.diarioimagen.net\/wp-content\/uploads\/2014\/03\/seguridad-2310.jpg 480w\" sizes=\"auto, (max-width: 240px) 100vw, 240px\" \/><\/a><p id=\"caption-attachment-166317\" class=\"wp-caption-text\">Este cad\u00e1ver envuelto en s\u00e1banas fue encontrado en Valle de Chalco, mientras otros dos cuerpos fueron hallados en Ixtapaluca y en Cuautitl\u00e1n Izcalli.<\/p><\/div>\n<p>Mientras en los municipios de Ixtapaluca y Valle de Chalco fueron encontrados los cuerpos de dos personas asesinadas, una de ellas decapitada, en Cuautitl\u00e1n Izcalli fue ejecutado un joven de aproximadamente 25 a\u00f1os de edad.<\/p>\n<p>En Ixtapaluca, el cad\u00e1ver de un individuo sin cabeza fue localizado en la calle de Ceibas, casi esquina con Tachines, en la colonia Caser\u00edos, inform\u00f3 la Secretar\u00eda de Seguridad Ciudadana (SSC),<\/p>\n<p>La v\u00edctima vest\u00eda playera azul, pantal\u00f3n de mezclilla azul y s\u00f3lo ten\u00eda un zapato deportivo color azul en el pie derecho. Las manos estaban atadas hacia atr\u00e1s con cinta canela. Junto al cad\u00e1ver se encontraba una colchoneta donde al parecer estaba envuelto.<\/p>\n<p>Vecinos de la zona fueron quienes encontraron el cuerpo alrededor de las 5:00 horas, por lo que lo reportaron\u00a0 a las autoridades<\/p>\n<p>Al lugar acudieron elementos de la SSC, quienes constataron que el hombre estaba decapitado.<\/p>\n<p>A unos metros de distancia del cuerpo encontraron la cabeza y arriba de \u00e9sta hallaron una nota presuntamente elaborada por \u201cLa Familia Michoacana\u201d. Seg\u00fan el mensaje, la v\u00edctima era un supuesto extorsionador.<\/p>\n<p>Al sitio arrib\u00f3 el agente del Ministerio P\u00fablico, Ismael Gonz\u00e1lez Lara, junto con el perito en criminal\u00edstica, Albino Hern\u00e1ndez Arteaga, quien orden\u00f3 el levantamiento del cuerpo y la cabeza y su traslado al Servicio M\u00e9dico Forense (Semefo).<\/p>\n<p>&nbsp;<\/p>\n","protected":false},"excerpt":{"rendered":"<p>Mientras en los municipios de Ixtapaluca y Valle de Chalco fueron encontrados los cuerpos de dos personas asesinadas, una de ellas decapitada, en Cuautitl\u00e1n Izcalli fue ejecutado un joven de aproximadamente 25 a\u00f1os de edad.<\/p>\n","protected":false},"author":3,"featured_media":166317,"comment_status":"open","ping_status":"open","sticky":false,"template":"","format":"standard","meta":{"_monsterinsights_skip_tracking":false,"_monsterinsights_sitenote_active":false,"_monsterinsights_sitenote_note":"","_monsterinsights_sitenote_category":0,"footnotes":""},"categories":[7],"tags":[7768,26755,1676,20744,43677,968],"class_list":["post-166283","post","type-post","status-publish","format-standard","has-post-thumbnail","hentry","category-seguridad","tag-cadaveres","tag-decapitado","tag-matanza","tag-secretaria-de-seguridad-ciudadana","tag-seguridad","tag-valle-de-chalco"],"_links":{"self":[{"href":"https:\/\/www.diarioimagen.net\/index.php?rest_route=\/wp\/v2\/posts\/166283","targetHints":{"allow":["GET"]}}],"collection":[{"href":"https:\/\/www.diarioimagen.net\/index.php?rest_route=\/wp\/v2\/posts"}],"about":[{"href":"https:\/\/www.diarioimagen.net\/index.php?rest_route=\/wp\/v2\/types\/post"}],"author":[{"embeddable":true,"href":"https:\/\/www.diarioimagen.net\/index.php?rest_route=\/wp\/v2\/users\/3"}],"replies":[{"embeddable":true,"href":"https:\/\/www.diarioimagen.net\/index.php?rest_route=%2Fwp%2Fv2%2Fcomments&post=166283"}],"version-history":[{"count":0,"href":"https:\/\/www.diarioimagen.net\/index.php?rest_route=\/wp\/v2\/posts\/166283\/revisions"}],"wp:featuredmedia":[{"embeddable":true,"href":"https:\/\/www.diarioimagen.net\/index.php?rest_route=\/wp\/v2\/media\/166317"}],"wp:attachment":[{"href":"https:\/\/www.diarioimagen.net\/index.php?rest_route=%2Fwp%2Fv2%2Fmedia&parent=166283"}],"wp:term":[{"taxonomy":"category","embeddable":true,"href":"https:\/\/www.diarioimagen.net\/index.php?rest_route=%2Fwp%2Fv2%2Fcategories&post=166283"},{"taxonomy":"post_tag","embeddable":true,"href":"https:\/\/www.diarioimagen.net\/index.php?rest_route=%2Fwp%2Fv2%2Ftags&post=166283"}],"curies":[{"name":"wp","href":"https:\/\/api.w.org\/{rel}","templated":true}]}}