{"id":166356,"date":"2014-03-12T00:05:44","date_gmt":"2014-03-12T06:05:44","guid":{"rendered":"http:\/\/www.diarioimagen.net\/?p=166356"},"modified":"2014-03-13T02:52:30","modified_gmt":"2014-03-13T08:52:30","slug":"maestros-tomaron-congresos-de-chiapas-oaxaca-y-guerrero","status":"publish","type":"post","link":"https:\/\/www.diarioimagen.net\/?p=166356","title":{"rendered":"Maestros tomaron los congresos de Chiapas, Oaxaca y Guerrero"},"content":{"rendered":"<ul>\n<li><em><strong>Protestan para frenar la armonizaci\u00f3n de las leyes secundarias de la reforma educativa<\/strong><\/em><\/li>\n<\/ul>\n<div id=\"attachment_166357\" style=\"width: 250px\" class=\"wp-caption alignleft\"><img loading=\"lazy\" decoding=\"async\" aria-describedby=\"caption-attachment-166357\" class=\"size-medium wp-image-166357 \" alt=\"Tambi\u00e9n en Acapulco, Guerrero, unos 60 integrantes de la Coordinadora Estatal de Trabajadores de la Educaci\u00f3n en Guerrero (CETEG) arribaron al mediod\u00eda a la Galer\u00eda Dolores Olmedo, en el interior del Centro Internacional de Acapulco, donde estaba programada la sesi\u00f3n del congreso local para aprobar las leyes secundarias en armon\u00eda con la reforma educativa.\" src=\"http:\/\/www.diarioimagen.net\/wp-content\/uploads\/2014\/03\/MAESTROS-PORTAL-240x135.jpg\" width=\"240\" height=\"135\" srcset=\"https:\/\/www.diarioimagen.net\/wp-content\/uploads\/2014\/03\/MAESTROS-PORTAL-240x135.jpg 240w, https:\/\/www.diarioimagen.net\/wp-content\/uploads\/2014\/03\/MAESTROS-PORTAL-420x236.jpg 420w, https:\/\/www.diarioimagen.net\/wp-content\/uploads\/2014\/03\/MAESTROS-PORTAL-235x132.jpg 235w, https:\/\/www.diarioimagen.net\/wp-content\/uploads\/2014\/03\/MAESTROS-PORTAL-202x114.jpg 202w, https:\/\/www.diarioimagen.net\/wp-content\/uploads\/2014\/03\/MAESTROS-PORTAL-350x196.jpg 350w, https:\/\/www.diarioimagen.net\/wp-content\/uploads\/2014\/03\/MAESTROS-PORTAL-220x123.jpg 220w, https:\/\/www.diarioimagen.net\/wp-content\/uploads\/2014\/03\/MAESTROS-PORTAL-237x132.jpg 237w, https:\/\/www.diarioimagen.net\/wp-content\/uploads\/2014\/03\/MAESTROS-PORTAL.jpg 480w\" sizes=\"auto, (max-width: 240px) 100vw, 240px\" \/><p id=\"caption-attachment-166357\" class=\"wp-caption-text\">La Coordinadora Nacional de Trabajadores de la Educaci\u00f3n volvi\u00f3 a vandalizar los edificios de tres congresos estatales.<\/p><\/div>\n<p>Unos 3 mil maestros de las secciones 7 y 40 del Sindicato Nacional de Trabajadores de la Educaci\u00f3n iniciaron un paro de labores de 48 horas y tomaron el Congreso local con sede en Tuxtla Guti\u00e9rrez, en el que ocasionaron destrozos en la entrada principal, en protesta por la armonizaci\u00f3n de las leyes secundarias de la reforma educativa.<\/p>\n<p>Los mentores lanzaron huevos al edificio y luego tiraron a patadas la puerta de la entrada principal de la legislatura, la cual utilizaron, junto con algunos escritorios que estaban en el acceso, para romper los cristales que serv\u00edan de paredes en el interior.<\/p>\n<p>El secretario general suplente de la Secci\u00f3n 7, Manuel de Jes\u00fas Mendoza V\u00e1zquez declar\u00f3 que una de sus exigencias es que se instale una mesa de di\u00e1logo con los diputados para analizar las reformas que hicieron el domingo pasado, antes de que sean publicadas en el peri\u00f3dico oficial del estado.<\/p>\n<p>En Oaxaca, profesores de la secci\u00f3n 22 pertenecientes a la Coordinadora Nacional de los Trabajadores de la Educaci\u00f3n (CNTE) iniciaron desde ayer un cerco en el Congreso del estado, ubicado en el municipio de San Raymundo Jalpan, con la intenci\u00f3n de impedir la aprobaci\u00f3n de la ley estatal de educaci\u00f3n la cual deber\u00e1 ser armonizada con la ley federal a m\u00e1s tardar este 12 de marzo, inform\u00f3 el vocero de la gremial, Mohamed Otaqui Toledo.<\/p>\n<p>Tambi\u00e9n en Acapulco, Guerrero, unos 60 integrantes de la Coordinadora Estatal de Trabajadores de la Educaci\u00f3n en Guerrero (CETEG) arribaron al mediod\u00eda a la Galer\u00eda Dolores Olmedo, en el interior del Centro Internacional de Acapulco, donde estaba programada la sesi\u00f3n del Congreso local para aprobar las leyes secundarias en armon\u00eda con la reforma educativa.<\/p>\n<p>Los \u00fanicos diputados que hab\u00edan arribado al recinto tuvieron que salir corriendo, debido a las consignas en su contra del magisterio disidente y su marcha sobre el recinto al grito de: \u00a1esos son, esos son, los que roban a la naci\u00f3n; educaci\u00f3n primero a los diputados de Guerrero!\u201d. La sesi\u00f3n fue suspendida.<\/p>\n","protected":false},"excerpt":{"rendered":"<p>Unos 3 mil maestros de las secciones 7 y 40 del Sindicato Nacional de Trabajadores de la Educaci\u00f3n iniciaron un paro de labores de 48 horas y tomaron el Congreso local con sede en Tuxtla Guti\u00e9rrez, en el que ocasionaron destrozos en la entrada principal, en protesta por la armonizaci\u00f3n de las leyes secundarias de la reforma educativa.<\/p>\n","protected":false},"author":5,"featured_media":166357,"comment_status":"open","ping_status":"open","sticky":false,"template":"","format":"standard","meta":{"_monsterinsights_skip_tracking":false,"_monsterinsights_sitenote_active":false,"_monsterinsights_sitenote_note":"","_monsterinsights_sitenote_category":0,"footnotes":""},"categories":[17,3],"tags":[2269,406,3244,2574,43673,491,25687,2044],"class_list":["post-166356","post","type-post","status-publish","format-standard","has-post-thumbnail","hentry","category-especiales","category-nacional","tag-chiapas","tag-congreso","tag-guerrero","tag-maestros","tag-nacional","tag-oaxaca","tag-reforma-educativa","tag-snte"],"_links":{"self":[{"href":"https:\/\/www.diarioimagen.net\/index.php?rest_route=\/wp\/v2\/posts\/166356","targetHints":{"allow":["GET"]}}],"collection":[{"href":"https:\/\/www.diarioimagen.net\/index.php?rest_route=\/wp\/v2\/posts"}],"about":[{"href":"https:\/\/www.diarioimagen.net\/index.php?rest_route=\/wp\/v2\/types\/post"}],"author":[{"embeddable":true,"href":"https:\/\/www.diarioimagen.net\/index.php?rest_route=\/wp\/v2\/users\/5"}],"replies":[{"embeddable":true,"href":"https:\/\/www.diarioimagen.net\/index.php?rest_route=%2Fwp%2Fv2%2Fcomments&post=166356"}],"version-history":[{"count":0,"href":"https:\/\/www.diarioimagen.net\/index.php?rest_route=\/wp\/v2\/posts\/166356\/revisions"}],"wp:featuredmedia":[{"embeddable":true,"href":"https:\/\/www.diarioimagen.net\/index.php?rest_route=\/wp\/v2\/media\/166357"}],"wp:attachment":[{"href":"https:\/\/www.diarioimagen.net\/index.php?rest_route=%2Fwp%2Fv2%2Fmedia&parent=166356"}],"wp:term":[{"taxonomy":"category","embeddable":true,"href":"https:\/\/www.diarioimagen.net\/index.php?rest_route=%2Fwp%2Fv2%2Fcategories&post=166356"},{"taxonomy":"post_tag","embeddable":true,"href":"https:\/\/www.diarioimagen.net\/index.php?rest_route=%2Fwp%2Fv2%2Ftags&post=166356"}],"curies":[{"name":"wp","href":"https:\/\/api.w.org\/{rel}","templated":true}]}}